{"id":179018,"date":"2025-10-15T18:50:07","date_gmt":"2025-10-15T18:50:07","guid":{"rendered":"https:\/\/www.europesays.com\/es\/179018\/"},"modified":"2025-10-15T18:50:07","modified_gmt":"2025-10-15T18:50:07","slug":"alvaro-pazos-el-ferrolano-que-tiene-3-000-libros-y-los-vende-en-la-calle-porque-la-cultura-hay-que-aprovecharla","status":"publish","type":"post","link":"https:\/\/www.europesays.com\/es\/179018\/","title":{"rendered":"\u00c1lvaro Pazos, el ferrolano que\u00a0tiene 3.000 libros y los vende en la calle porque \u00abla cultura hay que aprovecharla\u00bb"},"content":{"rendered":"<p>\t\t\t \t\t \t\t\t\t\t\t\t\u00c1lvaro Pazos, este mi\u00e9rcoles por la ma\u00f1ana, en el banco donde vende sus libros cl\u00e1sicos, junto a la parada de bus del Madrid-Par\u00eds, en Ferrol. <strong class=\"pd-l\">JOSE PARDO  <\/strong><\/p>\n<p>\t\t\t\t\t\tEste jubilado de 67 a\u00f1os decidi\u00f3 darle salida los numerosos ejemplares de literatura cl\u00e1sica que acumula en\u00a0su casa<br \/>\n\t\t\t\t\t\t\t\t\t\t\t\t<strong>15 oct 2025<\/strong> . Actualizado a las 19:29 h.\t\t\t\t\t\t<\/p>\n<p class=\"first-paragraph txt\">\u00c1lvaro Pazos <strong>vende libros cl\u00e1sicos en la calle<\/strong>. En concreto, en uno de los bancos que hay junto a la parada del bus del Mercado de Recimil. Es la forma que ha encontrado para darle salida a los <strong>m\u00e1s 3.000 ejemplares que acumula en casa<\/strong>. \u00abLa cultura no hay que tirarla, hay que aprovecharla\u00bb, argumenta este ferrolano de 67 a\u00f1os. Detr\u00e1s de ese pensamiento, hay toda una vida de historias. Reales, las suyas, y ficticias, de la literatura que ha devorado y acumulado porque \u00abel saber no ocupa lugar\u00bb.<\/p>\n<p class=\"txt\">Pero los libros s\u00ed lo ocupan. Es la raz\u00f3n que llev\u00f3 a <strong>\u00c1lvaro Pazos<\/strong> a intentar dar salida a su biblioteca personal. \u00abColecciono desde muy joven. Empec\u00e9 a comprar libros con 16 a\u00f1os y ah\u00ed empez\u00f3 todo\u00bb, relata. Gast\u00f3 sus primeros sueldos en libros. Y todos los que siguieron: <strong>\u00abEl dinero que ganaba lo invert\u00ed en cultura\u00bb<\/strong>. Cuenta que un d\u00eda, cuando estaba a las puertas de la jubilaci\u00f3n, se dio cuenta de la cantidad de ejemplares con las que ten\u00eda forradas las paredes de su casa, donde tambi\u00e9n se pueden encontrar multitud de cuadros, porque le \u00abencanta la pintura\u00bb, y de pel\u00edculas en DVD, \u00abtambi\u00e9n cl\u00e1sicas, como las primeras de Sylvester Stallone\u00bb.<\/p>\n<p class=\"txt\">Con el objetivo de dar salida a tal colecci\u00f3n de obras cl\u00e1sicas, decidi\u00f3 apostarse en la <strong>parada del bus del Mercado de Recimil<\/strong> \u2014una de las m\u00e1s transitadas de Ferrol\u2014 y vender sus ejemplares de segunda mano. No se plante\u00f3 otra opci\u00f3n. \u00abLa cultura no se tira. <strong>La cultura alimenta<\/strong>. Si tiras la cultura, dejas de alimentar tu mente y tu sabidur\u00eda. \u00bfPor qu\u00e9? Porque <strong>leer entretiene, pero tambi\u00e9n ense\u00f1a<\/strong>. Aprendes cosas que nunca jam\u00e1s hab\u00edas pensado en que ibas a leer. Es una pena que la gente recurra al acto de tirarlos. Me da mucha pena ver libros en los contenedores. Para eso que los donen, a la biblioteca por ejemplo\u00bb, reflexiona.<\/p>\n<p class=\"txt\">Si \u00c1lvaro decidi\u00f3 vender sus libros en lugar de donarlos es porque le \u00abcostaron un dinero\u00bb. Al fin y al cabo, es el resultado de una vida de trabajo. Porque antes de jubilarse, trabaj\u00f3 en unos de los talleres de Navantia, fue delineante para un conocido arquitecto ferrolano, vendedor de enciclopedias en Alicante \u2014a donde se fue con 19 a\u00f1os\u2014, instalador de materiales de aislamiento en A Coru\u00f1a y un largo etc\u00e9tera de oficios que, adem\u00e1s de darle un sustento, le permitieron dedicar su dinero a la literatura que tanto ama.<\/p>\n<p class=\"txt\">Aunque tampoco aspira a hacerse rico, ya que los tiene a un precio de <strong>3 euros<\/strong>, que ajusta en caso de comprar varios. Por poner un ejemplo, este mi\u00e9rcoles por la ma\u00f1ana un hombre se llev\u00f3 dos novelas y dos libros de vaqueros por 5 euros. El tipo de literatura que se puede encontrar en el puesto de \u00c1lvaro Pazos son <strong>obras cl\u00e1sicas<\/strong>, \u00abpublicadas entre los 60 y los 80 principalmente\u00bb, explica. Cuenta con t\u00edtulos como Tom Sawyer de Mark Twain, El gatorpardo de Giuseppe Tomasi di Lampedusa, Entrevista con el vampiro de Anne Rice o algunos de los primeros escritos de Stephen King. Adem\u00e1s, cuenta con un amplio cat\u00e1logo de libros de vaqueros y algunos infantiles.<\/p>\n<p>\t\t\t \t\t \t\t\t\t\t\t\t\u00c1lvaro Pazos, este mi\u00e9rcoles por la ma\u00f1ana, en el banco donde vende sus libros cl\u00e1sicos, junto a la parada de bus del Madrid-Par\u00eds, en Ferrol. <strong class=\"pd-l\">JOSE PARDO  <\/strong><\/p>\n<p class=\"txt\">\u00c1lvaro acude a su puesto \u2014cuenta con autorizaci\u00f3n del Concello\u2014 bien temprano, a eso de las 8 de la ma\u00f1ana, con su maleta roja llena de libros. Al finalizar la jornada, sobre las 10 y media, vuelve a su casa en el barrio de Recimil, \u00aba unos 100 metros, por eso eleg\u00ed este sitio\u00bb, y repone el n\u00famero de ejemplares vendidos,\u00a0\u00abtres o cuatro normalmente, cinco o seis en un buen d\u00eda\u00bb. Pese a su extensa biblioteca, sabe qu\u00e9 libros elegir y tambi\u00e9n cu\u00e1les recomendar.<\/p>\n<p class=\"txt\">Con emoci\u00f3n en la mirada, recuerda una ocasi\u00f3n en la que <strong>recomend\u00f3 un libro a una joven<\/strong>. \u00abEra de filosof\u00eda, pero tocaba el tema mental. De esos que al leerlo te complaces y quedas aliviado. No me llega el d\u00eda siguiente y me dice: \u00ab\u00a1Ay, qu\u00e9 alegr\u00eda me acabas de dar! \u00a1Qu\u00e9 libro!\u00bb. <strong>Yo lloraba<\/strong>. Yo lloraba porque ya me dio una impresi\u00f3n&#8230; Dije, pues le he dado felicidad a esa mujer. Y entonces, al darle felicidad, me dio felicidad ella a m\u00ed. Me di cuenta que acababa de hacer una cosa maravillosa\u00bb.<\/p>\n<p class=\"ladillo\">Literatura y m\u00fasica en la sangre<\/p>\n<p class=\"txt\">\u00abLlevo la literatura y la m\u00fasica en la sangre\u00bb, confiesa. Y es que \u00c1lvaro Pazos viene de una <strong>familia de artistas<\/strong>. Su padre toc\u00f3 en orquestas como la Saratoga o la Clipper, su madre cant\u00f3 en la Coral Polif\u00f3nica y su t\u00edo fue uno de los integrantes del grupo ferrolano Los Zafiros. \u00abYo toco teclado y guitarra\u00bb, comenta. <strong>\u00abY tengo un librazo de composiciones\u00bb<\/strong>, a\u00f1ade este ferrolano, que guarda especial cari\u00f1o a uno sobra la muerte de Lady Di y otro sobre el incidente del Discoverer Enterprise.<\/p>\n<p class=\"txt\">\u00c1lvaro no duda en entonar ambas canciones antes de recoger sus libros y guardarlos de nuevo en su maleta roja. Ma\u00f1ana volver\u00e1 a su puesto, como hace\u00a0\u00abtodos los d\u00edas que el tiempo acompa\u00f1a\u00bb, para compartir cultura.<\/p>\n","protected":false},"excerpt":{"rendered":"\u00c1lvaro Pazos, este mi\u00e9rcoles por la ma\u00f1ana, en el banco donde vende sus libros cl\u00e1sicos, junto a la&hellip;\n","protected":false},"author":2,"featured_media":179019,"comment_status":"","ping_status":"","sticky":false,"template":"","format":"standard","meta":{"footnotes":""},"categories":[172],"tags":[224,146,147,25,24,225,23],"class_list":{"0":"post-179018","1":"post","2":"type-post","3":"status-publish","4":"format-standard","5":"has-post-thumbnail","7":"category-libros","8":"tag-books","9":"tag-entertainment","10":"tag-entretenimiento","11":"tag-es","12":"tag-espana","13":"tag-libros","14":"tag-spain"},"share_on_mastodon":{"url":"","error":""},"_links":{"self":[{"href":"https:\/\/www.europesays.com\/es\/wp-json\/wp\/v2\/posts\/179018","targetHints":{"allow":["GET"]}}],"collection":[{"href":"https:\/\/www.europesays.com\/es\/wp-json\/wp\/v2\/posts"}],"about":[{"href":"https:\/\/www.europesays.com\/es\/wp-json\/wp\/v2\/types\/post"}],"author":[{"embeddable":true,"href":"https:\/\/www.europesays.com\/es\/wp-json\/wp\/v2\/users\/2"}],"replies":[{"embeddable":true,"href":"https:\/\/www.europesays.com\/es\/wp-json\/wp\/v2\/comments?post=179018"}],"version-history":[{"count":0,"href":"https:\/\/www.europesays.com\/es\/wp-json\/wp\/v2\/posts\/179018\/revisions"}],"wp:featuredmedia":[{"embeddable":true,"href":"https:\/\/www.europesays.com\/es\/wp-json\/wp\/v2\/media\/179019"}],"wp:attachment":[{"href":"https:\/\/www.europesays.com\/es\/wp-json\/wp\/v2\/media?parent=179018"}],"wp:term":[{"taxonomy":"category","embeddable":true,"href":"https:\/\/www.europesays.com\/es\/wp-json\/wp\/v2\/categories?post=179018"},{"taxonomy":"post_tag","embeddable":true,"href":"https:\/\/www.europesays.com\/es\/wp-json\/wp\/v2\/tags?post=179018"}],"curies":[{"name":"wp","href":"https:\/\/api.w.org\/{rel}","templated":true}]}}