{"id":179029,"date":"2025-10-15T18:56:07","date_gmt":"2025-10-15T18:56:07","guid":{"rendered":"https:\/\/www.europesays.com\/es\/179029\/"},"modified":"2025-10-15T18:56:07","modified_gmt":"2025-10-15T18:56:07","slug":"cuando-la-inestabilidad-emocional-pasa-a-ser-un-trastorno-mental-y-se-cobra-carreras-como-la-de-morante","status":"publish","type":"post","link":"https:\/\/www.europesays.com\/es\/179029\/","title":{"rendered":"Cuando la inestabilidad emocional pasa a ser un trastorno mental&#8230; y se cobra carreras como la de Morante"},"content":{"rendered":"<p>Morante de La Puebla sorprendi\u00f3 el domingo a todos los aficionados presentes en la plaza de Las Ventas al cortarse la coleta y anunciar su  &#8230; retirada definitiva de los ruedos por un problema de salud mental que arrastra desde hace dos d\u00e9cadas. El torero sevillano anunci\u00f3 hace unos meses que padece un \u00abtrastorno disociativo\u00bb, agravado desde hace un par de a\u00f1os por un \u00abcuadro depresivo mayor\u00bb que empeor\u00f3 todav\u00eda m\u00e1s una enfermedad ya de por s\u00ed \u00abmuy compleja, muy triste y muy dolorosa\u00bb, seg\u00fan sus propias palabras. <\/p>\n<p class=\"v-p\">No es la primera vez que un trastorno de este tipo trunca o complica sobremanera la carrera de grandes figuras. La gimnasta estadounidense Simone Biles se vio obligada a renunciar a varias finales de los Juegos Ol\u00edmpicos de Tokio 2020 siendo la gran favorita tras padecer varios episodios de &#8216;twisties&#8217; en los entrenamientos, una falta de sincronizaci\u00f3n entre el cuerpo y la mente causada por la presi\u00f3n de la competici\u00f3n y que resulta especialmente peligrosa en actividades como la gimnasia.<\/p>\n<p class=\"v-p\">Pero la lista es mucho m\u00e1s larga. Kurt Cobain, Diana de Gales, Marilyn Monroe, Amy Winehouse, Jim Carrey, Ben Stiller o Angelina Jolie tambi\u00e9n han tenido que lidiar a lo largo de su carrera con problemas de salud mental y continuas crisis emocionales, causadas en estos \u00faltimos casos por otra de esas enfermedades que dificulta \u2013y mucho\u2013 la vida cotidiana de quien la padece: el trastorno l\u00edmite de la personalidad (TLP), una patolog\u00eda tan compleja como desconocida a pesar de ser mucho m\u00e1s com\u00fan de lo que pensamos. Seg\u00fan los c\u00e1lculos m\u00e1s conservadores, solo en nuestro pa\u00eds la sufren m\u00e1s de 600.000 personas, pero podr\u00edan superar el mill\u00f3n. Y no, no tiene nada que ver con un retraso madurativo ni con una discapacidad intelectual, aunque el t\u00e9rmino &#8216;l\u00edmite&#8217; a menudo lleve a confusi\u00f3n.<\/p>\n<p>P\u00e1nico al abandono<\/p>\n<p class=\"v-p\">\u00abAfecta no solo a la manera en que los pacientes se sienten consigo mismos sino tambi\u00e9n a su relaci\u00f3n con los dem\u00e1s. Y eso les causa much\u00edsimos problemas a todos los niveles. Se trata de un trastorno grave y muy complicado de abordar, que se caracteriza, entre otros rasgos, por una marcada inestabilidad emocional. Sienten todo de una manera muy intensa, sobre todo las emociones negativas. Se cabrean m\u00e1s, sufren m\u00e1s&#8230; Y en cuesti\u00f3n de horas pueden pasar de estar muy bien a muy mal. Su vida es como una monta\u00f1a rusa emocional, de ah\u00ed que muchas veces se confundan estos cambios bruscos del estado de \u00e1nimo con lo que popularmente se entiende como trastorno bipolar y que muchas veces lo que esconden es un TLP. La bipolaridad es otra cosa\u00bb, aclara la doctora Rosa Molina, psiquiatra del Hospital Cl\u00ednico San Carlos (Madrid). <\/p>\n<p class=\"v-p\">Tambi\u00e9n es habitual que las personas con este trastorno presenten comportamientos impulsivos que les pueden llevar a dejar el trabajo de un d\u00eda para otro, lanzar un plato en una discusi\u00f3n porque se sienten incapaces de gestionar la rabia o autolesionarse. Pero no solo eso. \u00abEs un tipo de personalidad con tendencia a verse envuelta en situaciones peligrosas como relaciones sexuales inseguras, abuso de drogas, atracones de comida, compras compulsivas o conducci\u00f3n temeraria, precisamente por esa falta de control emocional\u00bb, a\u00f1ade la autora de &#8216;Mis microtraumas&#8217; (Ed. Paid\u00f3s). <\/p>\n<p class=\"v-p\">Por ejemplo, un comentario en el trabajo que a cualquiera le puede sentar mal, pero que no va m\u00e1s all\u00e1 de un cabreo moment\u00e1neo, en una persona con TLP puede desencadenar una crisis emocional de tal calibre que la empuje a dejar el empleo de un d\u00eda para otro porque no soporta la rabia, la verg\u00fcenza y el miedo a no ser suficiente. <\/p>\n<p class=\"v-p\">Y esto nos lleva a otro de los rasgos de comportamiento que tambi\u00e9n suelen compartir las personas con trastorno l\u00edmite de la personalidad: el p\u00e1nico atroz a ser abandonadas. El simple hecho de que su pareja tarde en responder a un mensaje puede ser interpretado en su cabeza como un gesto de distanciamiento y esto le lleva a reaccionar de manera descontrolada y desesperada con llamadas insistentes, ataques de ira, ansiedad&#8230; y en los casos m\u00e1s graves con amenazas de muerte o autolesiones. De hecho, es frecuente que las personas con TLP sigan un patr\u00f3n de relaciones intensas e inestables. <\/p>\n<p>Tratamientos<\/p>\n<p class=\"v-p\">No solo les pasa con las parejas, tambi\u00e9n suelen tener dificultades para relacionarse con su entorno por sus continuos cambios de parecer. \u00abPor la ma\u00f1ana te puede poner en un pedestal y le pareces la mejor amiga del mundo y a la tarde te monta un &#8216;pollo&#8217; de cuidado porque no has dejado el trabajo para acompa\u00f1arla al m\u00e9dico, por ejemplo. Pasan del amor al odio a una velocidad abrumadora\u00bb, describe la doctora Molina. Tambi\u00e9n es habitual que esa desregularizaci\u00f3n emocional les lleve a tener pensamientos suicidas, por lo que es importante diagnosticar esta enfermedad lo antes posible.<\/p>\n<p class=\"v-p\">La buena noticia, asegura la especialista, es que se puede tratar. Aunque el TLP es un trastorno cr\u00f3nico \u2013suele debutar en la adolescencia y se diagnostica formalmente en la edad adulta\u2013, \u00abno es una sentencia\u00bb. El enfoque terap\u00e9utico de elecci\u00f3n es la psicoterapia, especialmente algunas modalidades dise\u00f1adas espec\u00edficamente para este trastorno, como la terapia dial\u00e9ctica conductual, la basada en la mentalizaci\u00f3n o la focalizada en la transferencia, todas enfocadas en mejorar la capacidad para gestionar las emociones negativas y las relaciones interpersonales.<\/p>\n<p class=\"v-p\">Otra opci\u00f3n son los psicof\u00e1rmacos, que no tratan el TLP como tal, pero s\u00ed los s\u00edntomas asociados, como pueden ser la depresi\u00f3n o la ansiedad que muchas veces lo acompa\u00f1an. En algunos casos, tambi\u00e9n se emplean antipsic\u00f3ticos at\u00edpicos para ayudar al autocontrol. De hecho, los especialistas en salud mental insisten en que con el paso de los a\u00f1os y el tratamiento, los s\u00edntomas del TLPsuelen mejorar notablemente. \u00abCon el tiempo, muchas personas aprenden a manejar mejor sus emociones e impulsos para poder llevar una vida adaptada y satisfactoria\u00bb, tranquiliza la doctora Rosa Molina.<\/p>\n","protected":false},"excerpt":{"rendered":"Morante de La Puebla sorprendi\u00f3 el domingo a todos los aficionados presentes en la plaza de Las Ventas&hellip;\n","protected":false},"author":2,"featured_media":179030,"comment_status":"","ping_status":"","sticky":false,"template":"","format":"standard","meta":{"footnotes":""},"categories":[91],"tags":[3818,1571,14627,146,147,25,24,31943,4214,780,3954,23,5892],"class_list":{"0":"post-179029","1":"post","2":"type-post","3":"status-publish","4":"format-standard","5":"has-post-thumbnail","7":"category-entretenimiento","8":"tag-carreras","9":"tag-cobra","10":"tag-emocional","11":"tag-entertainment","12":"tag-entretenimiento","13":"tag-es","14":"tag-espana","15":"tag-inestabilidad","16":"tag-mental","17":"tag-morante","18":"tag-pasa","19":"tag-spain","20":"tag-trastorno"},"share_on_mastodon":{"url":"","error":""},"_links":{"self":[{"href":"https:\/\/www.europesays.com\/es\/wp-json\/wp\/v2\/posts\/179029","targetHints":{"allow":["GET"]}}],"collection":[{"href":"https:\/\/www.europesays.com\/es\/wp-json\/wp\/v2\/posts"}],"about":[{"href":"https:\/\/www.europesays.com\/es\/wp-json\/wp\/v2\/types\/post"}],"author":[{"embeddable":true,"href":"https:\/\/www.europesays.com\/es\/wp-json\/wp\/v2\/users\/2"}],"replies":[{"embeddable":true,"href":"https:\/\/www.europesays.com\/es\/wp-json\/wp\/v2\/comments?post=179029"}],"version-history":[{"count":0,"href":"https:\/\/www.europesays.com\/es\/wp-json\/wp\/v2\/posts\/179029\/revisions"}],"wp:featuredmedia":[{"embeddable":true,"href":"https:\/\/www.europesays.com\/es\/wp-json\/wp\/v2\/media\/179030"}],"wp:attachment":[{"href":"https:\/\/www.europesays.com\/es\/wp-json\/wp\/v2\/media?parent=179029"}],"wp:term":[{"taxonomy":"category","embeddable":true,"href":"https:\/\/www.europesays.com\/es\/wp-json\/wp\/v2\/categories?post=179029"},{"taxonomy":"post_tag","embeddable":true,"href":"https:\/\/www.europesays.com\/es\/wp-json\/wp\/v2\/tags?post=179029"}],"curies":[{"name":"wp","href":"https:\/\/api.w.org\/{rel}","templated":true}]}}