{"id":179037,"date":"2025-10-15T19:00:07","date_gmt":"2025-10-15T19:00:07","guid":{"rendered":"https:\/\/www.europesays.com\/es\/179037\/"},"modified":"2025-10-15T19:00:07","modified_gmt":"2025-10-15T19:00:07","slug":"milagros-tolon-sera-llamada-como-compareciente-en-la-comision-del-congreso-de-los-diputados-sobre-la-dana","status":"publish","type":"post","link":"https:\/\/www.europesays.com\/es\/179037\/","title":{"rendered":"Milagros Tol\u00f3n ser\u00e1 llamada como compareciente en la comisi\u00f3n del Congreso de los Diputados sobre la dana"},"content":{"rendered":"<p style=\"\">El PSOE, Sumar y sus aliados parlamentarios -ERC, Junts, Bildu, PNV, Podemos y Comprom\u00eds- han acordado el plan sobre el que trabajar\u00e1 la <strong>comisi\u00f3n del Congreso encargada de investigar la gesti\u00f3n de la dana<\/strong> que caus\u00f3 229 v\u00edctimas mortales, principalmente en la provincia de  &#8230; Valencia, el 29 de octubre de 2025 y que contempla 126 solicitudes de documentaci\u00f3n y v\u00eddeos del d\u00eda de autos, y una lista de un total de 127 comparecencias que se encargar\u00e1 de cerrar el presidente del Gobierno, Pedro S\u00e1nchez.<\/p>\n<p class=\"voc-p\" style=\"\">Este mismo mi\u00e9rcoles la Mesa de la comisi\u00f3n que preside la socialista Carmen Mart\u00ednez Ram\u00edrez convocar\u00e1 para la pr\u00f3xima semana una reuni\u00f3n de la comisi\u00f3n que ser\u00e1 la que apruebe formalmente ese plan. Eso s\u00ed, las comparecencias no arrancar\u00e1n hasta noviembre, una vez que se celebre el funeral de Estado coincidiendo con el primer aniversario de la cat\u00e1strofe.<\/p>\n<p class=\"voc-p\" style=\"\">El plan de divide en tres fases, una primera analizar\u00e1 los aspectos relativos a la prevenci\u00f3n, la segunda se centrar\u00e1 en la gesti\u00f3n de la emergencia y la tercera, en la respuesta posterior y la atenci\u00f3n a las v\u00edctimas. En principio, la comisi\u00f3n contar\u00e1 con un a\u00f1o para analizar el asunto y redactar sus conclusiones, aunque este plazo podr\u00e1 ampliarse.<\/p>\n<p class=\"voc-p\" style=\"\">Las primeras en comparecer ser\u00e1n las v\u00edctimas -el listado incluye a un total de 13-s y justo despu\u00e9s ser\u00e1 el turno del presidente de la Generalitat, el &#8216;popular&#8217; Carlos Maz\u00f3n y de su exconsejera de Emergencias, Salom\u00e9 Planas. Tambi\u00e9n se prev\u00e9 citar a los jefes de Gabinete de ambos, a la periodista Maribel Vilaplana, con quien Maz\u00f3n comi\u00f3 el d\u00eda de la tragedia en el restaurante &#8216;El Ventorro&#8217;, <strong>y al presidente del PP, Alberto N\u00fa\u00f1ez Feij\u00f3o<\/strong>, que figura como el compareciente n\u00famero 19.<\/p>\n<p class=\"voc-p\" style=\"\">Entre los futuros comparecientes aparecen tambi\u00e9n el jefe de escoltas de Maz\u00f3n, y los dos que prestaron servicio aquel d\u00eda, el responsable de &#8216;El Ventorro&#8217;, distintos cargos de la Generalitat -incluidos Emilio Arg\u00fceso, secretario auton\u00f3mico de Seguridad y Emergencias y otros responsables de este \u00e1rea- y representantes de los Bomberos de la Diputaci\u00f3n de Valencia, de la Jefatura de Tr\u00e1fico de la provincia y de la Comisar\u00eda de Polic\u00eda adscrita a la Generalitat, entre otros.<\/p>\n<p class=\"voc-p\" style=\"\">En este bloque se planea tambi\u00e9n citar a la exvicepresidenta y exministra de Transici\u00f3n Ecol\u00f3gica y ahora comisaria europea, Teresa Ribera; a <strong>la delegada del Gobierno en la comunidad y dirigente del PSOE, Pilar Bernab\u00e9; y a su hom\u00f3loga en Castilla-La Mancha, Milagros Tol\u00f3n,<\/strong> la otra comunidad m\u00e1s afectada por la riada.<\/p>\n<p>\nVarios consellers y la alcaldesa de Valencia\n<\/p>\n<p class=\"voc-p\" style=\"\">Asimismo, la comisi\u00f3n interrogar\u00e1 a otros miembros del Gobierno de la Generalitat como su vicepresidenta Susana Camarero y los consellers de Medio Ambiente, Educaci\u00f3n, Agricultura y Emergencia y las extitulares de Justicia e Innovaci\u00f3n.<\/p>\n<p class=\"voc-p\" style=\"\">En esta primera fase se escuchar\u00e1 tambi\u00e9n a la alcaldesa de Valencia, la &#8216;popular&#8217; Mar\u00eda Jos\u00e9 Catal\u00e1, otros representantes institucionales de municipios afectados, de centros de servicios sociales, de asociaciones de vecinos, del movimiento Regularizaci\u00f3n Ya y de afectados de Alzheimer.<\/p>\n<p class=\"voc-p\" style=\"\">Entre los responsables de organismos dependientes del Gobierno Central se llamar\u00e1 tambi\u00e9n a la directora general de Protecci\u00f3n Civil, Virginia Barcones; la directora de la Guardia Civil, Mercedes Fern\u00e1ndez; el de la Polic\u00eda, Francisco Pardo; el Jefe de la Unidad Militar de Emergencias, Francisco Javier Marcos Izquierdo; el jefe de Climatolog\u00eda de la Aemet en la Comunidad Valenciana, Jos\u00e9 \u00c1ngel N\u00fa\u00f1ez, y el presidente de la Confederaci\u00f3n Hidrogr\u00e1fica del J\u00facar, Miguel Polo.<\/p>\n<p class=\"voc-p\" style=\"\">Adem\u00e1s del presidente de la patronal y los principales sindicatos valencianos y del vicerrector de la Universidad de Valencia se contempla recabar el testimonio de del exdirector general de la televisi\u00f3n auton\u00f3mica \u00c0 Punt Alfred Costa y del exjefe de Informativos Iv\u00e1n Esteve.<\/p>\n<p class=\"voc-p\" style=\"\">Se quiere citar tambi\u00e9n a <strong>dos gestores de llamadas del 112, a funcionarios que estuvieron aquella tarde en el Palau de la Generalitat<\/strong>, a los trabajadores tanto de Envidea Multimedia como de \u00c0 Punt que realizaron aquel d\u00eda grabaciones en el Cecopi y a todas las personas \u00abintegrantes y asistentes\u00bb de este centro desde el 29 de octubre hasta su disoluci\u00f3n.<\/p>\n<p>\nSiete ministros y Gan Pampols\n<\/p>\n<p class=\"voc-p\" style=\"\">Para la segunda fase se prev\u00e9n otros 13 comparecientes, entre los que, adem\u00e1s de S\u00e1nchez figuran las vicepresidentas segunda y tercera y los ministros de Agricultura, Transportes, Pol\u00edtica Territorial, Sanidad y Derechos Sociales. Tambi\u00e9n figuran en el listado los secretarios de Estado de Pol\u00edtica Territorial, Econom\u00eda e Industria, y la comisionada para la dana, Zulima P\u00e9rez i Segu\u00ed.<\/p>\n<p class=\"voc-p\" style=\"\">Para este bloque se prev\u00e9 tambi\u00e9n contar con el presidente de Tragsa, Jes\u00fas Casas, y otros dos directivos de la empresa p\u00fablica; representantes sindicales valencianos; los consellers de Medio Ambiente e Innovaci\u00f3n y el militar retirado Francisco Gan Pampols, a al que Maz\u00f3n nombr\u00f3 vicepresidente para la reconstrucci\u00f3n quien ha decidido dejar la pol\u00edtica. La lista la cierra S\u00e1nchez, que seg\u00fan el calendario, acudir\u00eda a la comisi\u00f3n justo despu\u00e9s de varios expertos en en ingenier\u00eda ambiental y geograf\u00eda, ya cerca del verano de 2026.<\/p>\n","protected":false},"excerpt":{"rendered":"El PSOE, Sumar y sus aliados parlamentarios -ERC, Junts, Bildu, PNV, Podemos y Comprom\u00eds- han acordado el plan&hellip;\n","protected":false},"author":2,"featured_media":179038,"comment_status":"","ping_status":"","sticky":false,"template":"","format":"standard","meta":{"footnotes":""},"categories":[8],"tags":[17,18,7553,51040,11866,1681,36749,25,24,13,14,11,19,20,6383,32766,9,10,15,16,57,23,12,51039,21,22],"class_list":{"0":"post-179037","1":"post","2":"type-post","3":"status-publish","4":"format-standard","5":"has-post-thumbnail","7":"category-espana","8":"tag-breaking-news","9":"tag-breakingnews","10":"tag-comision","11":"tag-compareciente","12":"tag-congreso","13":"tag-dana","14":"tag-diputados","15":"tag-es","16":"tag-espana","17":"tag-featured-news","18":"tag-featurednews","19":"tag-headlines","20":"tag-latest-news","21":"tag-latestnews","22":"tag-llamada","23":"tag-milagros","24":"tag-news","25":"tag-noticias","26":"tag-noticias-destacadas","27":"tag-noticiasdestacadas","28":"tag-sobre","29":"tag-spain","30":"tag-titulares","31":"tag-tolon","32":"tag-ultimas-noticias","33":"tag-ultimasnoticias"},"share_on_mastodon":{"url":"","error":""},"_links":{"self":[{"href":"https:\/\/www.europesays.com\/es\/wp-json\/wp\/v2\/posts\/179037","targetHints":{"allow":["GET"]}}],"collection":[{"href":"https:\/\/www.europesays.com\/es\/wp-json\/wp\/v2\/posts"}],"about":[{"href":"https:\/\/www.europesays.com\/es\/wp-json\/wp\/v2\/types\/post"}],"author":[{"embeddable":true,"href":"https:\/\/www.europesays.com\/es\/wp-json\/wp\/v2\/users\/2"}],"replies":[{"embeddable":true,"href":"https:\/\/www.europesays.com\/es\/wp-json\/wp\/v2\/comments?post=179037"}],"version-history":[{"count":0,"href":"https:\/\/www.europesays.com\/es\/wp-json\/wp\/v2\/posts\/179037\/revisions"}],"wp:featuredmedia":[{"embeddable":true,"href":"https:\/\/www.europesays.com\/es\/wp-json\/wp\/v2\/media\/179038"}],"wp:attachment":[{"href":"https:\/\/www.europesays.com\/es\/wp-json\/wp\/v2\/media?parent=179037"}],"wp:term":[{"taxonomy":"category","embeddable":true,"href":"https:\/\/www.europesays.com\/es\/wp-json\/wp\/v2\/categories?post=179037"},{"taxonomy":"post_tag","embeddable":true,"href":"https:\/\/www.europesays.com\/es\/wp-json\/wp\/v2\/tags?post=179037"}],"curies":[{"name":"wp","href":"https:\/\/api.w.org\/{rel}","templated":true}]}}