{"id":179052,"date":"2025-10-15T19:09:09","date_gmt":"2025-10-15T19:09:09","guid":{"rendered":"https:\/\/www.europesays.com\/es\/179052\/"},"modified":"2025-10-15T19:09:09","modified_gmt":"2025-10-15T19:09:09","slug":"partido-casademont-zaragoza-falco-szombathely-en-directo","status":"publish","type":"post","link":"https:\/\/www.europesays.com\/es\/179052\/","title":{"rendered":"Partido Casademont Zaragoza &#8211; Falco Szombathely, en directo"},"content":{"rendered":"<p class=\"paragraph\">El <a href=\"https:\/\/www.heraldo.es\/tags\/instituciones_empresas\/basket-zaragoza.html\" title=\"Casademont Zaragoza\" rel=\"nofollow noopener\" target=\"_blank\">Casademont Zaragoza<\/a> debuta esta noche en<b> su tercera participaci\u00f3n consecutiva en la Copa de Europa de FIBA <\/b>ante los h\u00fangaros del Falco Szombathely, en una competici\u00f3n en la que el equipo espa\u00f1ol parte con el objetivo de mejorar sus dos anteriores participaciones, en las que cayeron en cuartos de final.<\/p>\n<p class=\"paragraph\">Los zaragozanos disputan ante los magiares su tercer partido oficial de esta temporada, tras las dos primeras jornadas de la Liga Endesa, en las que superaron con claridad al Baskonia en la primera jornada <a href=\"https:\/\/www.heraldo.es\/noticias\/deportes\/baloncesto\/2025\/10\/12\/robinson-tira-el-partido-en-badalona-89-86-1861382.html\" title=\"Tomic amarga la comida del Pilar (89-86)\" rel=\"nofollow noopener\" target=\"_blank\">y perdieron con un ajustado marcador ante el Joventut Badalona.<\/a><\/p>\n<p class=\"paragraph\">Aunque todav\u00eda en rodaje, pero cada vez con una mayor compenetraci\u00f3n, para el equipo que entrena Jes\u00fas Ram\u00edrez<b> esta ser\u00e1 la primera semana con doble partido<\/b>, aunque en esta ocasi\u00f3n no debe realizar ning\u00fan desplazamiento, ya que ambos tienen lugar en su pista y con el apoyo de su afici\u00f3n, el <a href=\"https:\/\/www.heraldo.es\/tags\/lugares\/pabellon_principe_felipe.html\" title=\"Pabell\u00f3n Pr\u00edncipe Felipe\" rel=\"nofollow noopener\" target=\"_blank\">pabell\u00f3n Pr\u00edncipe Felipe<\/a>.<\/p>\n<p>    <a name=\"1862017\"\/><\/p>\n<p>Placeholder mam module<\/p>\n<p>Partido Casademont Zaragoza &#8211; Falco Szombathely, en directo<\/p>\n","protected":false},"excerpt":{"rendered":"El Casademont Zaragoza debuta esta noche en su tercera participaci\u00f3n consecutiva en la Copa de Europa de FIBA&hellip;\n","protected":false},"author":2,"featured_media":179053,"comment_status":"","ping_status":"","sticky":false,"template":"","format":"standard","meta":{"footnotes":""},"categories":[269],"tags":[299,298,2511,168,2125,25,24,1045,23,167,50684,491],"class_list":{"0":"post-179052","1":"post","2":"type-post","3":"status-publish","4":"format-standard","5":"has-post-thumbnail","7":"category-baloncesto","8":"tag-baloncesto","9":"tag-basketball","10":"tag-casademont","11":"tag-deportes","12":"tag-directo","13":"tag-es","14":"tag-espana","15":"tag-partido","16":"tag-spain","17":"tag-sports","18":"tag-szombathely","19":"tag-zaragoza"},"share_on_mastodon":{"url":"","error":""},"_links":{"self":[{"href":"https:\/\/www.europesays.com\/es\/wp-json\/wp\/v2\/posts\/179052","targetHints":{"allow":["GET"]}}],"collection":[{"href":"https:\/\/www.europesays.com\/es\/wp-json\/wp\/v2\/posts"}],"about":[{"href":"https:\/\/www.europesays.com\/es\/wp-json\/wp\/v2\/types\/post"}],"author":[{"embeddable":true,"href":"https:\/\/www.europesays.com\/es\/wp-json\/wp\/v2\/users\/2"}],"replies":[{"embeddable":true,"href":"https:\/\/www.europesays.com\/es\/wp-json\/wp\/v2\/comments?post=179052"}],"version-history":[{"count":0,"href":"https:\/\/www.europesays.com\/es\/wp-json\/wp\/v2\/posts\/179052\/revisions"}],"wp:featuredmedia":[{"embeddable":true,"href":"https:\/\/www.europesays.com\/es\/wp-json\/wp\/v2\/media\/179053"}],"wp:attachment":[{"href":"https:\/\/www.europesays.com\/es\/wp-json\/wp\/v2\/media?parent=179052"}],"wp:term":[{"taxonomy":"category","embeddable":true,"href":"https:\/\/www.europesays.com\/es\/wp-json\/wp\/v2\/categories?post=179052"},{"taxonomy":"post_tag","embeddable":true,"href":"https:\/\/www.europesays.com\/es\/wp-json\/wp\/v2\/tags?post=179052"}],"curies":[{"name":"wp","href":"https:\/\/api.w.org\/{rel}","templated":true}]}}