{"id":179081,"date":"2025-10-15T19:26:12","date_gmt":"2025-10-15T19:26:12","guid":{"rendered":"https:\/\/www.europesays.com\/es\/179081\/"},"modified":"2025-10-15T19:26:12","modified_gmt":"2025-10-15T19:26:12","slug":"y-al-tercer-dia-burladero-tv","status":"publish","type":"post","link":"https:\/\/www.europesays.com\/es\/179081\/","title":{"rendered":"Y al tercer d\u00eda&#8230; &#8211; Burladero TV"},"content":{"rendered":"<p style=\"text-align: justify;\">Os voy a confesar una cosa, cuando estuve el domingo en la plaza de toros de Madrid, viviendo un torrente de emociones, no llor\u00e9.<\/p>\n<p style=\"text-align: justify;\">Por la ma\u00f1ana vi el toreo, el toreo que me perd\u00ed por haber nacido en \u00ablos 2000\u00bb, dos trincheras de Curro V\u00e1zquez y tres derechazos de figura relajada y pecho ofrecido me dejaron af\u00f3nico, en pie y alucinando con lo que vi. Luego vi a un torero de casi ochenta a\u00f1os llamado Frascuelo jugarse la vida con un prenda y estar m\u00e1s digno que todo el escalaf\u00f3n entero y, cuando parec\u00eda que no pod\u00eda hacerme nada vivir lo de antes, vino el C\u00e9sar del toreo, cit\u00f3 de largo y los pelos se me pusieron como escarpias, de nuevo en pie, medio af\u00f3nico y como loco. Tres novillos y tres toreros retirados me hicieron acordarme de por qu\u00e9 me gustan los toros y de esa famosa frase de \u00abahora se torea mejor que nunca\u00bb. Mentira.<\/p>\n<p style=\"text-align: justify;\">Casi a las 15:00 me fui a comer, cerquita de la plaza, confieso que, sin hambre, con un dolor de cabeza horrible y la sensaci\u00f3n de que no me cab\u00edan m\u00e1s emociones en el cuerpo. Termin\u00e9 de comer y me fui al coche, en donde me dorm\u00ed media hora previo de irme a la plaza, era eso o irme con los cayetanos del gin tonic&#8230; Lo que me faltaba para m\u00ed dolor de cabeza.<\/p>\n<p>&#13;<br \/>\n&#13;<\/p>\n<p style=\"text-align: justify;\">Al entrar a la plaza me pas\u00f3 algo a lo que, como aficionado y cronista, no debo ni suelo hacer, iba predispuesto. Predispuesto por Morante y Roble\u00f1o, quer\u00eda verles triunfar a sobre manera. Y luego pas\u00f3 lo que todos sabemos, y, cuando Morante se quit\u00f3 la coleta, no llor\u00e9. Simplemente me qued\u00e9 en shock, ni siquiera sab\u00eda que escribir en la cr\u00f3nica o como titular, me pas\u00f3 por encima la tarde. En el quinto toro de Roble\u00f1o estaba ido, no sab\u00eda que ve\u00eda, sent\u00eda fr\u00edo, el dolor de cabeza ahora era dolor en el alma y, de nuevo, ni si quiera pude lagrimear la gran despedida del maestro madrile\u00f1o.<\/p>\n<p style=\"text-align: justify;\">Al d\u00eda siguiente me despert\u00e9 pensando que hab\u00eda sido una pesadilla, pero cuando me met\u00ed en las redes sociales vi que no. \u00bfDe verdad se ha ido? Todo el d\u00eda con resaca emocional, no fui yo, simplemente, estaba hu\u00e9rfano, pero, no llor\u00e9. Era una viuda que no lo hab\u00eda asumido.<\/p>\n<p style=\"text-align: justify;\">Al segundo d\u00eda so\u00f1\u00e9, so\u00f1\u00e9 con Curro V\u00e1zquez y dos trincheras, so\u00f1\u00e9 que me encontraba a Frascuelo de copas por su Madri&#8217; y so\u00f1\u00e9 que cant\u00e1bamos y re\u00edamos en una mesa larga que presid\u00eda Anto\u00f1ete, pero, ah\u00ed no estaba el genio, aun as\u00ed no llor\u00e9.<\/p>\n<p style=\"text-align: justify;\">Y al tercer d\u00eda, al tercer d\u00eda nadie resucit\u00f3, simplemente me romp\u00ed. Volv\u00ed a so\u00f1ar, ahora s\u00ed con el maestro, de blanco entero, sentado en un banquito del Retiro, con un puro, dos calos, suelta el humo y cuando desaparece la niebla intensa provocado por su habanero, ya no estaba. De nuevo hu\u00e9rfano, con mil cosas que decirle y un deseo, pero, en efecto, ya no estaba. Me despert\u00e9 y por primera vez lo asum\u00ed, llor\u00e9 y pens\u00e9, \u00abol\u00e9, maestro\u00bb.<\/p>\n<p style=\"text-align: justify;\">\u00a0&#13;<br \/>\n&#13;<br \/>\n\t\t\t&#13;<br \/>\n\t\t\t&#13;<br \/>\n\t\t\t&#13;\n\t\t\t<\/p>\n","protected":false},"excerpt":{"rendered":"Os voy a confesar una cosa, cuando estuve el domingo en la plaza de toros de Madrid, viviendo&hellip;\n","protected":false},"author":2,"featured_media":179082,"comment_status":"","ping_status":"","sticky":false,"template":"","format":"standard","meta":{"footnotes":""},"categories":[277],"tags":[373,168,25,24,23,167,374],"class_list":{"0":"post-179081","1":"post","2":"type-post","3":"status-publish","4":"format-standard","5":"has-post-thumbnail","7":"category-toreo","8":"tag-bullfighting","9":"tag-deportes","10":"tag-es","11":"tag-espana","12":"tag-spain","13":"tag-sports","14":"tag-toreo"},"share_on_mastodon":{"url":"","error":""},"_links":{"self":[{"href":"https:\/\/www.europesays.com\/es\/wp-json\/wp\/v2\/posts\/179081","targetHints":{"allow":["GET"]}}],"collection":[{"href":"https:\/\/www.europesays.com\/es\/wp-json\/wp\/v2\/posts"}],"about":[{"href":"https:\/\/www.europesays.com\/es\/wp-json\/wp\/v2\/types\/post"}],"author":[{"embeddable":true,"href":"https:\/\/www.europesays.com\/es\/wp-json\/wp\/v2\/users\/2"}],"replies":[{"embeddable":true,"href":"https:\/\/www.europesays.com\/es\/wp-json\/wp\/v2\/comments?post=179081"}],"version-history":[{"count":0,"href":"https:\/\/www.europesays.com\/es\/wp-json\/wp\/v2\/posts\/179081\/revisions"}],"wp:featuredmedia":[{"embeddable":true,"href":"https:\/\/www.europesays.com\/es\/wp-json\/wp\/v2\/media\/179082"}],"wp:attachment":[{"href":"https:\/\/www.europesays.com\/es\/wp-json\/wp\/v2\/media?parent=179081"}],"wp:term":[{"taxonomy":"category","embeddable":true,"href":"https:\/\/www.europesays.com\/es\/wp-json\/wp\/v2\/categories?post=179081"},{"taxonomy":"post_tag","embeddable":true,"href":"https:\/\/www.europesays.com\/es\/wp-json\/wp\/v2\/tags?post=179081"}],"curies":[{"name":"wp","href":"https:\/\/api.w.org\/{rel}","templated":true}]}}