{"id":179089,"date":"2025-10-15T19:31:16","date_gmt":"2025-10-15T19:31:16","guid":{"rendered":"https:\/\/www.europesays.com\/es\/179089\/"},"modified":"2025-10-15T19:31:16","modified_gmt":"2025-10-15T19:31:16","slug":"una-butaca-menos-para-franco-colapinto-en-la-formula-1-cuales-son-los-3-asientos-disponibles-que-tiene-para-2026","status":"publish","type":"post","link":"https:\/\/www.europesays.com\/es\/179089\/","title":{"rendered":"Una butaca menos para Franco Colapinto en la F\u00f3rmula 1: cu\u00e1les son los 3 asientos disponibles que tiene para 2026"},"content":{"rendered":"<p>El piloto argentino, actualmente en Alpine, a\u00fan no confirm\u00f3 su continuidad en la m\u00e1xima categor\u00eda del automovilismo durante el pr\u00f3ximo a\u00f1o. Las oportunidades disminuyen y crece el hermetismo sobre el pilarense. Conoc\u00e9 todas las novedades.<\/p>\n<p><a class=\"link\" href=\"https:\/\/www.canal26.com\/redactor\/cristian-daniel-avila\/\" target=\"_self\" rel=\"nofollow noopener\"><img src=\"https:\/\/www.europesays.com\/es\/wp-content\/uploads\/2025\/10\/https:\/\/author-service-images-prod-us-east-1.publishing.aws.arc.pub\/canal26\/cc06930e-cd27-4908-88ef-.jpeg\" alt=\"Cristian Daniel Avila\" class=\"global-image twoxl-1-1 xl-1-1 lg-1-1 md-1-1 sm-1-1 xsm-1-1\" decoding=\"async\"   fetchpriority=\"low\" loading=\"lazy\"\/><\/a><img src=\"https:\/\/www.europesays.com\/es\/wp-content\/uploads\/2025\/10\/G7WPTTR5LRBO5BKTKQE3ZZOAHA.jpg\" alt=\"Franco Colapinto en el GP de Singapur 2025 de la F\u00f3rmula 1.\" class=\"global-image twoxl-16-9 xl-16-9 lg-16-9 md-16-9 sm-16-9 xsm-16-9\" decoding=\"async\"   fetchpriority=\"high\" loading=\"eager\"\/>Franco Colapinto en el GP de Singapur 2025 de la F\u00f3rmula 1. Foto: X @AlpineF1Team <\/p>\n<p class=\"article-body__paragraph\">En la previa del <b>Gran Premio de Estados Unidos<\/b>, una esperada noticia sacudi\u00f3 al mundo de la <b>F\u00f3rmula 1<\/b>: la confirmaci\u00f3n de la renovaci\u00f3n de <b>George Russell<\/b> con <b>Mercedes<\/b>. El piloto brit\u00e1nico seguir\u00e1 vinculado a la escuder\u00eda alemana durante <b>2026<\/b> y ser\u00e1 compa\u00f1ero de <b>Kimi Antonelli<\/b>.<\/p>\n<p class=\"article-body__paragraph\">La renovaci\u00f3n de Russell hab\u00eda generado cierto hermetismo en el mundo de la F1, donde se hablaba de un cierto inter\u00e9s de <b>Toto Wolff<\/b>, director de Mercedes, por <b>Max Verstappen<\/b>, el neerland\u00e9s tetracampe\u00f3n con <b>Red Bull<\/b>, quien duda sobre su continuidad en la escuder\u00eda de la bebida energizante.<\/p>\n<p><img src=\"https:\/\/www.europesays.com\/es\/wp-content\/uploads\/2025\/10\/M6EJF5QU3RCMNO2NGSZSKDCBJA.jfif\" alt=\"George Russell y Kimi Antonelli correr\u00e1n con Mercedes en 2026.\" class=\"global-image twoxl-4-5 xl-4-5 lg-4-5 md-4-5 sm-4-5 xsm-4-5\" decoding=\"async\"   fetchpriority=\"low\" loading=\"lazy\"\/>George Russell y Kimi Antonelli ser\u00e1n los dos pilotos de Mercedes en 2026. Foto: X F1 <\/p>\n<p class=\"article-body__paragraph\">De esta manera, Mercedes <b>cerr\u00f3 la puerta<\/b> y le puso un <b>fin a los rumores<\/b> del mercado de pases definiendo a sus dos pilotos de la pr\u00f3xima temporada. No obstante, todav\u00eda restan definir algunas butacas para <b>2026<\/b>, como por ejemplo, la del compa\u00f1ero de Verstappen, ya que no seguir\u00e1 <b>Yuki Tsunoda<\/b>.<\/p>\n<p class=\"article-body__paragraph\">En contexto, hay que sumar los dos asientos de <b>Racing Bulls<\/b>, la segunda escuder\u00eda de Red Bull, y la segunda butaca de <b>Alpine<\/b> que, actualmente, ocupa <a href=\"https:\/\/www.canal26.com\/deportes\/2025\/10\/13\/franco-colapinto-vuelve-a-correr-en-la-formula-1-dias-y-horarios-del-gran-premio-de-estados-unidos\/\" target=\"_blank\" rel=\"nofollow noopener\" title=\"https:\/\/www.canal26.com\/deportes\/2025\/10\/13\/franco-colapinto-vuelve-a-correr-en-la-formula-1-dias-y-horarios-del-gran-premio-de-estados-unidos\/\"><b>Franco Colapinto<\/b><\/a>, compa\u00f1ero de <b>Pierre Gasly<\/b>, quien recientemente renov\u00f3 su contrato con la escuder\u00eda francesa hasta <b>2028<\/b>.<\/p>\n<p>Tambi\u00e9n podr\u00eda interesarte<img src=\"https:\/\/www.europesays.com\/es\/wp-content\/uploads\/2025\/10\/TPKJDUOWQFC7PCBPLKWPY6RYDA.JPG\" alt=\"\" class=\"global-image twoxl-5-3 xl-5-3 lg-5-3 md-5-3 sm-5-3 xsm-5-3\" decoding=\"async\"   fetchpriority=\"low\" loading=\"lazy\"\/>Franco Colapinto en el Gran Premio de Singapur de la F\u00f3rmula 1. Foto: Reuters (Jeremy Lee) <\/p>\n<p class=\"article-body__paragraph\">Las escuder\u00edas restantes ya tienen definidos a sus dos pilotos para 2026: <b>Lando Norris<\/b> y <b>Oscar Piastri<\/b> (<a href=\"https:\/\/www.canal26.com\/deportes\/2025\/10\/05\/el-renacer-de-mclaren-en-la-formula-1-bicampeon-de-constructores-y-papaya-rules-entre-oscar-piastri-y-lando-norris\/\" target=\"_blank\" rel=\"nofollow noopener\" title=\"https:\/\/www.canal26.com\/deportes\/2025\/10\/05\/el-renacer-de-mclaren-en-la-formula-1-bicampeon-de-constructores-y-papaya-rules-entre-oscar-piastri-y-lando-norris\/\">McLaren<\/a>); <b>Charles Leclerc<\/b> y <b>Lewis Hamilton<\/b> (Ferrari); <b>Fernando Alonso<\/b> y <b>Lance Stroll<\/b> (Aston Martin); <b>Alexander Albon<\/b> y <b>Carlos Sainz<\/b> (Williams); <b>Esteban Ocon<\/b> y <b>Oliver Bearman<\/b> (Haas).<\/p>\n<p class=\"article-body__paragraph\">La escuder\u00eda conocida como <b>Kick Sauber<\/b>, que se fusionar\u00e1 con <b>Audi<\/b> en 2026, tambi\u00e9n tiene confirmado a sus pilotos: <b>Nico H\u00fclkenberg<\/b> y <b>Gabriel Bortoleto<\/b>. Por otro lado, <b>Cadillac<\/b>, que se sumar\u00e1 a la F1 el a\u00f1o entrante, ya confirm\u00f3 a su dupla: los experimentados <b>Valtteri Bottas<\/b> y <b>Sergio \u2018Checo\u2019 P\u00e9rez<\/b>.<\/p>\n<p>\u00bfCu\u00e1ndo vuelve a correr Franco Colapinto en la F\u00f3rmula 1?El cronograma del Gran Premio de Estados UnidosViernes 17 de octubre<\/p>\n<ul class=\"article-body__list-ul\">\n<li class=\"article-body__list-item\"><b>Pr\u00e1cticas Libres 1<\/b>: 14:30 a 15:30<\/li>\n<li class=\"article-body__list-item\"><b>Clasificaci\u00f3n Sprint<\/b>: 18:30 a 19:15<\/li>\n<\/ul>\n<p>S\u00e1bado 18 de octubre<\/p>\n<ul class=\"article-body__list-ul\">\n<li class=\"article-body__list-item\"><b>Sprint<\/b>: 14:00 a 14:30<\/li>\n<li class=\"article-body__list-item\"><b>Clasificaci\u00f3n<\/b>: 18:00 a 19:00<\/li>\n<\/ul>\n<p>Domingo 19 de octubre<\/p>\n<p class=\"article-body__paragraph\">En Argentina, la carrera se podr\u00e1 ver en vivo a las 16:00 con transmisi\u00f3n por ESPN, Star+ y F1 TV Pro. En cable convencional, podr\u00e1 seguirse a trav\u00e9s de Fox Sports, y en streaming por Disney+.<\/p>\n<p>Las cinco carreras restantes de la F\u00f3rmula 1<img src=\"https:\/\/www.europesays.com\/es\/wp-content\/uploads\/2025\/10\/7HQ3S4NA3RGULESSGSJ5TWBMGE.jpg\" alt=\"Franco Colapinto en el Gran Premio de M\u00e9xico. Foto: X @WilliamsRacing.\" class=\"global-image twoxl-320-213 xl-320-213 lg-320-213 md-320-213 sm-320-213 xsm-320-213\" decoding=\"async\"   fetchpriority=\"low\" loading=\"lazy\"\/>Franco Colapinto en el Gran Premio de M\u00e9xico. Foto: X @WilliamsRacing <\/p>\n<ul class=\"article-body__list-ul\">\n<li class=\"article-body__list-item\">Gran Premio de M\u00e9xico &#8211; 26 de octubre<\/li>\n<li class=\"article-body__list-item\">Gran Premio de Brasil &#8211; 9 de noviembre<\/li>\n<li class=\"article-body__list-item\">Gran Premio de Las Vegas &#8211; 22 de noviembre<\/li>\n<li class=\"article-body__list-item\">Gran Premio de Catar &#8211; 30 de noviembre<\/li>\n<li class=\"article-body__list-item\">Gran Premio de Abu Dhabi &#8211; 7 de diciembre<\/li>\n<\/ul>\n<p>F\u00f3rmula 1: el campeonato de pilotos 2025<\/p>\n<ol class=\"article-body__list-ol\">\n<li class=\"article-body__list-item\"><b>Oscar Piastri (McLaren) \u2013 336 puntos<\/b><\/li>\n<li class=\"article-body__list-item\">Lando Norris (McLaren) \u2013 314 puntos<\/li>\n<li class=\"article-body__list-item\">Max Verstappen (Red Bull) \u2013 273 puntos<\/li>\n<li class=\"article-body__list-item\">George Russell (Mercedes) \u2013 237 puntos<\/li>\n<li class=\"article-body__list-item\">Charles Leclerc (Ferrari) \u2013 173 puntos<\/li>\n<li class=\"article-body__list-item\">Lewis Hamilton (Ferrari) \u2013 125 puntos<\/li>\n<li class=\"article-body__list-item\">Kimi Antonelli (Mercedes) \u2013 88 puntos<\/li>\n<li class=\"article-body__list-item\">Alexander Albon (Williams) \u2013 70 puntos<\/li>\n<li class=\"article-body__list-item\">Isack Hadjar (Racing Bulls) \u2013 39 puntos<\/li>\n<li class=\"article-body__list-item\">Nico H\u00fclkenberg (Kick Sauber) \u2013 37 puntos<\/li>\n<\/ol>\n<p>F\u00f3rmula 1: el campeonato de constructores 2025<\/p>\n<ul class=\"article-body__list-ul\">\n<li class=\"article-body__list-item\"><b>McLaren \u2013 650 puntos (campe\u00f3n)<\/b><\/li>\n<li class=\"article-body__list-item\">Mercedes \u2013 325 puntos<\/li>\n<li class=\"article-body__list-item\">Ferrari \u2013 298 puntos<\/li>\n<li class=\"article-body__list-item\">Red Bull \u2013 290 puntos<\/li>\n<li class=\"article-body__list-item\">Williams \u2013 102 puntos<\/li>\n<li class=\"article-body__list-item\">Racing Bulls \u2013 72 puntos<\/li>\n<li class=\"article-body__list-item\">Aston Martin \u2013 68 puntos<\/li>\n<li class=\"article-body__list-item\">Kick Sauber \u2013 55 puntos<\/li>\n<li class=\"article-body__list-item\">Haas F1 Team \u2013 46 puntos<\/li>\n<li class=\"article-body__list-item\">Alpine \u2013 20 puntos<\/li>\n<\/ul>\n","protected":false},"excerpt":{"rendered":"El piloto argentino, actualmente en Alpine, a\u00fan no confirm\u00f3 su continuidad en la m\u00e1xima categor\u00eda del automovilismo durante&hellip;\n","protected":false},"author":2,"featured_media":179090,"comment_status":"","ping_status":"","sticky":false,"template":"","format":"standard","meta":{"footnotes":""},"categories":[270],"tags":[1331,1763,168,25,24,306,271,272,1723,465,9078,23,167],"class_list":{"0":"post-179089","1":"post","2":"type-post","3":"status-publish","4":"format-standard","5":"has-post-thumbnail","7":"category-formula-1","8":"tag-alpine","9":"tag-automovilismo","10":"tag-deportes","11":"tag-es","12":"tag-espana","13":"tag-f1","14":"tag-formula-1","15":"tag-formula1","16":"tag-franco-colapinto","17":"tag-george-russell","18":"tag-kimi-antonelli","19":"tag-spain","20":"tag-sports"},"share_on_mastodon":{"url":"","error":""},"_links":{"self":[{"href":"https:\/\/www.europesays.com\/es\/wp-json\/wp\/v2\/posts\/179089","targetHints":{"allow":["GET"]}}],"collection":[{"href":"https:\/\/www.europesays.com\/es\/wp-json\/wp\/v2\/posts"}],"about":[{"href":"https:\/\/www.europesays.com\/es\/wp-json\/wp\/v2\/types\/post"}],"author":[{"embeddable":true,"href":"https:\/\/www.europesays.com\/es\/wp-json\/wp\/v2\/users\/2"}],"replies":[{"embeddable":true,"href":"https:\/\/www.europesays.com\/es\/wp-json\/wp\/v2\/comments?post=179089"}],"version-history":[{"count":0,"href":"https:\/\/www.europesays.com\/es\/wp-json\/wp\/v2\/posts\/179089\/revisions"}],"wp:featuredmedia":[{"embeddable":true,"href":"https:\/\/www.europesays.com\/es\/wp-json\/wp\/v2\/media\/179090"}],"wp:attachment":[{"href":"https:\/\/www.europesays.com\/es\/wp-json\/wp\/v2\/media?parent=179089"}],"wp:term":[{"taxonomy":"category","embeddable":true,"href":"https:\/\/www.europesays.com\/es\/wp-json\/wp\/v2\/categories?post=179089"},{"taxonomy":"post_tag","embeddable":true,"href":"https:\/\/www.europesays.com\/es\/wp-json\/wp\/v2\/tags?post=179089"}],"curies":[{"name":"wp","href":"https:\/\/api.w.org\/{rel}","templated":true}]}}