{"id":179095,"date":"2025-10-15T19:34:07","date_gmt":"2025-10-15T19:34:07","guid":{"rendered":"https:\/\/www.europesays.com\/es\/179095\/"},"modified":"2025-10-15T19:34:07","modified_gmt":"2025-10-15T19:34:07","slug":"irene-rosales-con-su-nuevo-novio-y-toni-moreno-protagonistas","status":"publish","type":"post","link":"https:\/\/www.europesays.com\/es\/179095\/","title":{"rendered":"Irene Rosales con su nuevo novio y To\u00f1i Moreno, protagonistas"},"content":{"rendered":"<p>Como cada mi\u00e9rcoles, <strong>las <a href=\"https:\/\/www.ultimahora.es\/etiqueta\/revistas.html?utm_source=Inline-tag&amp;utm_medium=internal\" rel=\"nofollow noopener\" target=\"_blank\">revistas<\/a> del coraz\u00f3n<\/strong> traen las noticias m\u00e1s llamativas y salseantes de la semana. \u00a1Hola!, Lecturas, Semana y Diez Minutos consiguen aut\u00e9nticos bombazos que nos dejan boquiabiertos y con ganas de m\u00e1s. Descubre qui\u00e9nes son <strong>las personas protagonistas del momento<\/strong> y estate al tanto de las \u00faltimas novedades de la <a href=\"https:\/\/www.ultimahora.es\/etiqueta\/prensa+rosa.html?utm_source=Inline-tag&amp;utm_medium=internal\" rel=\"nofollow noopener\" target=\"_blank\">prensa rosa<\/a>. Si quieres saber m\u00e1s cotilleos te dejamos aqu\u00ed las portadas de las revistas del coraz\u00f3n de hoy, mi\u00e9rcoles 15 de octubre de 2025.<\/p>\n<p>\u00a1Hola! presenta una selecci\u00f3n de personalidades premiadas en los Premios Talento Fashion<\/p>\n<p>\u00a1Hola! presenta una selecci\u00f3n destacada de personalidades premiadas en los Premios Talento Fashion, celebrados en la sede del Consulado General de Italia en Madrid. Entre ellas se encuentran Rebecca Aonaldson, Lady Amelia y Lady Eliza Spencer, Sara Carbonero, Isabel Jim\u00e9nez y Tamara Falc\u00f3. Abajo, se destaca la invitaci\u00f3n a la boda de Francesca Thyssen en Venecia, y junto a la imagen del rey Felipe VI, el titular reza: \u00abLa familia real vuelve a aparecer al completo en la Fiesta Nacional\u00bb.<\/p>\n<p>Semana revela que Irene Rosales ha vuelto a encontrar el amor<\/p>\n<p>Semana ha revelado que <a href=\"https:\/\/www.ultimahora.es\/etiqueta\/Irene+Rosales.html?utm_source=Inline-tag&amp;utm_medium=internal\" rel=\"nofollow noopener\" target=\"_blank\">Irene Rosales<\/a> ha vuelto a encontrar el amor. A tan solo dos meses de su separaci\u00f3n con <a href=\"https:\/\/www.ultimahora.es\/etiqueta\/Kiko+Rivera.html?utm_source=Inline-tag&amp;utm_medium=internal\" rel=\"nofollow noopener\" target=\"_blank\">Kiko Rivera<\/a>, la revista la ha fotografiado en varias citas con un joven en Madrid y Sevilla. Por otro lado, los reyes Felipe y Letizia han celebrado junto a sus hijas la Fiesta Nacional (donde vemos a la princesa Leonor luciendo un traje militar). Adem\u00e1s, ha comenzado el juicio en el que Bel\u00e9n Esteban podr\u00eda conseguir que su exrepresentante, To\u00f1o Sanch\u00eds, termine en prisi\u00f3n.<\/p>\n<p>Diez Minutos publica en exclusiva una entrevista a To\u00f1i Moreno<\/p>\n<p>Diez Minutos publica en exclusiva una reveladora confesi\u00f3n de To\u00f1i Moreno: la presentadora de Canal Sur admite que lleva cinco a\u00f1os sin pareja. \u00abNo soy de citas a ciegas ni de aplicaciones\u00bb, declara en portada. En contraste, a quien le sonr\u00ede el amor es a Susanna Griso, que prepara su boda con Luis Enr\u00edquez Nistal para el mes de julio. Por su parte, Sara Carbonero est\u00e1 a punto de estrenarse como escritora. En la parte inferior de la portada, una imagen de los Reyes junto a la princesa Leonor y la infanta Sof\u00eda durante la celebraci\u00f3n del D\u00eda de la Hispanidad.<\/p>\n<p>Lecturas pilla a Irene Rosales disfrutando de un paseo de la mano con su nuevo novio<\/p>\n<p>Lecturas ha captado a Irene Rosales disfrutando de un paseo de la mano con su nuevo novio, un joven y atractivo empresario sevillano. Juntos pasaron el fin de semana en Madrid, donde tambi\u00e9n se encontraron con Anabel Pantoja. En la portada, la princesa Leonor es la gran protagonista del besamanos en el Palacio Real, luciendo el uniforme del Ej\u00e9rcito del Aire. Por \u00faltimo, Juli\u00e1n Contreras vuelve a lanzar duras cr\u00edticas hacia los Rivera, esta vez afirmando que a Fran y Lourdes Montes no les import\u00f3 que \u00e9l estuviera al borde del suicidio.<\/p>\n","protected":false},"excerpt":{"rendered":"Como cada mi\u00e9rcoles, las revistas del coraz\u00f3n traen las noticias m\u00e1s llamativas y salseantes de la semana. \u00a1Hola!,&hellip;\n","protected":false},"author":2,"featured_media":179096,"comment_status":"","ping_status":"","sticky":false,"template":"","format":"standard","meta":{"footnotes":""},"categories":[174],"tags":[5233,255,146,147,25,24,256,30468,12466,25283,25281,25282,11076,23,48287],"class_list":{"0":"post-179095","1":"post","2":"type-post","3":"status-publish","4":"format-standard","5":"has-post-thumbnail","7":"category-famosos","8":"tag-audiencias-um","9":"tag-celebrities","10":"tag-entertainment","11":"tag-entretenimiento","12":"tag-es","13":"tag-espana","14":"tag-famosos","15":"tag-irene-rosales","16":"tag-kiko-rivera","17":"tag-parejas-de-famosos","18":"tag-prensa-rosa","19":"tag-quiosco-rosa","20":"tag-revistas","21":"tag-spain","22":"tag-toni-moreno"},"share_on_mastodon":{"url":"","error":""},"_links":{"self":[{"href":"https:\/\/www.europesays.com\/es\/wp-json\/wp\/v2\/posts\/179095","targetHints":{"allow":["GET"]}}],"collection":[{"href":"https:\/\/www.europesays.com\/es\/wp-json\/wp\/v2\/posts"}],"about":[{"href":"https:\/\/www.europesays.com\/es\/wp-json\/wp\/v2\/types\/post"}],"author":[{"embeddable":true,"href":"https:\/\/www.europesays.com\/es\/wp-json\/wp\/v2\/users\/2"}],"replies":[{"embeddable":true,"href":"https:\/\/www.europesays.com\/es\/wp-json\/wp\/v2\/comments?post=179095"}],"version-history":[{"count":0,"href":"https:\/\/www.europesays.com\/es\/wp-json\/wp\/v2\/posts\/179095\/revisions"}],"wp:featuredmedia":[{"embeddable":true,"href":"https:\/\/www.europesays.com\/es\/wp-json\/wp\/v2\/media\/179096"}],"wp:attachment":[{"href":"https:\/\/www.europesays.com\/es\/wp-json\/wp\/v2\/media?parent=179095"}],"wp:term":[{"taxonomy":"category","embeddable":true,"href":"https:\/\/www.europesays.com\/es\/wp-json\/wp\/v2\/categories?post=179095"},{"taxonomy":"post_tag","embeddable":true,"href":"https:\/\/www.europesays.com\/es\/wp-json\/wp\/v2\/tags?post=179095"}],"curies":[{"name":"wp","href":"https:\/\/api.w.org\/{rel}","templated":true}]}}