{"id":179097,"date":"2025-10-15T19:36:17","date_gmt":"2025-10-15T19:36:17","guid":{"rendered":"https:\/\/www.europesays.com\/es\/179097\/"},"modified":"2025-10-15T19:36:17","modified_gmt":"2025-10-15T19:36:17","slug":"estas-son-las-diez-novelas-finalistas-que-pueden-ganar-el-premio-planeta-2025","status":"publish","type":"post","link":"https:\/\/www.europesays.com\/es\/179097\/","title":{"rendered":"Estas son las diez novelas finalistas que pueden ganar el Premio Planeta 2025"},"content":{"rendered":"<p data-gtm-element-container=\"modulo-texto-link\" class=\"paragraph\">Quedan poco m\u00e1s de 24 horas para conocer los nombres del ganador y del finalista del Premio Planeta. El mi\u00e9rcoles 15 de octubre, durante el transcurso de una cena literaria en el Museu Nacional d\u2019Art de Catalunya (MNAC), se anunciar\u00e1n los premiados.<\/p>\n<p data-gtm-element-container=\"modulo-texto-link\" class=\"paragraph\">La obra ganadora recibir\u00e1 un mill\u00f3n de euros y la finalista 200.000. El a\u00f1o pasado, <a href=\"https:\/\/www.lavanguardia.com\/cultura\/20241015\/10025154\/planeta-historico-paloma-sanchez-garnica-beatriz-serrano.html\" rel=\"nofollow noopener\" target=\"_blank\">el galard\u00f3n recay\u00f3 en\u00a0Paloma S\u00e1nchez-Garnica<\/a>,\u00a0que ya fue finalista en 2021, y que gan\u00f3 con una historia de amor en la Guerra Fr\u00eda a la que titul\u00f3 Victoria. Beatriz Serrano result\u00f3 finalista con su segunda novela, Fuego en la garganta, que devuelve al lector a los a\u00f1os 90 para conocer a Blanca,\u00a0una ni\u00f1a de nueve a\u00f1os a la que su madre abandona, sin dar explicaci\u00f3n alguna, y que se refugia en internet.<\/p>\n<p data-gtm-element-container=\"modulo-texto-link\" class=\"paragraph\">En esta edici\u00f3n se han presentado un total de 1.320 novelas, de procedencia muy diversa. Una cifra con la que se bate un nuevo r\u00e9cord de participaci\u00f3n. Adem\u00e1s de Espa\u00f1a, con 687 obras presentadas, destaca Am\u00e9rica del Sur, con 378. El resto proviene de Estados Unidos (161), Am\u00e9rica Central (41), Europa (36), Asia (4) y \u00c1frica (2). Tambi\u00e9n concurren un total de 11 novelas cuyosautores no han especificado su procedencia.<\/p>\n<p data-gtm-element-container=\"modulo-texto-link\" class=\"paragraph\">El jurado del premio lo integran Jos\u00e9 Manuel Blecua, Juan Eslava Gal\u00e1n, Luz Gab\u00e1s, Pere Gimferrer, Eva Giner, Carmen Posadas y Bel\u00e9n L\u00f3pez, directora de Editorial Planeta y secretaria con voto del jurado. Todos ellos destacan que las diez obras finalistas contienen, en mayor o menor medida y cada una desde su g\u00e9nero, \u201cun an\u00e1lisis de la actualidad, as\u00ed como reflexiones sobre las preocupaciones de hoy\u201d. Estas son las diez que optan a ganar el gran premio:<\/p>\n<p>&#8216;Todos r\u00eden&#8217; de Noelia Espinar<\/p>\n<p data-gtm-element-container=\"modulo-texto-link\" class=\"paragraph\">Tras meses de aislamiento, una joven qu\u00edmica percibe que la sociedad se ha vuelto agresiva y manipulable. El descubrimiento que hace sobre las causas la pondr\u00e1 en peligro.<\/p>\n<p>&#8216;Ghosting&#8217;, de Salva Rubio<\/p>\n<p data-gtm-element-container=\"modulo-texto-link\" class=\"paragraph\">Un escritor obsesionado con la cultura de los a\u00f1os 90 compra una vivienda antigua en Barcelona. No tardar\u00e1 en descubrir que no est\u00e1 solo, pues comparte espacio un el fantasma de una joven, con quien acabar\u00e1 creando un fuerte v\u00ednculo.<\/p>\n<p>&#8216;Por su gran culpa&#8217;, de Mauro Corti<\/p>\n<p data-gtm-element-container=\"modulo-texto-link\" class=\"paragraph\">El periodista Mauricio Cortas recibe de forma an\u00f3nima un diario que lo lleva a investigar la muerte del padre Molina en un pueblo argentino marcado por la dictadura y el silencio. Sus pesquisas se entremezclan con la culpa por el suicidio de su amigo Javier.<\/p>\n<p>&#8216;No es tan f\u00e1cil morir de amor&#8217;, de Elvira Torres (seud\u00f3nimo)<\/p>\n<p data-gtm-element-container=\"modulo-texto-link\" class=\"paragraph\">Vera rompe con su matrimonio con e marqu\u00e9s de Villaecijilla. Su apasionada relaci\u00f3n con Antonio, m\u00e1s joven que ella y de origen humilde, la conduce a un proceso de liberaci\u00f3n que culmina con el descubrimiento de la verdadera cara de su exmarido. Una abierta cr\u00edtica social y una revoluci\u00f3n social con un toque de thriller.<\/p>\n<p>&#8216;\u00bfNo es hermosa la luna?&#8217;, de Selene Noctis (seud\u00f3nimo)<\/p>\n<p data-gtm-element-container=\"modulo-texto-link\" class=\"paragraph\">Victoria regresa a Lyra, en la isla de Lesbos, tras una ruptura violenta, y se ve envuelta en una serie de asesinatos que coinciden con cada luna llena y que cada vez se acercan m\u00e1s a su propia familia. Mientras investiga el misterio, se enamora de Kassia y descubre las cartas de Safo a su amada Clea.<\/p>\n<p>&#8216;Zoltar el mago, el pirata Roberts y una novela del Oeste&#8217;, de Keith Astra (seud\u00f3nimo)<\/p>\n<p data-gtm-element-container=\"modulo-texto-link\" class=\"paragraph\">Un reci\u00e9n jubilado, cuya vida ha estado marcada por el consejo que recibi\u00f3 de la m\u00e1quina Zoltar el mago, inicia una inesperada transformaci\u00f3n cuando acepta dos encargos literarios. Acaba encontrando un prop\u00f3sito vital que culmina en Las Vegas, donde un nueo mensaje de Zoltar confirma su renacer,<\/p>\n<p>&#8216;El color de la lluvia&#8217;, de Sof\u00eda Garc\u00eda (seud\u00f3nimo)<\/p>\n<p data-gtm-element-container=\"modulo-texto-link\" class=\"paragraph\">Sofia, criada por sus abuelos en la Galicia rural, arrastra secretos familiares y ausencias. Una extra\u00f1a dolencia la lleva al hospital, donde se ocultan los horrores de experimentos con personas y descubre la existencia de una hermana gemela perdida. Con la ayuda de Daniel, descubre la verdad.<\/p>\n<p>&#8216;La muerte de la Diosa&#8217;, de Jos\u00e9 Antonio Ariza Rodr\u00edguez<\/p>\n<p data-gtm-element-container=\"modulo-texto-link\" class=\"paragraph\">En el caln de las siete hermanas, la diosa Venus y la cham\u00e1n Asiae presienten el regreso de Ori\u00f3n convertido en dios. \u00c9l exige que Venus se someta, pero ella acaba quit\u00e1ndose la vida. Resucitada como diosa celestial, anuncia el futuro de su hijo Sahel y el de Ori\u00f3n, en una interpretaci\u00f3n del mito de la diosa madrey del origen de la ciivlizaci\u00f3n.<\/p>\n<p>&#8216;El destino en la esfera de un reloj&#8217;, de Enrique Alejandro Santoyo Castro<\/p>\n<p data-gtm-element-container=\"modulo-texto-link\" class=\"paragraph\">En tiempos de Felipe IV, el duque Francisco y Leonora se enamoran, aunque esta acaba casada con el virrey de Nueva Espa\u00f1a. Enviado a las Indias para hacer cumplir la ley y destapar una conspiraci\u00f3n, Francisco se reencuentra con ella y el amor se reaviva. Pero su historia, marcada por la traici\u00f3n y la muerte, tendr\u00e1 un desenlace fatal.<\/p>\n<p>&#8216;Donde se escriben los nombres&#8217;, de Blanca Montoya Landa<\/p>\n<p data-gtm-element-container=\"modulo-texto-link\" class=\"paragraph\">Tom\u00e1s, un joven escritor, muere en Sud\u00e1frica mientras investigaba para su novela. Su hermana Abi viaja all\u00ed para esclarecer lo sucedido y, siguiendo sus pasos, conecta con la memoria de Ewan Rider, un exoficial de la antigua Rodesia marcado por la guerra.<\/p>\n","protected":false},"excerpt":{"rendered":"Quedan poco m\u00e1s de 24 horas para conocer los nombres del ganador y del finalista del Premio Planeta.&hellip;\n","protected":false},"author":2,"featured_media":179098,"comment_status":"","ping_status":"","sticky":false,"template":"","format":"standard","meta":{"footnotes":""},"categories":[172],"tags":[224,146,147,25,24,225,23],"class_list":{"0":"post-179097","1":"post","2":"type-post","3":"status-publish","4":"format-standard","5":"has-post-thumbnail","7":"category-libros","8":"tag-books","9":"tag-entertainment","10":"tag-entretenimiento","11":"tag-es","12":"tag-espana","13":"tag-libros","14":"tag-spain"},"share_on_mastodon":{"url":"","error":""},"_links":{"self":[{"href":"https:\/\/www.europesays.com\/es\/wp-json\/wp\/v2\/posts\/179097","targetHints":{"allow":["GET"]}}],"collection":[{"href":"https:\/\/www.europesays.com\/es\/wp-json\/wp\/v2\/posts"}],"about":[{"href":"https:\/\/www.europesays.com\/es\/wp-json\/wp\/v2\/types\/post"}],"author":[{"embeddable":true,"href":"https:\/\/www.europesays.com\/es\/wp-json\/wp\/v2\/users\/2"}],"replies":[{"embeddable":true,"href":"https:\/\/www.europesays.com\/es\/wp-json\/wp\/v2\/comments?post=179097"}],"version-history":[{"count":0,"href":"https:\/\/www.europesays.com\/es\/wp-json\/wp\/v2\/posts\/179097\/revisions"}],"wp:featuredmedia":[{"embeddable":true,"href":"https:\/\/www.europesays.com\/es\/wp-json\/wp\/v2\/media\/179098"}],"wp:attachment":[{"href":"https:\/\/www.europesays.com\/es\/wp-json\/wp\/v2\/media?parent=179097"}],"wp:term":[{"taxonomy":"category","embeddable":true,"href":"https:\/\/www.europesays.com\/es\/wp-json\/wp\/v2\/categories?post=179097"},{"taxonomy":"post_tag","embeddable":true,"href":"https:\/\/www.europesays.com\/es\/wp-json\/wp\/v2\/tags?post=179097"}],"curies":[{"name":"wp","href":"https:\/\/api.w.org\/{rel}","templated":true}]}}