{"id":179107,"date":"2025-10-15T19:41:11","date_gmt":"2025-10-15T19:41:11","guid":{"rendered":"https:\/\/www.europesays.com\/es\/179107\/"},"modified":"2025-10-15T19:41:11","modified_gmt":"2025-10-15T19:41:11","slug":"geicam-lidera-la-investigacion-oncologica-espanola-con-el-20-de-los-pacientes-de-ensayos-clinicos","status":"publish","type":"post","link":"https:\/\/www.europesays.com\/es\/179107\/","title":{"rendered":"GEICAM lidera la investigaci\u00f3n oncol\u00f3gica espa\u00f1ola con el 20 de los pacientes de ensayos cl\u00ednicos"},"content":{"rendered":"<p>El Grupo GEICAM de Investigaci\u00f3n en C\u00e1ncer de Mama consolida su liderazgo en investigaci\u00f3n oncol\u00f3gica en Espa\u00f1a, de acuerdo con los resultados del informe de la Sociedad Espa\u00f1ola de Oncolog\u00eda M\u00e9dica (SEOM) sobre grupos cooperativos nacionales, refrendado por la publicaci\u00f3n de su Memoria Anual 2024, que recoge los hitos alcanzados &#8230;            &#13;\n        <\/p>\n<p> &#13;<\/p>\n<p>El <strong>Grupo GEICAM de Investigaci\u00f3n en C\u00e1ncer de Mama<\/strong> consolida su liderazgo en investigaci\u00f3n oncol\u00f3gica en Espa\u00f1a, de acuerdo con los resultados del informe de la <strong>Sociedad Espa\u00f1ola de Oncolog\u00eda M\u00e9dica (SEOM)<\/strong> sobre grupos cooperativos nacionales, refrendado por la publicaci\u00f3n de su <strong>Memoria Anual 2024<\/strong>, que recoge los hitos alcanzados por la organizaci\u00f3n y refuerza su papel como grupo de referencia en la investigaci\u00f3n independiente en c\u00e1ncer de mama en nuestro pa\u00eds.<\/p>\n<p>El liderazgo de GEICAM se evidencia especialmente en el \u00e1mbito de los ensayos cl\u00ednicos y en el n\u00famero de pacientes participantes. En el an\u00e1lisis de SEOM, el Grupo figura como el que m\u00e1s ensayos cl\u00ednicos ha desarrollado en Espa\u00f1a (108 estudios), una posici\u00f3n que se ve reforzada por los datos de la Memoria GEICAM 2024, que recoge un total de 172 estudios cient\u00edficos (incluyendo observacionales, epidemiol\u00f3gicos y traslacionales), lo que refleja su consolidada trayectoria investigadora.<\/p>\n<p><strong>Uno de cada cinco pacientes en ensayos oncol\u00f3gicos en Espa\u00f1a procede de GEICAM<\/strong><\/p>\n<p>El alcance de la actividad investigadora de GEICAM queda patente en la participaci\u00f3n de pacientes en sus estudios. Seg\u00fan el informe de SEOM, <strong>el Grupo concentra cerca del 20% de los pacientes incluidos en ensayos cl\u00ednicos<\/strong> de oncolog\u00eda en Espa\u00f1a, lo que lo convierte en este tipo de organizaciones con mayor aportaci\u00f3n en este \u00e1mbito. La Memoria GEICAM 2024 recoge la participaci\u00f3n de <strong>m\u00e1s de 68.000 pacientes<\/strong>, una cifra que refleja la magnitud y relevancia de su contribuci\u00f3n a la investigaci\u00f3n oncol\u00f3gica.<\/p>\n<p>GEICAM es tambi\u00e9n el grupo cooperativo con <strong>mayor red investigadora en Espa\u00f1a, con 959 socios y 201 centros e instituciones asociados<\/strong>, seg\u00fan recogen tanto el informe de SEOM como la Memoria. Esta amplia base de especialistas y hospitales permite al Grupo desarrollar una investigaci\u00f3n cooperativa y multidisciplinar de gran alcance, que asegura la representatividad de los resultados obtenidos y su impacto en la pr\u00e1ctica cl\u00ednica.<\/p>\n<p>La intensidad de la actividad investigadora de GEICAM queda reflejada igualmente en su producci\u00f3n cient\u00edfica a lo largo de toda su trayectoria. La Memoria 2024 contabiliza un total acumulado de <strong>232 publicaciones en revistas especializadas<\/strong> y 508 comunicaciones a congresos desde la fundaci\u00f3n del Grupo en 1995, un volumen que evidencia la continuidad y solidez de su contribuci\u00f3n al conocimiento en c\u00e1ncer de mama.<\/p>\n<p><strong>Memoria 2024: un a\u00f1o de avances<\/strong><\/p>\n<p>GEICAM cerr\u00f3 2024 con hitos relevantes en investigaci\u00f3n y en proyecci\u00f3n internacional. La Memoria Anual destaca el impulso de proyectos pioneros en \u00e1mbitos como el c\u00e1ncer de mama en el var\u00f3n o el asociado al embarazo, as\u00ed como la presentaci\u00f3n de resultados en <strong>congresos de referencia mundial como ASCO, ESMO o SABCS<\/strong>. Tambi\u00e9n recoge nuevas evidencias en prevenci\u00f3n y calidad de vida, con programas de ejercicio f\u00edsico en oncolog\u00eda y estudios epidemiol\u00f3gicos sobre h\u00e1bitos de vida y c\u00e1ncer de mama.<\/p>\n<p>El documento detalla adem\u00e1s la intensa actividad de su biobanco, que a finales de a\u00f1o almacenaba <strong>54.740 muestras biol\u00f3gicas procedentes de 40.112 pacientes<\/strong>, consolid\u00e1ndose como un recurso clave para la investigaci\u00f3n traslacional y la medicina de precisi\u00f3n. A ello se suma la concesi\u00f3n de 298.000 euros en becas y ayudas destinadas a j\u00f3venes cl\u00ednicos, con el objetivo de seguir fortaleciendo la formaci\u00f3n y el futuro de la investigaci\u00f3n en c\u00e1ncer de mama en Espa\u00f1a.<\/p>\n<p><strong>La investigaci\u00f3n necesita a la sociedad: \u00abSi t\u00fa quieres, la ciencia puede\u00bb<\/strong><\/p>\n<p><img decoding=\"async\" src=\"https:\/\/mail.google.com\/mail\/u\/0?ui=2&amp;ik=07357ad0ab&amp;attid=0.2&amp;permmsgid=msg-f:1846036457806106044&amp;th=199e7060adf40dbc&amp;view=fimg&amp;disp=thd&amp;attbid=ANGjdJ95CO0_QWJbIIKeqYQk-aETQ2ggL2phFihnKCKqDdK1MaPe_8G1p2VJH70TPOmEV8ciMxuI_GC43CdjvDHPSvq7D7YUzqNcO5keHJqR3k5lvzVTZm8W0CUloOI&amp;ats=2524608000000&amp;sz=w1920-h826\" class=\"aLF-aPX-J1-J3\" alt=\"Mostrando Imagen Lorena_cuadrada.png\" aria-hidden=\"true\"\/><\/p>\n<p>Adem\u00e1s de su actividad investigadora, GEICAM desarrolla iniciativas de concienciaci\u00f3n, visibilidad y captaci\u00f3n de fondos para el impulso de la investigaci\u00f3n que refuerzan su misi\u00f3n y ampl\u00edan el impacto de la ciencia en la sociedad. Coincidiendo con el D\u00eda Mundial contra el C\u00e1ncer de Mama, que se celebra cada 19 de octubre, GEICAM recuerda la importancia de apoyar la investigaci\u00f3n a trav\u00e9s de <strong>la campa\u00f1a \u00abSi t\u00fa quieres, la ciencia puede\u00bb<\/strong>, que este a\u00f1o tiene como eje la necesidad de recaudar fondos para financiar nuevos proyectos y visibilizar el impacto y aumento de la incidencia de la enfermedad en mujeres cada vez m\u00e1s j\u00f3venes.<\/p>\n<p>La campa\u00f1a, que incluye <strong>testimonios reales de mujeres diagnosticadas<\/strong> de c\u00e1ncer de mama a edades tempranas, as\u00ed como la visi\u00f3n de los onc\u00f3logos e investigadores, busca sensibilizar a la sociedad sobre el valor de la ciencia y la importancia de sumar apoyos para avanzar en el diagn\u00f3stico, tratamiento y prevenci\u00f3n de la enfermedad.<\/p>\n","protected":false},"excerpt":{"rendered":"El Grupo GEICAM de Investigaci\u00f3n en C\u00e1ncer de Mama consolida su liderazgo en investigaci\u00f3n oncol\u00f3gica en Espa\u00f1a, de&hellip;\n","protected":false},"author":2,"featured_media":179108,"comment_status":"","ping_status":"","sticky":false,"template":"","format":"standard","meta":{"footnotes":""},"categories":[92],"tags":[1066,10058,8111,10057,25,24,2501,51045,100,165,8803,1294,2289,15562,4917,39271,1817,7776,166,1071,23,3271],"class_list":{"0":"post-179107","1":"post","2":"type-post","3":"status-publish","4":"format-standard","5":"has-post-thumbnail","7":"category-salud","8":"tag-cancer","9":"tag-clinicos","10":"tag-consolida","11":"tag-ensayos","12":"tag-es","13":"tag-espana","14":"tag-espanola","15":"tag-geicam","16":"tag-grupo","17":"tag-health","18":"tag-informe","19":"tag-investigacion","20":"tag-lidera","21":"tag-liderazgo","22":"tag-mama","23":"tag-oncologica","24":"tag-pacientes","25":"tag-publicado","26":"tag-salud","27":"tag-seom","28":"tag-spain","29":"tag-su"},"share_on_mastodon":{"url":"","error":""},"_links":{"self":[{"href":"https:\/\/www.europesays.com\/es\/wp-json\/wp\/v2\/posts\/179107","targetHints":{"allow":["GET"]}}],"collection":[{"href":"https:\/\/www.europesays.com\/es\/wp-json\/wp\/v2\/posts"}],"about":[{"href":"https:\/\/www.europesays.com\/es\/wp-json\/wp\/v2\/types\/post"}],"author":[{"embeddable":true,"href":"https:\/\/www.europesays.com\/es\/wp-json\/wp\/v2\/users\/2"}],"replies":[{"embeddable":true,"href":"https:\/\/www.europesays.com\/es\/wp-json\/wp\/v2\/comments?post=179107"}],"version-history":[{"count":0,"href":"https:\/\/www.europesays.com\/es\/wp-json\/wp\/v2\/posts\/179107\/revisions"}],"wp:featuredmedia":[{"embeddable":true,"href":"https:\/\/www.europesays.com\/es\/wp-json\/wp\/v2\/media\/179108"}],"wp:attachment":[{"href":"https:\/\/www.europesays.com\/es\/wp-json\/wp\/v2\/media?parent=179107"}],"wp:term":[{"taxonomy":"category","embeddable":true,"href":"https:\/\/www.europesays.com\/es\/wp-json\/wp\/v2\/categories?post=179107"},{"taxonomy":"post_tag","embeddable":true,"href":"https:\/\/www.europesays.com\/es\/wp-json\/wp\/v2\/tags?post=179107"}],"curies":[{"name":"wp","href":"https:\/\/api.w.org\/{rel}","templated":true}]}}