{"id":179109,"date":"2025-10-15T19:42:08","date_gmt":"2025-10-15T19:42:08","guid":{"rendered":"https:\/\/www.europesays.com\/es\/179109\/"},"modified":"2025-10-15T19:42:08","modified_gmt":"2025-10-15T19:42:08","slug":"un-tanga-que-imita-el-vello-pubico-y-se-ha-agotado-en-horas","status":"publish","type":"post","link":"https:\/\/www.europesays.com\/es\/179109\/","title":{"rendered":"un tanga que imita el vello p\u00fabico y se ha agotado en horas"},"content":{"rendered":"<p>\u00abOs ha encantado. Nuestra braga m\u00e1s atrevida est\u00e1 oficialmente agotada\u00bb. As\u00ed anuncia en su web Skims, la marca de lencer\u00eda y ropa moldeadora de Kim Kardashian el \u00e9xito arrollador de su nuevo y controvertido lanzamiento: un tanga que imita el vello p\u00fabico.<\/p>\n<p>S\u00ed, has le\u00eddo bien. La empresaria e influencer puso a la venta este martes esta nueva prenda, bautizada como Faux Hair Micro String, elaborada con pelo sint\u00e9tico. Concretamente un \u00abcabello sint\u00e9tico rizado y liso en doce variaciones de tonos diferentes\u00bb para que cada uno elija la combinaci\u00f3n que m\u00e1s le gusta.\u00a0<\/p>\n<p>El tanga, que cuesta 42 euros y se ha agotado en unas horas, ya tiene lista de espera y se ha publicitado con un controvertido juego de palabras: \u00abEl arbusto definitivo\u00bb. De hecho, la novedad ha ido acompa\u00f1ada de una campa\u00f1a en v\u00eddeo de est\u00e9tica a\u00f1os setenta en el que varias modelos aparecen en un concurso de belleza.\u00a0<\/p>\n<p>El presentador las va nombrando y ellas van levantando sus faldas o vestido para dejar ver su \u00abcortina\u00bb, que aparece pixelada. \u00abEl concurso que se atrever a preguntar si el pelo de ah\u00ed arriba combina con el de abajo\u00bb, explica el presentador.\u00a0<\/p>\n<p>Este nuevo y controvertido tanga sigue la estela de otros lanzamientos pol\u00e9micos que Kim Kardashian ha comercializado a trav\u00e9s de Skims, que va viento en popa y acaba de presentar una colaboraci\u00f3n deportiva con Nike.\u00a0<\/p>\n<p>En octubre de 2023, la estrella del clan Kardashian lanz\u00f3 un <a href=\"https:\/\/elpais.com\/smoda\/moda\/2023-10-28\/kim-kardashian-recurre-al-cambio-climatico-para-vender-la-nueva-idea-de-skims-el-sujetador-que-marca-el-pezon.html\" target=\"_blank\" rel=\"nofollow noopener\">sujetador con pezones incorporados<\/a> que consegu\u00eda que se notaran los pezones incluso con prendas gruesas. A pesar que el sujetador recibi\u00f3 aplausos por parte de mujeres que aseguraban que ya era hora de reivindicar una parte del cuerpo que se querido tapar desde hace d\u00e9cadas, la empresaria recibi\u00f3 numerosas cr\u00edticas por la campa\u00f1a promocional del producto.\u00a0<\/p>\n<p>En el v\u00eddeo, Kardashian bromeaba con que las temperaturas globales iban a seguir subiendo pero que con este sujetador se consigue que \u00absin importar el calor que haga siempre parezcas fr\u00eda\u00bb. \u00abAlgunos d\u00edas son duros, pero estos pezones lo son m\u00e1s. Y, al contrario de los icebergs, no van a desaparecer\u00bb, ironizaba tambi\u00e9n durante la campa\u00f1a.\u00a0<\/p>\n","protected":false},"excerpt":{"rendered":"\u00abOs ha encantado. Nuestra braga m\u00e1s atrevida est\u00e1 oficialmente agotada\u00bb. As\u00ed anuncia en su web Skims, la marca&hellip;\n","protected":false},"author":2,"featured_media":179110,"comment_status":"","ping_status":"","sticky":false,"template":"","format":"standard","meta":{"footnotes":""},"categories":[91],"tags":[146,147,25,24,7903,51046,23],"class_list":{"0":"post-179109","1":"post","2":"type-post","3":"status-publish","4":"format-standard","5":"has-post-thumbnail","7":"category-entretenimiento","8":"tag-entertainment","9":"tag-entretenimiento","10":"tag-es","11":"tag-espana","12":"tag-kim-kardashian","13":"tag-lenceria","14":"tag-spain"},"share_on_mastodon":{"url":"","error":""},"_links":{"self":[{"href":"https:\/\/www.europesays.com\/es\/wp-json\/wp\/v2\/posts\/179109","targetHints":{"allow":["GET"]}}],"collection":[{"href":"https:\/\/www.europesays.com\/es\/wp-json\/wp\/v2\/posts"}],"about":[{"href":"https:\/\/www.europesays.com\/es\/wp-json\/wp\/v2\/types\/post"}],"author":[{"embeddable":true,"href":"https:\/\/www.europesays.com\/es\/wp-json\/wp\/v2\/users\/2"}],"replies":[{"embeddable":true,"href":"https:\/\/www.europesays.com\/es\/wp-json\/wp\/v2\/comments?post=179109"}],"version-history":[{"count":0,"href":"https:\/\/www.europesays.com\/es\/wp-json\/wp\/v2\/posts\/179109\/revisions"}],"wp:featuredmedia":[{"embeddable":true,"href":"https:\/\/www.europesays.com\/es\/wp-json\/wp\/v2\/media\/179110"}],"wp:attachment":[{"href":"https:\/\/www.europesays.com\/es\/wp-json\/wp\/v2\/media?parent=179109"}],"wp:term":[{"taxonomy":"category","embeddable":true,"href":"https:\/\/www.europesays.com\/es\/wp-json\/wp\/v2\/categories?post=179109"},{"taxonomy":"post_tag","embeddable":true,"href":"https:\/\/www.europesays.com\/es\/wp-json\/wp\/v2\/tags?post=179109"}],"curies":[{"name":"wp","href":"https:\/\/api.w.org\/{rel}","templated":true}]}}