{"id":179113,"date":"2025-10-15T19:44:11","date_gmt":"2025-10-15T19:44:11","guid":{"rendered":"https:\/\/www.europesays.com\/es\/179113\/"},"modified":"2025-10-15T19:44:11","modified_gmt":"2025-10-15T19:44:11","slug":"se-consume-muchisimo-en-albacete-y-su-precio-se-ha-disparado-un-136-en-cuatro-anos","status":"publish","type":"post","link":"https:\/\/www.europesays.com\/es\/179113\/","title":{"rendered":"Se consume much\u00edsimo en Albacete y su precio se ha disparado: \u201cUn 136% en cuatro a\u00f1os\u201d"},"content":{"rendered":"<p>El bolsillo de los vecinos de Albacete acusa la tremenda <a href=\"https:\/\/www.eldigitaldealbacete.com\/2025\/10\/15\/los-precios-suben-en-castilla-la-mancha-por-debajo-de-la-media-nacional\/\" rel=\"nofollow noopener\" target=\"_blank\">subida de precio<\/a> que ha tenido un producto que se consume much\u00edsimo en la capital y en la provincia y que en los \u00faltimos cuatro a\u00f1os ha visto disparado su coste.<\/p>\n<p>Se trata del caf\u00e9 molido de mezcla, el m\u00e1s consumido en Espa\u00f1a, cuyo precio se ha encarecido un <strong>136%<\/strong> en cuatro a\u00f1os, seg\u00fan la <strong>Organizaci\u00f3n de Consumidores y Usuarios (OCU)<\/strong>. El paquete m\u00e1s barato a la venta en supermercados ha pasado de <strong>1,22 euros<\/strong> por 250 gramos en 2021 a <strong>2,86 euros<\/strong> en 2025. Un salto que sienten en el bolsillo los <strong>miles de vecinos de Albacete<\/strong> que cada ma\u00f1ana toman caf\u00e9 en casa y en las barras de <a href=\"https:\/\/www.eldigitaldealbacete.com\/2025\/09\/29\/la-sorpresa-de-los-clientes-de-esta-cafeteria-de-albacete-al-encontrarse-con-el-ministro-felix-bolanos\/\" rel=\"nofollow noopener\" target=\"_blank\">cafeter\u00edas y bares<\/a> de la ciudad.<\/p>\n<p>El precio del caf\u00e9 se dispara, en Albacete y toda Espa\u00f1a<\/p>\n<p>La subida no ha sido lineal. De acuerdo con la OCU, <strong>entre 2021 y 2022<\/strong> el incremento fue del <strong>28%<\/strong>; <strong>entre 2022 y 2024<\/strong>, alrededor de un <strong>9% anual<\/strong>; y <strong>desde mayo de 2024<\/strong> se produjo el mayor repunte, del <strong>54%<\/strong>. Tampoco todas las marcas han evolucionado igual: el seguimiento de precios realizado por la organizaci\u00f3n desde 2022 apunta a que <strong>Candelas, Toscaf, La Estrella, Carrefour, Auchan y Marcilla<\/strong> han <strong>duplicado su precio en menos de tres a\u00f1os<\/strong>.<\/p>\n<p><img loading=\"lazy\" decoding=\"async\" width=\"1200\" height=\"675\" src=\"https:\/\/www.europesays.com\/es\/wp-content\/uploads\/2025\/10\/EMPLEO-PARO-TRABAJO-EuropaPress_7018075_trabajador_trabajando_camarero_bar_autonomo_consumo_cafeteri.jpeg\" alt=\"\" class=\"wp-image-1082838\"  \/>Un camarero sirviendo un caf\u00e9 en Albacete \/ Foto de archivo \/ Europa Press<\/p>\n<p>El encarecimiento es m\u00e1s contenido en otros formatos. La OCU observa que el <strong>caf\u00e9 soluble descafeinado Nescaf\u00e9<\/strong> ha subido un <strong>28%<\/strong> en cuatro a\u00f1os, y las <strong>c\u00e1psulas Dolce Gusto<\/strong> un <strong>17%<\/strong>. En el primer caso, la menor presi\u00f3n se explicar\u00eda por un <strong>proceso de elaboraci\u00f3n menos delicado<\/strong> que el del caf\u00e9 molido; en el segundo, porque el <strong>valor del caf\u00e9 pesa menos en el precio final<\/strong>, donde prima la presentaci\u00f3n y la comodidad de uso. Pese a la escalada, el consumo no se resiente. En 2024, el consumo de caf\u00e9 <strong>creci\u00f3 un 3,7%<\/strong> hasta <strong>4,22 kilos por persona y a\u00f1o<\/strong>, seg\u00fan la OCU. S\u00ed cambian los h\u00e1bitos de compra: <strong>ganan cuota las marcas blancas<\/strong> en detrimento de las primeras marcas. En caf\u00e9 molido, la marca de distribuci\u00f3n pas\u00f3 del <strong>50,3% al 53,4%<\/strong> de cuota entre 2022 y 2023; en c\u00e1psulas, del <strong>40,2% al 47,3%<\/strong> en el mismo periodo.<\/p>\n<p>No s\u00f3lo pasa en Albacete<\/p>\n<p>La presi\u00f3n de precios no es exclusiva de Albacete y Espa\u00f1a. En los mercados internacionales, la variedad <strong>ar\u00e1bica<\/strong> \u2014el <strong>75%<\/strong> de la producci\u00f3n mundial\u2014 ha <strong>casi triplicado su precio<\/strong> en cuatro a\u00f1os, impulsada por <strong>malas cosechas<\/strong>, <strong>mayor demanda<\/strong>, <strong>problemas log\u00edsticos<\/strong> y la <strong>aplicaci\u00f3n de nuevas tasas internacionales<\/strong>, detalla la OCU. En la <strong>Uni\u00f3n Europea<\/strong>, y ante la escalada, se <strong>suaviz\u00f3<\/strong> la aplicaci\u00f3n de la normativa que restringe importaciones sin garant\u00edas de no <strong>deforestaci\u00f3n<\/strong> en pa\u00edses productores. Adem\u00e1s, el <strong>mercado de futuros<\/strong> del caf\u00e9 <strong>roza m\u00e1ximos hist\u00f3ricos<\/strong>, lo que <strong>anticipa nuevas subidas<\/strong>.<\/p>\n<p>Para los hogares y la hosteler\u00eda de Albacete, el caf\u00e9 \u2014s\u00edmbolo del desayuno, de la pausa y de la tertulia\u2014 se ha convertido en otro term\u00f3metro de la inflaci\u00f3n cotidiana. Con la tendencia a\u00fan al alza, las familias y los negocios locales miran con atenci\u00f3n una materia prima que forma parte del d\u00eda a d\u00eda de la ciudad.<\/p>\n","protected":false},"excerpt":{"rendered":"El bolsillo de los vecinos de Albacete acusa la tremenda subida de precio que ha tenido un producto&hellip;\n","protected":false},"author":2,"featured_media":179114,"comment_status":"","ping_status":"","sticky":false,"template":"","format":"standard","meta":{"footnotes":""},"categories":[80],"tags":[2545,82,95,94,25,24,23],"class_list":{"0":"post-179113","1":"post","2":"type-post","3":"status-publish","4":"format-standard","5":"has-post-thumbnail","7":"category-economia","8":"tag-albacete","9":"tag-business","10":"tag-economia","11":"tag-economy","12":"tag-es","13":"tag-espana","14":"tag-spain"},"share_on_mastodon":{"url":"","error":""},"_links":{"self":[{"href":"https:\/\/www.europesays.com\/es\/wp-json\/wp\/v2\/posts\/179113","targetHints":{"allow":["GET"]}}],"collection":[{"href":"https:\/\/www.europesays.com\/es\/wp-json\/wp\/v2\/posts"}],"about":[{"href":"https:\/\/www.europesays.com\/es\/wp-json\/wp\/v2\/types\/post"}],"author":[{"embeddable":true,"href":"https:\/\/www.europesays.com\/es\/wp-json\/wp\/v2\/users\/2"}],"replies":[{"embeddable":true,"href":"https:\/\/www.europesays.com\/es\/wp-json\/wp\/v2\/comments?post=179113"}],"version-history":[{"count":0,"href":"https:\/\/www.europesays.com\/es\/wp-json\/wp\/v2\/posts\/179113\/revisions"}],"wp:featuredmedia":[{"embeddable":true,"href":"https:\/\/www.europesays.com\/es\/wp-json\/wp\/v2\/media\/179114"}],"wp:attachment":[{"href":"https:\/\/www.europesays.com\/es\/wp-json\/wp\/v2\/media?parent=179113"}],"wp:term":[{"taxonomy":"category","embeddable":true,"href":"https:\/\/www.europesays.com\/es\/wp-json\/wp\/v2\/categories?post=179113"},{"taxonomy":"post_tag","embeddable":true,"href":"https:\/\/www.europesays.com\/es\/wp-json\/wp\/v2\/tags?post=179113"}],"curies":[{"name":"wp","href":"https:\/\/api.w.org\/{rel}","templated":true}]}}