{"id":179117,"date":"2025-10-15T19:46:10","date_gmt":"2025-10-15T19:46:10","guid":{"rendered":"https:\/\/www.europesays.com\/es\/179117\/"},"modified":"2025-10-15T19:46:10","modified_gmt":"2025-10-15T19:46:10","slug":"perez-reverte-acusa-al-ministerio-de-exteriores-de-querer-colonizar-la-rae-y-llama-mediocre-a-garcia-montero","status":"publish","type":"post","link":"https:\/\/www.europesays.com\/es\/179117\/","title":{"rendered":"P\u00e9rez-Reverte acusa al Ministerio de Exteriores de querer \u00abcolonizar\u00bb la RAE y llama \u00abmediocre\u00bb a Garc\u00eda Montero"},"content":{"rendered":"<p class=\"article-text\">\n        Apenas unos d\u00edas despu\u00e9s de que Luis Garc\u00eda Montero, director del <a href=\"https:\/\/www.eldiario.es\/cultura\/instituto-cervantes-desmarca-devolucion-pnv-edificio-incautado-franquismo-sede-paris_1_12027387.html\" data-mrf-recirculation=\"links-noticia\" class=\"link\" rel=\"nofollow noopener\" target=\"_blank\">Instituto Cervantes<\/a>, criticara que la Real Academia Espa\u00f1ola (RAE) no estuviera en manos de un fil\u00f3logo sino de un catedr\u00e1tico en Derecho Administrativo, Santiago Mu\u00f1oz Machado, \u201cexperto en llevar negocios desde su despacho para empresas multimillonarias\u201d, el escritor <a href=\"https:\/\/www.eldiario.es\/cultura\/perez-reverte-escribiendo-alatriste-reconcilio-espana_1_12572273.html\" data-mrf-recirculation=\"links-noticia\" class=\"link\" rel=\"nofollow noopener\" target=\"_blank\">Arturo P\u00e9rez-Reverte<\/a> ha arremetido tanto contra \u00e9l como contra el Gobierno por querer \u201ccolonizar el \u00e1mbito natural de la RAE\u201d.\n    <\/p>\n<p>    <a href=\"https:\/\/www.eldiario.es\/cultura\/rae-expresa-absoluta-repulsa-agresion-garcia-montero-declaraciones-son-lamentables_1_12672750.html\" data-mrf-recirculation=\"saber-mas\" data-dl-event=\"saber-mas\" rel=\"nofollow noopener\" target=\"_blank\"><\/p>\n<p class=\"know-more__title\">La RAE expresa su \u00ababsoluta repulsa\u00bb ante la \u00abagresi\u00f3n\u00bb de Garc\u00eda Montero: \u00abLas declaraciones son lamentables\u00bb<\/p>\n<p>            <img decoding=\"async\" class=\"lazy\" loading=\"lazy\" data-src=\"https:\/\/static.eldiario.es\/clip\/f00e2c02-4e84-4cc7-a979-0338d9f11fa5_16-9-aspect-ratio_default_0.jpg\" src=\"data:image\/svg+xml,%3Csvg xmlns=\" http:=\"\" viewbox=\"0 0 880 495\" alt=\"La RAE expresa su &quot;absoluta repulsa&quot; ante la &quot;agresi\u00f3n&quot; de Garc\u00eda Montero: &quot;Las declaraciones son lamentables&quot;\"\/><\/p>\n<p>                        <\/a><\/p>\n<p class=\"article-text\">\n        \u201cEs sencillo de explicar: la incompetencia de los sucesivos ministros de Exteriores, en especial del \u00faltimo, nos ha hecho perder la Am\u00e9rica hispana\u201d, ha escrito esta ma\u00f1ana P\u00e9rez-Reverte a trav\u00e9s de la red social X. \u201cEl \u00fanico v\u00ednculo de prestigio diplom\u00e1tico que a\u00fan se mantiene con ella, gracias a <a href=\"https:\/\/www.eldiario.es\/cultura\/rae-expresa-absoluta-repulsa-agresion-garcia-montero-declaraciones-son-lamentables_1_12672750.html\" data-mrf-recirculation=\"links-noticia\" class=\"link\" rel=\"nofollow noopener\" target=\"_blank\">la RAE<\/a>, es la lengua espa\u00f1ola. Exteriores, a trav\u00e9s de su mediocre y paniaguado director del Cervantes (criatura de <a href=\"https:\/\/www.eldiario.es\/politica\/albares-responde-trump-espana-aliado-fiable_1_12684507.html\" data-mrf-recirculation=\"links-noticia\" class=\"link\" rel=\"nofollow noopener\" target=\"_blank\">Albares<\/a>) pretende meter mano ah\u00ed tambi\u00e9n; colonizar el \u00e1mbito natural de la RAE abri\u00e9ndose paso a codazos para protagonizar la fotograf\u00eda\u201d, ha agregado el escritor.\n    <\/p>\n<p class=\"article-text\">\n        Asimismo, P\u00e9rez-Reverte ha acusado a Exteriores de prepararse, a trav\u00e9s de Garc\u00eda Montero y \u201cde cara al futuro pr\u00f3ximo\u201d, para \u201ccontrolar tambi\u00e9n la Academia, si se le permite hacerlo\u201d: \u201cO sea, ponerla a su servicio y contaminarla como han hecho con todas las instituciones espa\u00f1olas. Lo que se traduce, en el caso que nos ocupa, en una siniestra mezcla de egos revueltos y mala fe\u201d.\n    <\/p>\n<blockquote class=\"twitter-tweet\" data-lang=\"es\"><p><a href=\"https:\/\/twitter.com\/X\/status\/1978359022832037992?ref_src=twsrc%5Etfw\" rel=\"nofollow noopener\" target=\"_blank\"><\/p><\/blockquote>\n<p class=\"article-text\">\n        Este mensaje llega despu\u00e9s de que el pasado lunes, tanto Luis Garc\u00eda Montero como Santiago Mu\u00f1oz Machado coincidieran en el <a href=\"https:\/\/www.eldiario.es\/cultura\/garcia-montero-director-rae-evitan-polemica-acto-despues-habra-tiempo-hablar_1_12680782.html\" data-mrf-recirculation=\"links-noticia\" class=\"link\" rel=\"nofollow noopener\" target=\"_blank\">X Congreso Internacional de la Lengua Espa\u00f1ola<\/a> por primera vez desde su enfrentamiento. Pese a que tras las palabras del director del Cervantes, la Academia publicara un comunicado expresando su \u201cabsoluta repulsa\u201d por la \u201cagresi\u00f3n\u201d del tambi\u00e9n fil\u00f3logo y poeta, ambos evitaron hablar del asunto, a\u00f1adiendo que, de hacerlo, lo har\u00edan al finalizar el evento.\n    <\/p>\n<p class=\"article-text\">\n        \u201cLas diferencias, que son muchas, las podemos hablar despu\u00e9s del congreso en Espa\u00f1a\u201d, afirm\u00f3 Garc\u00eda Montero en la rueda de prensa de presentaci\u00f3n del congreso, que se celebra del 14 al 17 en Arequipa (Per\u00fa). Mu\u00f1oz Machado, por su parte, calific\u00f3 esas cuestiones de \u201caccidentes perif\u00e9ricos\u201d y ratific\u00f3 que no hablar\u00eda de ello en el congreso, algo que la organizaci\u00f3n tambi\u00e9n pidi\u00f3 a los periodistas all\u00ed presentes.\n    <\/p>\n<p>    <a href=\"https:\/\/www.eldiario.es\/cultura\/garcia-montero-director-rae-evitan-polemica-acto-despues-habra-tiempo-hablar_1_12680782.html\" data-mrf-recirculation=\"saber-mas-abajo\" data-dl-event=\"saber-mas-abajo\" rel=\"nofollow noopener\" target=\"_blank\"><\/p>\n<p class=\"know-more__title\">Garc\u00eda Montero y el director de la RAE evitan su pol\u00e9mica en un acto juntos: \u201cDespu\u00e9s habr\u00e1 tiempo de hablar\u201d<\/p>\n<p>            <img decoding=\"async\" class=\"lazy\" loading=\"lazy\" data-src=\"https:\/\/static.eldiario.es\/clip\/ec9c9e22-020f-4c79-a0e8-ce24a9a961c6_16-9-aspect-ratio_default_0.jpg\" src=\"data:image\/svg+xml,%3Csvg xmlns=\" http:=\"\" viewbox=\"0 0 880 495\" alt=\"Garc\u00eda Montero y el director de la RAE evitan su pol\u00e9mica en un acto juntos: &quot;Despu\u00e9s habr\u00e1 tiempo de hablar&quot;\"\/><\/p>\n<p>                        <\/a><\/p>\n<p class=\"article-text\">\n        Garc\u00eda Montero, sin embargo, al ser preguntado por un periodista sobre por qu\u00e9 cada vez que se celebraba un congreso de la lengua en el que se habla de di\u00e1logo se produc\u00edan esos roces de los l\u00edderes de las dos instituciones m\u00e1s grandes del espa\u00f1ol, recalc\u00f3 que lo que quer\u00eda era que el congreso saliera \u201cbien\u201d y que \u201cdespu\u00e9s habr\u00e1 tiempo de hablar sobre el sucesor que est\u00e1 preparando la RAE, que tiene mucho que ver con el comunicado que hizo la Academia el otro d\u00eda\u201d.\n    <\/p>\n<p>                                    <script async src=\"https:\/\/platform.twitter.com\/widgets.js\" charset=\"utf-8\"><\/script><\/p>\n","protected":false},"excerpt":{"rendered":"Apenas unos d\u00edas despu\u00e9s de que Luis Garc\u00eda Montero, director del Instituto Cervantes, criticara que la Real Academia&hellip;\n","protected":false},"author":2,"featured_media":179118,"comment_status":"","ping_status":"","sticky":false,"template":"","format":"standard","meta":{"footnotes":""},"categories":[8],"tags":[6630,17,18,51049,25,24,37298,13,14,3142,11,19,20,8500,51050,583,2466,9,10,15,16,738,670,19457,23,12,21,22],"class_list":{"0":"post-179117","1":"post","2":"type-post","3":"status-publish","4":"format-standard","5":"has-post-thumbnail","7":"category-espana","8":"tag-acusa","9":"tag-breaking-news","10":"tag-breakingnews","11":"tag-colonizar","12":"tag-es","13":"tag-espana","14":"tag-exteriores","15":"tag-featured-news","16":"tag-featurednews","17":"tag-garcia","18":"tag-headlines","19":"tag-latest-news","20":"tag-latestnews","21":"tag-llama","22":"tag-mediocre","23":"tag-ministerio","24":"tag-montero","25":"tag-news","26":"tag-noticias","27":"tag-noticias-destacadas","28":"tag-noticiasdestacadas","29":"tag-perez","30":"tag-rae","31":"tag-reverte","32":"tag-spain","33":"tag-titulares","34":"tag-ultimas-noticias","35":"tag-ultimasnoticias"},"share_on_mastodon":{"url":"","error":""},"_links":{"self":[{"href":"https:\/\/www.europesays.com\/es\/wp-json\/wp\/v2\/posts\/179117","targetHints":{"allow":["GET"]}}],"collection":[{"href":"https:\/\/www.europesays.com\/es\/wp-json\/wp\/v2\/posts"}],"about":[{"href":"https:\/\/www.europesays.com\/es\/wp-json\/wp\/v2\/types\/post"}],"author":[{"embeddable":true,"href":"https:\/\/www.europesays.com\/es\/wp-json\/wp\/v2\/users\/2"}],"replies":[{"embeddable":true,"href":"https:\/\/www.europesays.com\/es\/wp-json\/wp\/v2\/comments?post=179117"}],"version-history":[{"count":0,"href":"https:\/\/www.europesays.com\/es\/wp-json\/wp\/v2\/posts\/179117\/revisions"}],"wp:featuredmedia":[{"embeddable":true,"href":"https:\/\/www.europesays.com\/es\/wp-json\/wp\/v2\/media\/179118"}],"wp:attachment":[{"href":"https:\/\/www.europesays.com\/es\/wp-json\/wp\/v2\/media?parent=179117"}],"wp:term":[{"taxonomy":"category","embeddable":true,"href":"https:\/\/www.europesays.com\/es\/wp-json\/wp\/v2\/categories?post=179117"},{"taxonomy":"post_tag","embeddable":true,"href":"https:\/\/www.europesays.com\/es\/wp-json\/wp\/v2\/tags?post=179117"}],"curies":[{"name":"wp","href":"https:\/\/api.w.org\/{rel}","templated":true}]}}