{"id":179120,"date":"2025-10-15T19:49:07","date_gmt":"2025-10-15T19:49:07","guid":{"rendered":"https:\/\/www.europesays.com\/es\/179120\/"},"modified":"2025-10-15T19:49:07","modified_gmt":"2025-10-15T19:49:07","slug":"sergio-sanchez-rompe-con-su-hasta-ahora-apoderado-jacinto-ortiz","status":"publish","type":"post","link":"https:\/\/www.europesays.com\/es\/179120\/","title":{"rendered":"Sergio S\u00e1nchez rompe con su hasta ahora apoderado Jacinto Ortiz"},"content":{"rendered":"<p style=\"text-align: justify;\">El matador de novillos con picadores <b>Sergio S\u00e1nchez<\/b>\u00a0y su hasta hoy apoderado\u00a0<strong>Jacinto Ortiz<\/strong> han dado por terminada su relaci\u00f3n de apoderamiento que emprendieron a comienzo de esta temporada 2025. El torero ha hecho el pase\u00edllo esta temporada que est\u00e1 terminando en plazas de toros importantes como puede ser las tres tardes que ha realizado el pase\u00edllos en la plaza de toros de Las Ventas.<\/p>\n<p style=\"text-align: justify;\">Tambi\u00e9n ha toreado en otras plazas de toros de mucha importancia como <strong>Bilbao<\/strong>, <strong>Olivenza<\/strong>, <strong>Almer\u00eda<\/strong> \u2026. y otras ferias de importancia. Ambas partes torero y apoderado se han deseado lo mejor en sus respectivas carreras.<\/p>\n<p><strong class=\"relacionadas-titulo-gral\">Noticias Relacionadas<\/strong><\/p>\n<p style=\"text-align: justify;\">\u00a0<\/p>\n<p>&#13;<br \/>\n&#13;<\/p>\n","protected":false},"excerpt":{"rendered":"El matador de novillos con picadores Sergio S\u00e1nchez\u00a0y su hasta hoy apoderado\u00a0Jacinto Ortiz han dado por terminada su&hellip;\n","protected":false},"author":2,"featured_media":179121,"comment_status":"","ping_status":"","sticky":false,"template":"","format":"standard","meta":{"footnotes":""},"categories":[277],"tags":[373,168,25,24,22288,23,167,374],"class_list":{"0":"post-179120","1":"post","2":"type-post","3":"status-publish","4":"format-standard","5":"has-post-thumbnail","7":"category-toreo","8":"tag-bullfighting","9":"tag-deportes","10":"tag-es","11":"tag-espana","12":"tag-sergio-sanchez","13":"tag-spain","14":"tag-sports","15":"tag-toreo"},"share_on_mastodon":{"url":"","error":""},"_links":{"self":[{"href":"https:\/\/www.europesays.com\/es\/wp-json\/wp\/v2\/posts\/179120","targetHints":{"allow":["GET"]}}],"collection":[{"href":"https:\/\/www.europesays.com\/es\/wp-json\/wp\/v2\/posts"}],"about":[{"href":"https:\/\/www.europesays.com\/es\/wp-json\/wp\/v2\/types\/post"}],"author":[{"embeddable":true,"href":"https:\/\/www.europesays.com\/es\/wp-json\/wp\/v2\/users\/2"}],"replies":[{"embeddable":true,"href":"https:\/\/www.europesays.com\/es\/wp-json\/wp\/v2\/comments?post=179120"}],"version-history":[{"count":0,"href":"https:\/\/www.europesays.com\/es\/wp-json\/wp\/v2\/posts\/179120\/revisions"}],"wp:featuredmedia":[{"embeddable":true,"href":"https:\/\/www.europesays.com\/es\/wp-json\/wp\/v2\/media\/179121"}],"wp:attachment":[{"href":"https:\/\/www.europesays.com\/es\/wp-json\/wp\/v2\/media?parent=179120"}],"wp:term":[{"taxonomy":"category","embeddable":true,"href":"https:\/\/www.europesays.com\/es\/wp-json\/wp\/v2\/categories?post=179120"},{"taxonomy":"post_tag","embeddable":true,"href":"https:\/\/www.europesays.com\/es\/wp-json\/wp\/v2\/tags?post=179120"}],"curies":[{"name":"wp","href":"https:\/\/api.w.org\/{rel}","templated":true}]}}