{"id":179122,"date":"2025-10-15T19:50:07","date_gmt":"2025-10-15T19:50:07","guid":{"rendered":"https:\/\/www.europesays.com\/es\/179122\/"},"modified":"2025-10-15T19:50:07","modified_gmt":"2025-10-15T19:50:07","slug":"quien-es-sean-brady-el-proximo-oponente-de-michael-morales-esta-en-top-2","status":"publish","type":"post","link":"https:\/\/www.europesays.com\/es\/179122\/","title":{"rendered":"\u00bfQui\u00e9n es Sean Brady, el pr\u00f3ximo oponente de Michael Morales?: Est\u00e1 en top 2"},"content":{"rendered":"<p class=\"paragraph \" id=\"m78-77-79\">El <strong>ecuatoriano Michael Morales <\/strong>se prepara para enfrentar la prueba m\u00e1s desafiante de su carrera: el estadounidense Sean Brady, un combate de \u00e9lite que se llevar\u00e1 a cabo en UFC 322 el pr\u00f3ximo 15 de noviembre en el ic\u00f3nico Madison Square Garden de Nueva York.<\/p>\n<p class=\"paragraph \" id=\"m83-82-84\">(Lea tambi\u00e9n: <a href=\"https:\/\/www.extra.ec\/noticia\/deportes\/ufc-322-michael-morales-vs-sean-brady-se-enfrentan-el-15-de-noviembre-138790.html\" target=\"_blank\" rel=\"nofollow noopener\">UFC 322: Michael Morales vs Sean Brady se enfrentan el 15 de noviembre<\/a>)<\/p>\n<p class=\"paragraph \" id=\"m88-87-89\">Brady no es un rival cualquiera. Se presenta con un impresionante r\u00e9cord y <strong>un lugar privilegiado en la divisi\u00f3n<\/strong>, lo que convierte esta pelea en la oportunidad de Morales para saltar al estelar top de la categor\u00eda.<\/p>\n<p>Sean Brady: El &#8216;grappler&#8217; de \u00e9lite en el top del peso w\u00e9lter<\/p>\n<p class=\"paragraph \" id=\"m98-97-99\">Sean Thomas Brady, originario de Filadelfia, Pensilvania, es un artista marcial mixto con un <strong>r\u00e9cord profesional de 18 victorias y solo 1 derrota (18-1).<\/strong><\/p>\n<p class=\"paragraph \" id=\"m144-143-145\">Seg\u00fan la clasificaci\u00f3n oficial de la UFC, Sean Brady es actualmente el n\u00famero 2 del peso w\u00e9lter (170 libras). Esta posici\u00f3n lo ubica justo por debajo del campe\u00f3n (<strong>Jack Della Maddalena<\/strong>) y del n\u00famero 1 (Belal Muhammad), lo que valida el gran desaf\u00edo que representa para el invicto ecuatoriano. De vencerlo, Morales se colocar\u00eda cara a cara con una pelea por el t\u00edtulo en el futuro cercano.<\/p>\n<p class=\"paragraph \" id=\"m149-148-150\">Brady es un competidor con un profundo background en la lucha y el grappling, <strong>siendo cintur\u00f3n negro en jiu-jitsu brasile\u00f1o con Daniel Gracie<\/strong>, lo que lo convierte en un experto en la presi\u00f3n y el combate en el suelo.<\/p>\n<p>Las victorias m\u00e1s recientes de Sean Brady<\/p>\n<p class=\"paragraph \" id=\"m233-232-234\">Brady ha demostrado su val\u00eda con un s\u00f3lido camino en la UFC, recuper\u00e1ndose de su \u00fanica derrota (ante Belal Muhammad en 2022) con importantes triunfos recientes:<\/p>\n<ul>\n<li>Vs. <strong>Gilbert Burns (<\/strong>7 de septiembre de 2024): Brady gan\u00f3 la pelea por Decisi\u00f3n Un\u00e1nime en un combate a 5 asaltos en UFC Fight Night 244.<\/li>\n<li>Vs. <strong>Kelvin Gastelum<\/strong> (2 de diciembre de 2023): Brady se llev\u00f3 la victoria por Sumisi\u00f3n (estrangulamiento del brazo) en el tercer asalto de UFC on ESPN 52, un triunfo que le vali\u00f3 un premio a la Actuaci\u00f3n de la Noche.<\/li>\n<li>Vs. <strong>Michael Chiesa<\/strong> (20 de noviembre de 2021): Gan\u00f3 el combate por Decisi\u00f3n Un\u00e1nime en UFC Fight Night.<\/li>\n<li>Vs. Leon Edwards (22 de marzo de 2025): Gan\u00f3 la pelea por Sumisi\u00f3n.<\/li>\n<\/ul>\n<p class=\"paragraph \" id=\"m248-247-249\">La pelea entre el grappling implacable de Brady y el striking t\u00e9cnico de Morales promete ser uno de los duelos m\u00e1s esperados de UFC 322. De momento, este 14 de octubre Morales public\u00f3 en sus redes una historia donde muestra que est\u00e1 ya trabajando en llegar al peso ideal para un resultado positivo en el pesaje,<strong> pues actualmente pesar\u00eda 120 libras.<\/strong><\/p>\n<p class=\"paragraph \" id=\"m253-252-254\"><a href=\"https:\/\/suscripcion.extra.ec\/?_gl=1*1henx11*_gcl_au*NzI2NDQzOTczLjE3NTU3MjMyMjguMTk3NDEzNzc4MC4xNzU1NzI2MzUzLjE3NTU3MjYzNTk.\" target=\"_blank\" rel=\"nofollow noopener\">\u00bfQuieres acceder a todo el contenido de calidad sin l\u00edmites? \u00a1SUSCR\u00cdBETE AQU\u00cd!<\/a><\/p>\n","protected":false},"excerpt":{"rendered":"El ecuatoriano Michael Morales se prepara para enfrentar la prueba m\u00e1s desafiante de su carrera: el estadounidense Sean&hellip;\n","protected":false},"author":2,"featured_media":179123,"comment_status":"","ping_status":"","sticky":false,"template":"","format":"standard","meta":{"footnotes":""},"categories":[276],"tags":[51052,168,25,24,51051,2409,51053,23,167,343],"class_list":{"0":"post-179122","1":"post","2":"type-post","3":"status-publish","4":"format-standard","5":"has-post-thumbnail","7":"category-ufc","8":"tag-cuando-vuelve-a-pelear-michael-morales","9":"tag-deportes","10":"tag-es","11":"tag-espana","12":"tag-michael-morales-se-enfrenta-a-sean-brady-en-el-ufc-322","13":"tag-michael-morales-ufc","14":"tag-quien-es-sean-brady","15":"tag-spain","16":"tag-sports","17":"tag-ufc"},"share_on_mastodon":{"url":"","error":""},"_links":{"self":[{"href":"https:\/\/www.europesays.com\/es\/wp-json\/wp\/v2\/posts\/179122","targetHints":{"allow":["GET"]}}],"collection":[{"href":"https:\/\/www.europesays.com\/es\/wp-json\/wp\/v2\/posts"}],"about":[{"href":"https:\/\/www.europesays.com\/es\/wp-json\/wp\/v2\/types\/post"}],"author":[{"embeddable":true,"href":"https:\/\/www.europesays.com\/es\/wp-json\/wp\/v2\/users\/2"}],"replies":[{"embeddable":true,"href":"https:\/\/www.europesays.com\/es\/wp-json\/wp\/v2\/comments?post=179122"}],"version-history":[{"count":0,"href":"https:\/\/www.europesays.com\/es\/wp-json\/wp\/v2\/posts\/179122\/revisions"}],"wp:featuredmedia":[{"embeddable":true,"href":"https:\/\/www.europesays.com\/es\/wp-json\/wp\/v2\/media\/179123"}],"wp:attachment":[{"href":"https:\/\/www.europesays.com\/es\/wp-json\/wp\/v2\/media?parent=179122"}],"wp:term":[{"taxonomy":"category","embeddable":true,"href":"https:\/\/www.europesays.com\/es\/wp-json\/wp\/v2\/categories?post=179122"},{"taxonomy":"post_tag","embeddable":true,"href":"https:\/\/www.europesays.com\/es\/wp-json\/wp\/v2\/tags?post=179122"}],"curies":[{"name":"wp","href":"https:\/\/api.w.org\/{rel}","templated":true}]}}