{"id":179124,"date":"2025-10-15T19:51:14","date_gmt":"2025-10-15T19:51:14","guid":{"rendered":"https:\/\/www.europesays.com\/es\/179124\/"},"modified":"2025-10-15T19:51:14","modified_gmt":"2025-10-15T19:51:14","slug":"jose-luis-marfil-y-mercedes-arroyo-ganan-la-prueba-final-del-circuito-senior-de-castilla-y-leon-federacion-de-golf-de-castilla-y-leon","status":"publish","type":"post","link":"https:\/\/www.europesays.com\/es\/179124\/","title":{"rendered":"Jos\u00e9 Luis Marfil y Mercedes Arroyo ganan la prueba Final del Circuito Senior de Castilla y Le\u00f3n \u2013 Federaci\u00f3n de Golf de Castilla y Le\u00f3n"},"content":{"rendered":"<p>\t\t\t\t\t\t\t\t\t\t<img loading=\"lazy\" width=\"2560\" height=\"1920\" src=\"https:\/\/www.europesays.com\/es\/wp-content\/uploads\/2025\/10\/gran-premio-junta-cyl-entrepinos-2023-scaled.jpg\" class=\"attachment-post-thumbnail size-post-thumbnail wp-post-image\" alt=\"\" decoding=\"async\"  \/>\t\t\t\t\t\t\t\t\t<\/p>\n<p>Jos\u00e9 Luis Marfil y Mercedes Arroyo han sido los mejores en la prueba Final del Circuito Senior de Castilla y Le\u00f3n \u2018Memorial Paco Ib\u00e1\u00f1ez\u2019, que se ha celebrado en el recorrido vallisoletano de Entrepinos, magnifico punto y final a una intensa e interesante temporada.<\/p>\n<p>El ganador masculino -que no se hab\u00eda impuesto en ninguna de las doce pruebas celebradas antes de la gran final, acumul\u00f3 32 golpes a lo largo de su vuelta, uno y dos m\u00e1s que El\u00edas Plaza -que hab\u00eda ganado tres pruebas a lo largo del a\u00f1o- y Jos\u00e9 Miguel Velasco, que completaron el podio de esta final. Este \u00faltimo se ha impuesto en cinco ocasiones a lo largo de la temporada.<\/p>\n<p>Por su parte, Mercedes Arroyo ratific\u00f3 su extraordinario dominio durante el a\u00f1o plasmado en nueve victorias en los once torneos del calendario de este Circuito Senior de Castilla y Le\u00f3n. La palentina Mercedes Arroyo sum\u00f3 19 puntos, dos y tres m\u00e1s, en su caso, que Amparo Rosa S\u00e1nchez y Rosa Mary D\u00edaz.<\/p>\n<p>Destacar asimismo a los ganadores de las categor\u00edas h\u00e1ndicap: Guillermo Casares (primera categor\u00eda), C\u00e1ndido Plaza (segunda categor\u00eda) y Jes\u00fas Carlos Jim\u00e9nez (tercera categor\u00eda).<\/p>\n<p>Recordar que el palmar\u00e9s de esta Final del Circuito Senior incluye a nombres de prestigio del golf castellanoleon\u00e9s. Jos\u00e9 \u00c1ngel Sanz y Mar\u00eda Yolanda Valbuena se impusieron en 2024; Jos\u00e9 Miguel Velasco y Mercedes Arroyo ganaron en la edici\u00f3n de 2023; Jos\u00e9 Miguel Velasco y Blanca L\u00f3pez fueron los mejores en 2022, mientras que Fernando Cabezudo y Mercedes Arroyo acabaron en primera posici\u00f3n en la Final del Circuito Senior de Castilla y Le\u00f3n en 2021.<\/p>\n<p>Adem\u00e1s, Fernando Cabezudo, junto a Milagros Mingo, gan\u00f3 esta prueba en 2017 y, junto a Mercedes Arroyo, lo hizo en 2019.<\/p>\n<p>La citada Mercedes Arroyo, en este caso junto a Domingo Redondo, obtuvo el triunfo tambi\u00e9n en 2018. Adicionalmente, Jos\u00e9 Miguel Velasco y Mar\u00eda Yolanda Valbuena fueron los m\u00e1s destacados en 2021.<\/p>\n<p>Destacar que en esta prueba final han participado todos aquellos golfistas seniors que han resultado ganadores en cualquiera de las categor\u00edas o clasificaci\u00f3n scratch de cada uno de los torneos del Circuito Senior y los primeros clasificados del Ranking Senior, damas y caballeros, as\u00ed como\u00a0los primeros clasificados de las distintas clasificaciones acumuladas de este Circuito.<\/p>\n<p><strong>FINAL DEL CIRCUITO SENIOR DE CASTILLA Y LE\u00d3N 2025 (Entrepinos, 15 de octubre)<\/strong><\/p>\n<p><strong><a href=\"https:\/\/fgolfcyl.org\/wp-content\/uploads\/2025\/10\/Final-Circuito-senior-cyl-listado-participantes-2025.pdf\" target=\"_blank\" rel=\"noreferrer noopener nofollow\">Listado de jugadores y preferencias en la inscripci\u00f3n<\/a><\/strong><\/p>\n<p><strong><a href=\"https:\/\/nextcaddy.com\/tour\/61016\" target=\"_blank\" rel=\"noreferrer noopener nofollow\">Consulta de resultados<\/a><\/strong><\/p>\n<p><strong>CIRCUITO SENIORS DE DAMAS Y CABALLEROS DE CASTILLA Y LE\u00d3N 2025, MEMORIAL PACO IB\u00c1\u00d1EZ<\/strong><br \/><strong><a href=\"https:\/\/fgolfcyl.org\/wp-content\/uploads\/2025\/09\/cirfgcyl1325-4.pdf\" target=\"_blank\" rel=\"noreferrer noopener nofollow\">Reglamento y Calendario<\/a><\/strong><\/p>\n<p><strong>GANADORES CIRCUITO SENIOR CASTILLA Y LE\u00d3N\u00a02025<br \/>Primera prueba (Aldeamayor, 9 abril)<\/strong><br \/>Marcos G\u00f3mez y Mercedes Arroyo<\/p>\n<p><strong>Segunda prueba (Isla Dos Aguas, 30 abril)<br \/><\/strong>Francisco Valle y\u00a0Mercedes Arroyo<\/p>\n<p><strong>Tercera prueba (El Fresnillo, 14 mayo)<br \/><\/strong>El\u00edas Plaza y Mercedes Arroyo<\/p>\n<p><strong>Cuarta prueba (Zarapicos, 28 mayo)<br \/><\/strong>Jos\u00e9 Miguel Velasco y Mercedes Arroyo<\/p>\n<p><strong>Quinta prueba (Le\u00f3n GC, 11 junio)<br \/><\/strong>Jos\u00e9 Miguel Velasco y Rosa Mary D\u00edez<\/p>\n<p><strong>Sexta prueba (Riocerezo, 25 junio)<br \/><\/strong>Jos\u00e9 Miguel Velasco y Mercedes Arroyo<\/p>\n<p><strong>S\u00e9ptima prueba (Club de Golf Soria, 25 julio)<br \/><\/strong>Jos\u00e9 Javier Sainz y Mercedes Arroyo<\/p>\n<p><strong>Octava prueba (Villa de Cu\u00e9llar, 19-20 agosto)<br \/><\/strong>El\u00edas Plaza y Mercedes Arroyo<\/p>\n<p><strong>Novena prueba (La Valmuza, 3 septiembre)<br \/><\/strong>Jos\u00e9 Miguel Velasco y Mercedes Arroyo<\/p>\n<p><strong>D\u00e9cima prueba (Sotoverde, 17 septiembre)<\/strong><br \/>El\u00edas Plaza y Mercedes Arroyo<\/p>\n<p><strong>Und\u00e9cima prueba (La Galera, 1 octubre)<br \/><\/strong>Jos\u00e9 Miguel Velasco y Mar\u00eda Jos\u00e9 Pascual<\/p>\n<p><strong>Final (Entrepinos, 15 octubre)<br \/><\/strong>Jos\u00e9 Luis Marfil y Mercedes Arroyo<\/p>\n","protected":false},"excerpt":{"rendered":"Jos\u00e9 Luis Marfil y Mercedes Arroyo han sido los mejores en la prueba Final del Circuito Senior de&hellip;\n","protected":false},"author":2,"featured_media":179125,"comment_status":"","ping_status":"","sticky":false,"template":"","format":"standard","meta":{"footnotes":""},"categories":[275],"tags":[168,25,24,329,23,167],"class_list":{"0":"post-179124","1":"post","2":"type-post","3":"status-publish","4":"format-standard","5":"has-post-thumbnail","7":"category-golf","8":"tag-deportes","9":"tag-es","10":"tag-espana","11":"tag-golf","12":"tag-spain","13":"tag-sports"},"share_on_mastodon":{"url":"","error":""},"_links":{"self":[{"href":"https:\/\/www.europesays.com\/es\/wp-json\/wp\/v2\/posts\/179124","targetHints":{"allow":["GET"]}}],"collection":[{"href":"https:\/\/www.europesays.com\/es\/wp-json\/wp\/v2\/posts"}],"about":[{"href":"https:\/\/www.europesays.com\/es\/wp-json\/wp\/v2\/types\/post"}],"author":[{"embeddable":true,"href":"https:\/\/www.europesays.com\/es\/wp-json\/wp\/v2\/users\/2"}],"replies":[{"embeddable":true,"href":"https:\/\/www.europesays.com\/es\/wp-json\/wp\/v2\/comments?post=179124"}],"version-history":[{"count":0,"href":"https:\/\/www.europesays.com\/es\/wp-json\/wp\/v2\/posts\/179124\/revisions"}],"wp:featuredmedia":[{"embeddable":true,"href":"https:\/\/www.europesays.com\/es\/wp-json\/wp\/v2\/media\/179125"}],"wp:attachment":[{"href":"https:\/\/www.europesays.com\/es\/wp-json\/wp\/v2\/media?parent=179124"}],"wp:term":[{"taxonomy":"category","embeddable":true,"href":"https:\/\/www.europesays.com\/es\/wp-json\/wp\/v2\/categories?post=179124"},{"taxonomy":"post_tag","embeddable":true,"href":"https:\/\/www.europesays.com\/es\/wp-json\/wp\/v2\/tags?post=179124"}],"curies":[{"name":"wp","href":"https:\/\/api.w.org\/{rel}","templated":true}]}}