{"id":17914,"date":"2025-08-01T06:26:09","date_gmt":"2025-08-01T06:26:09","guid":{"rendered":"https:\/\/www.europesays.com\/es\/17914\/"},"modified":"2025-08-01T06:26:09","modified_gmt":"2025-08-01T06:26:09","slug":"brasil-promete-luchar-contra-la-injusticia-arancelaria-de-trump","status":"publish","type":"post","link":"https:\/\/www.europesays.com\/es\/17914\/","title":{"rendered":"Brasil promete luchar contra la \u00abinjusticia\u00bb arancelaria de Trump"},"content":{"rendered":"<p>    <img src=\"https:\/\/www.europesays.com\/es\/wp-content\/uploads\/2025\/08\/68gl9nu-item01-ipad-89768827.jpg\" width=\"892\" height=\"768\" alt=\"\" loading=\"eager\" decoding=\"sync\" fetchpriority=\"high\"\/><\/p>\n<p>            afp_tickers        <\/p>\n<p>        Este contenido fue publicado en    <\/p>\n<p>        01 agosto 2025 &#8211; 07:45\n<\/p>\n<p>El gobierno de Brasil prometi\u00f3 el jueves luchar contra la \u00abinjusticia\u00bb arancelaria del presidente Donald Trump, pese al alivio a ciertos sectores de exportaci\u00f3n, y advirti\u00f3 que recurrir\u00e1 a tribunales internacionales si las negociaciones que prev\u00e9 con Estados Unidos fracasan.<\/p>\n<p>La nuevas tarifas aduaneras del 50%, que entrar\u00e1n en vigor el 6 de agosto, recaer\u00e1n sobre el caf\u00e9 y la carne, dos productos de los cuales Brasil es el principal exportador mundial.\u00a0<\/p>\n<p>Otras exportaciones clave, como el jugo de naranja, las aeronaves civiles y sus componentes, y los fertilizantes, quedaron excluidos.\u00a0En total, cerca de 700 productos solo ser\u00e1n objeto de los grav\u00e1menes del 10% ya anunciados en abril.<\/p>\n<p>Para el gobierno del presidente Luiz Inacio Lula da Silva, se est\u00e1 \u00aben un punto de partida m\u00e1s favorable del que se imaginaba, pero lejos del punto de llegada\u00bb, dijo el ministro de Finanzas, Fernando Haddad.\u00a0<\/p>\n<p>En declaraciones a la prensa en Brasilia, Haddad anunci\u00f3 que hablar\u00e1 con su hom\u00f3logo estadounidense, el secretario del Tesoro, Scott Bessent, y que habr\u00e1 \u00abuna ronda de negociaciones\u00bb.<\/p>\n<p>\u00abHay mucha injusticia\u00bb en las medidas estadounidenses y se necesita hacer \u00abcorrecciones\u00bb para alcanzar una situaci\u00f3n satisfactoria para Brasil, afirm\u00f3.<\/p>\n<p>El ministro tambi\u00e9n anunci\u00f3 la intenci\u00f3n de Brasil de \u00abrecurrir en las instancias debidas, tanto en Estados Unidos como en los organismos internacionales\u00bb.<\/p>\n<p>El vicepresidente Geraldo Alckmin, principal responsable del di\u00e1logo con Washington, fue enf\u00e1tico: \u00abLa negociaci\u00f3n no termina hoy, empieza hoy\u00bb, declar\u00f3 en la TV Globo.<\/p>\n<p>Los nuevos aranceles afectar\u00e1n al 35,9% de las exportaciones de Brasil a Estados Unidos, equivalentes a 14.500 millones de d\u00f3lares en 2024, seg\u00fan cifras oficiales brasile\u00f1as.\u00a0<\/p>\n<p>\u2013 \u00abImpacto relevante\u00bb \u2013<\/p>\n<p>Los aranceles a Brasil est\u00e1n entre los m\u00e1s elevados impuestos por la administraci\u00f3n Trump a sus socios comerciales.<\/p>\n<p>Para el economista Reginaldo Nogueira, director de la universidad Ibmec, \u00abla medida es dura y tendr\u00e1 un impacto relevante sobre sectores importantes de la econom\u00eda brasile\u00f1a\u00bb.<\/p>\n<p>\u00abLas exclusiones ayudan a aliviar parte de la presi\u00f3n sobre Brasil, pero, sobre todo, preservan insumos estrat\u00e9gicos para la econom\u00eda estadounidense\u00bb, dijo a la AFP.<\/p>\n<p>El gobierno de Lula lanzar\u00e1 en los pr\u00f3ximos d\u00edas un programa de medidas de protecci\u00f3n a las empresas exportadoras m\u00e1s afectadas, seg\u00fan Haddad.<\/p>\n<p>El izquierdista Lula denunci\u00f3 las medidas de Estados Unidos como un ataque a la \u00absoberan\u00eda\u00bb de la mayor econom\u00eda de Sudam\u00e9rica.<\/p>\n<p>En medio de la crisis, la aprobaci\u00f3n del mandatario super\u00f3 el 50% por primera vez en 2025, al llegar a 50,2%, seg\u00fan una encuesta de la firma Atlas Intel divulgada el jueves. \u00a0\u00a0<\/p>\n<p>\u00abLa \u00faltima vez que el presidente registr\u00f3 un saldo positivo de aprobaci\u00f3n fue en octubre de 2024\u00bb, valor\u00f3 Atlas.\u00a0<\/p>\n<p>\u2013 \u00abAlerta\u00bb \u2013<\/p>\n<p>La mayor crisis en d\u00e9cadas entre las dos principales econom\u00edas de Am\u00e9rica no responde a motivos econ\u00f3micos: Estados Unidos tiene super\u00e1vit comercial con Brasil, a diferencia de lo que ocurre con otros pa\u00edses que han sido objeto de las nuevas tasas fijadas por la Casa Blanca.<\/p>\n<p>La raz\u00f3n es principalmente pol\u00edtica. Trump denuncia una supuesta \u00abcaza de brujas\u00bb contra su aliado, el expresidente brasile\u00f1o de extrema derecha Jair Bolsonaro (2019-2022), actualmente juzgado por presunta conspiraci\u00f3n golpista.<\/p>\n<p>\u00abLa persecuci\u00f3n, la intimidaci\u00f3n, el acoso, la censura y el procesamiento por motivos pol\u00edticos del gobierno brasile\u00f1o contra (Bolsonaro) y miles de sus partidarios son graves abusos de los derechos humanos que han socavado el Estado de derecho en Brasil\u00bb, se\u00f1al\u00f3 el mi\u00e9rcoles la Casa Blanca al anunciar los nuevas sobretasas.<\/p>\n<p>Casi en paralelo con el decreto arancelario, la administraci\u00f3n Trump aplic\u00f3 sanciones econ\u00f3micas contra Alexandre de Moraes, el juez que lleva el caso contra Bolsonaro.<\/p>\n<p>Seg\u00fan Washington, que ya le hab\u00eda revocado la visa, Moraes \u00abha abusado de su autoridad\u00bb.\u00a0<\/p>\n<p>Las sanciones abarcan el bloqueo de todos los eventuales activos de Moraes en Estados Unidos y la prohibici\u00f3n de ciudadanos y empresas estadounidenses de hacer negocios con \u00e9l.\u00a0<\/p>\n<p>Una fuente judicial brasile\u00f1a dijo sin embargo a la AFP que \u00abel juez no tiene bienes en Estados Unidos\u00bb.\u00a0<\/p>\n<p>La arremetida contra Moraes fue celebrada especialmente por Eduardo Bolsonaro, hijo del expresidente, que en marzo dej\u00f3 en suspenso su banca de diputado federal y se mud\u00f3 a Estados Unidos para ejercer presi\u00f3n sobre el gobierno de Trump contra los poderes Ejecutivo y Judicial de Brasil.<\/p>\n<p>\u00abEs un marco hist\u00f3rico y un alerta: abuso de autoridad tiene consecuencias globales\u00bb, escribi\u00f3 en X.<\/p>\n<p>rsr\/jss\/ad<\/p>\n","protected":false},"excerpt":{"rendered":"afp_tickers Este contenido fue publicado en 01 agosto 2025 &#8211; 07:45 El gobierno de Brasil prometi\u00f3 el jueves&hellip;\n","protected":false},"author":2,"featured_media":17915,"comment_status":"","ping_status":"","sticky":false,"template":"","format":"standard","meta":{"footnotes":""},"categories":[42],"tags":[17,18,82,83,84,13,14,11,61,62,85,63,86,64,19,20,87,9,10,15,16,88,89,90,12,21,22,65,66,67],"class_list":{"0":"post-17914","1":"post","2":"type-post","3":"status-publish","4":"format-standard","5":"has-post-thumbnail","7":"category-internacional","8":"tag-breaking-news","9":"tag-breakingnews","10":"tag-business","11":"tag-diplomacy","12":"tag-economy-general","13":"tag-featured-news","14":"tag-featurednews","15":"tag-headlines","16":"tag-internacional","17":"tag-international","18":"tag-international-foreign-trade","19":"tag-international-news","20":"tag-international-relations","21":"tag-internationalnews","22":"tag-latest-news","23":"tag-latestnews","24":"tag-macro-economics","25":"tag-news","26":"tag-noticias","27":"tag-noticias-destacadas","28":"tag-noticiasdestacadas","29":"tag-politics","30":"tag-tariff","31":"tag-ticker","32":"tag-titulares","33":"tag-ultimas-noticias","34":"tag-ultimasnoticias","35":"tag-world","36":"tag-world-news","37":"tag-worldnews"},"share_on_mastodon":{"url":"","error":""},"_links":{"self":[{"href":"https:\/\/www.europesays.com\/es\/wp-json\/wp\/v2\/posts\/17914","targetHints":{"allow":["GET"]}}],"collection":[{"href":"https:\/\/www.europesays.com\/es\/wp-json\/wp\/v2\/posts"}],"about":[{"href":"https:\/\/www.europesays.com\/es\/wp-json\/wp\/v2\/types\/post"}],"author":[{"embeddable":true,"href":"https:\/\/www.europesays.com\/es\/wp-json\/wp\/v2\/users\/2"}],"replies":[{"embeddable":true,"href":"https:\/\/www.europesays.com\/es\/wp-json\/wp\/v2\/comments?post=17914"}],"version-history":[{"count":0,"href":"https:\/\/www.europesays.com\/es\/wp-json\/wp\/v2\/posts\/17914\/revisions"}],"wp:featuredmedia":[{"embeddable":true,"href":"https:\/\/www.europesays.com\/es\/wp-json\/wp\/v2\/media\/17915"}],"wp:attachment":[{"href":"https:\/\/www.europesays.com\/es\/wp-json\/wp\/v2\/media?parent=17914"}],"wp:term":[{"taxonomy":"category","embeddable":true,"href":"https:\/\/www.europesays.com\/es\/wp-json\/wp\/v2\/categories?post=17914"},{"taxonomy":"post_tag","embeddable":true,"href":"https:\/\/www.europesays.com\/es\/wp-json\/wp\/v2\/tags?post=17914"}],"curies":[{"name":"wp","href":"https:\/\/api.w.org\/{rel}","templated":true}]}}