{"id":179140,"date":"2025-10-15T20:01:09","date_gmt":"2025-10-15T20:01:09","guid":{"rendered":"https:\/\/www.europesays.com\/es\/179140\/"},"modified":"2025-10-15T20:01:09","modified_gmt":"2025-10-15T20:01:09","slug":"bloodbound-estrena-un-video-para-el-tema-as-empires-fall","status":"publish","type":"post","link":"https:\/\/www.europesays.com\/es\/179140\/","title":{"rendered":"BLOODBOUND estrena un v\u00eddeo para el tema \u201cAs Empires Fall\u201d."},"content":{"rendered":"<p>\u00a0<\/p>\n<p><img fetchpriority=\"high\" decoding=\"async\" src=\"https:\/\/www.europesays.com\/es\/wp-content\/uploads\/2025\/10\/bloodbound2025_1_500x267.jpg\" alt=\"BLOODBOUND\" width=\"500\" height=\"267\"\/><br \/>\n<strong>BLOODBOUND estrena un v\u00eddeo para el tema \u201cAs Empires Fall\u201d.<\/strong><\/p>\n<p><a href=\"https:\/\/www.facebook.com\/bloodboundmetal\" target=\"_blank\" rel=\"noopener nofollow\"><strong>BLOODBOUND<\/strong><\/a> han estrenado un nuevo single y v\u00eddeo titulado \u201cAs Empires Fall\u201d.<\/p>\n<p>Comenta Fredrik Bergh sobre \u201cAs Empires Fall\u201d: \u201cEsta canci\u00f3n es original de Patrik Selleby. Ten\u00eda el tema casi compuesto salvo el estribillo, y yo ten\u00eda un coro bomb\u00e1stico con el mismo tempo, y cuando la a\u00f1adimos, hizo un gran encaje. Patrik canta como un disco en esta y la banda est\u00e1 al m\u00e1ximo. Uno de mis temas favoritos del disco.\u201d<\/p>\n<p>A\u00f1ade Tomas Olsson: \u201c\u201cAs Empires Fall\u201d cuenta la historia de como los cruzados empezaron cuando el imperio bizantino pidi\u00f3 ayuda por la creciente amenaza del este.\u201d<\/p>\n<p><a href=\"https:\/\/www.facebook.com\/bloodboundmetal\" target=\"_blank\" rel=\"noopener nofollow\"><strong>BLOODBOUND<\/strong><\/a> sacar\u00e1n el 21 de noviembre a trav\u00e9s de Napalm Records un nuevo disco titulado \u201cField Of Swords\u201d.<\/p>\n<p>Todos los detalles en esta <a href=\"https:\/\/www.rafabasa.com\/2025\/09\/10\/bloodbound-anuncian-su-nuevo-disco-titulado-field-of-swords\/\" rel=\"nofollow noopener\" target=\"_blank\">noticia<\/a>.<\/p>\n<p>Su \u00faltimo directo titulado \u201cThe Tales of Nosferatu \u2013 Two Decades of Blood (2004 \u2013 2024)\u201d sali\u00f3 el 19 de abril de 2024 .<\/p>\n<p>M\u00e1s detalles en esta <a href=\"https:\/\/www.rafabasa.com\/2024\/02\/18\/biohazard-bloodbound-withering-scorn\/#BLOODBOUND\" target=\"_blank\" rel=\"noopener nofollow\">noticia<\/a>.<\/p>\n<p><img loading=\"lazy\" decoding=\"async\" src=\"https:\/\/www.europesays.com\/es\/wp-content\/uploads\/2025\/10\/bloodbound2025_1.jpg\" alt=\"BLOODBOUND\" width=\"500\" height=\"333\"\/><\/p>\n<p>\u00a0<\/p>\n","protected":false},"excerpt":{"rendered":"\u00a0 BLOODBOUND estrena un v\u00eddeo para el tema \u201cAs Empires Fall\u201d. BLOODBOUND han estrenado un nuevo single y&hellip;\n","protected":false},"author":2,"featured_media":179141,"comment_status":"","ping_status":"","sticky":false,"template":"","format":"standard","meta":{"footnotes":""},"categories":[170],"tags":[36892,146,147,25,24,184,185,23],"class_list":{"0":"post-179140","1":"post","2":"type-post","3":"status-publish","4":"format-standard","5":"has-post-thumbnail","7":"category-musica","8":"tag-bloodbound","9":"tag-entertainment","10":"tag-entretenimiento","11":"tag-es","12":"tag-espana","13":"tag-music","14":"tag-musica","15":"tag-spain"},"share_on_mastodon":{"url":"","error":""},"_links":{"self":[{"href":"https:\/\/www.europesays.com\/es\/wp-json\/wp\/v2\/posts\/179140","targetHints":{"allow":["GET"]}}],"collection":[{"href":"https:\/\/www.europesays.com\/es\/wp-json\/wp\/v2\/posts"}],"about":[{"href":"https:\/\/www.europesays.com\/es\/wp-json\/wp\/v2\/types\/post"}],"author":[{"embeddable":true,"href":"https:\/\/www.europesays.com\/es\/wp-json\/wp\/v2\/users\/2"}],"replies":[{"embeddable":true,"href":"https:\/\/www.europesays.com\/es\/wp-json\/wp\/v2\/comments?post=179140"}],"version-history":[{"count":0,"href":"https:\/\/www.europesays.com\/es\/wp-json\/wp\/v2\/posts\/179140\/revisions"}],"wp:featuredmedia":[{"embeddable":true,"href":"https:\/\/www.europesays.com\/es\/wp-json\/wp\/v2\/media\/179141"}],"wp:attachment":[{"href":"https:\/\/www.europesays.com\/es\/wp-json\/wp\/v2\/media?parent=179140"}],"wp:term":[{"taxonomy":"category","embeddable":true,"href":"https:\/\/www.europesays.com\/es\/wp-json\/wp\/v2\/categories?post=179140"},{"taxonomy":"post_tag","embeddable":true,"href":"https:\/\/www.europesays.com\/es\/wp-json\/wp\/v2\/tags?post=179140"}],"curies":[{"name":"wp","href":"https:\/\/api.w.org\/{rel}","templated":true}]}}