{"id":179144,"date":"2025-10-15T20:03:13","date_gmt":"2025-10-15T20:03:13","guid":{"rendered":"https:\/\/www.europesays.com\/es\/179144\/"},"modified":"2025-10-15T20:03:13","modified_gmt":"2025-10-15T20:03:13","slug":"cinco-detenidos-en-la-manifestacion-propalestina-frente-al-roig-arena-por-el-partido-del-valencia-basket-y-el-hapoel-tel-aviv","status":"publish","type":"post","link":"https:\/\/www.europesays.com\/es\/179144\/","title":{"rendered":"Cinco detenidos en la manifestaci\u00f3n propalestina frente al Roig Arena por el partido del Valencia Basket y el Hapoel Tel Aviv"},"content":{"rendered":"<p style=\"\">Cerca de mil personas, seg\u00fan los datos ofrecidos por Delegaci\u00f3n del Gobierno, se han concentrado este mi\u00e9rcoles por la tarde frente al <strong>Roig Arena <\/strong>blindado hasta los topes para mostrar su apoyo al pueblo palestino aprovechando el partido de baloncesto -a puerta cerrada- que disputan  &#8230; <a href=\"https:\/\/www.abc.es\/espana\/comunidad-valenciana\/partido-valencia-basket-hapoel-tel-aviv-jugara-20251014120341-nt.html\" target=\"_blank\" data-voc-vtm-id=\"in-text-traffic\" title=\"Valencia Basket y Hapoel Tel Aviv\" data-mrf-link=\"www.abc.es\" rel=\"nofollow noopener\">Valencia Basket y Hapoel Tel Aviv<\/a>, el tercer encuentro de competiciones deportivas europeas que enfrenta esta semana a equipos espa\u00f1oles e israel\u00edes.<\/p>\n<p class=\"voc-p\" style=\"\">Pasadas las ocho de la tarde y tras varios peque\u00f1os altercados antes de caldearse y disolverse la protesta, la Polic\u00eda Nacional se ha visto obligada a actuar para reducir a un peque\u00f1o grupo de manifestantes que ha lanzado diferentes objetos, como sillas, mesas y petardos contra los indicativos, quienes finalmente <strong>han detenido a cinco personas<\/strong>.<\/p>\n<p class=\"voc-p\" style=\"\">A las 15.00 horas, mucho antes del comienzo del choque deportivo, furgones policiales ya custodiaban y vigilaban el entorno del nuevo pabell\u00f3n multiusos de la capital del Turia, en una jornada marcada por la huelga general convocada contra los ataques de Israel sobre la poblaci\u00f3n de Gaza. M\u00e1s de <strong>500 agentes<\/strong> han participado en un dispositivo, en el que se ha procurado asegurar la llegada con \u00e9xito y sin incidentes de la expedici\u00f3n del Hapoel, que ha pisado suelo del Roig Arena a las 18.11 horas, escoltada y franqueada por los indicativos en furgones y hasta por un helic\u00f3ptero.<\/p>\n<p class=\"voc-p\" style=\"\">Por su parte, el Roig Arena ha decidido acometer un blindaje interno, protegiendo con vallas algunas de sus instalaciones exteriores como la tienda del Valencia Basket y la zona de restauraci\u00f3n colindante al arena, cerrada durante toda la jornada. <\/p>\n<p class=\"voc-p\" style=\"\">Frente al estadio, hab\u00edan convocadas hasta cuatro protestas diferentes, encajonadas en las esquinas hasta que se han podido agrupar, a cierta distancia, en uno de los accesos, protegido en todo momento por los agentes de la UIP, quienes han tenido que lidiar con episodios violentos puntuales y lanzamientos de botes de humo amarillo, protagonizando <strong>leves cargas obligadas<\/strong> y evitando adem\u00e1s que cortaran la gran avenida Antonio Ferrandis.<\/p>\n<p class=\"voc-p\" style=\"\">Entre los asistentes a la marcha, se han escuchados c\u00e1nticos contra el primer ministro israel\u00ed Benjam\u00edn Netanyahu, al que han acusado de \u00abgenocida\u00bb. <strong>\u00abCada ni\u00f1o muerto, es un ni\u00f1o nuestro\u00bb<\/strong>, \u00abaqu\u00ed est\u00e1n los antisionistas\u00bb o \u00abno es un partido, es un blanqueamiento\u00bb, han sido algunas de las proclamas que han lanzado en virtud de protesta durante varias horas. <\/p>\n<p class=\"voc-p\" style=\"\">Adem\u00e1s, algunos manifestantes -la mayor\u00eda, j\u00f3venes-, ataviados con ropa de payaso, han comenzado a jugar a baloncesto de manera ir\u00f3nica frente a la mirada de los polic\u00edas nacionales, mientras llov\u00edan pelotas de pl\u00e1stico manchadas con manos rojas. \u00abNo es un plan de paz, es un proyecto inmobiliario de Trump\u00bb, rezaba otra pancarta. Ca\u00edda la noche, se han comenzado a marchar mientras aguantaba un nutrido grupo rodeados por los polic\u00edas.<\/p>\n<p>\nInformes policiales a favor de la puerta cerrada\n<\/p>\n<p class=\"voc-p\" style=\"\">El anuncio de la ausencia de p\u00fablico en el pabell\u00f3n multiusos se comunic\u00f3 a los abonados este pasado martes, despu\u00e9s de que el club recibiera por parte de la Delegaci\u00f3n del Gobierno diferentes<strong> informes policiales<\/strong> que aconsejaban la celebraci\u00f3n a puerta cerrada del encuentro de baloncesto, siguiendo el ejemplo de los encuentros europeos entre La Laguna Tenerife y Bnei Herzliya y del Baxi Manresa-Hapoel Jerusal\u00e9n.<\/p>\n<p><img decoding=\"async\" loading=\"lazy\" src=\"https:\/\/www.europesays.com\/es\/wp-content\/uploads\/2025\/10\/manifa-palestina-U47421775522uiN-760x427@diario_abc.jpg\" class=\"voc-img\" width=\"760\" height=\"427\" alt=\"Momento de la detenci\u00f3n de un manifestante propalestino frente al Roig Arena\" data-voc-vtm-id=\"in-text-traffic\"\/><\/p>\n<p>Momento de la detenci\u00f3n de un manifestante propalestino frente al Roig Arena<\/p>\n<p>ABC<\/p>\n<p class=\"voc-p\" style=\"\">Una decisi\u00f3n tomada por el club, aconsejado por las autoridades y sin apenas margen de maniobra, que este mi\u00e9rcoles por la ma\u00f1ana ha suscrito la propia delegada del Gobierno en la Comunidad Valenciana, Pilar Bernab\u00e9. \u00abQuiero trasladar mi apoyo al club y a sus aficionados, ojal\u00e1 hubi\u00e9semos podido disfrutar de nuestro equipo y poderle dar \u00e1nimos en un partido en el que entendemos que necesita a la afici\u00f3n a cerca\u00bb, ha aseverado. <\/p>\n<p class=\"voc-p\" style=\"\">No obstante, ha seguido, que se juegue sin p\u00fablico \u00abresponde a una decisi\u00f3n en la que el club <strong>ha puesto por delante la seguridad<\/strong> de todas las personas en una situaci\u00f3n compleja, dif\u00edcil, que desde luego a nadie nos gustar\u00eda tener delante y que ojal\u00e1 no se hubiese tenido que dar, per por encima de todo est\u00e1 garantizar la seguridad de todos los ciudadanos\u00bb.<\/p>\n<p class=\"voc-p\" style=\"\">As\u00ed, ha avanzado el dispositivo de la Polic\u00eda Nacional desplegado en los aleda\u00f1os del pabell\u00f3n, aunque ha matizado que su labor se ha prolongado durante toda la jornada, pues se han celebrado concentraciones y manifestaciones desde primera hora, con motivo de la <strong>jornada de huelga<\/strong> convocada en apoyo al pueblo palestino y contraria a la ofensiva de Israel. <\/p>\n<p class=\"voc-p\" style=\"\">Un total de once pe\u00f1as del Valencia Basket emitieron un comunicado conjunto para criticar la medida de que el partido se dispute a puerta cerrada, al considerarla <strong>\u00abinjusta para la afici\u00f3n\u00bb<\/strong> y \u00abperjudicial para el esp\u00edritu del deporte y de la competici\u00f3n\u00bb. \u00abExigimos nuestro derecho tanto de animar a nuestro equipo como de pedir el final del genocidio\u00bb, a\u00f1ad\u00edan en la misiva.<\/p>\n","protected":false},"excerpt":{"rendered":"Cerca de mil personas, seg\u00fan los datos ofrecidos por Delegaci\u00f3n del Gobierno, se han concentrado este mi\u00e9rcoles por&hellip;\n","protected":false},"author":2,"featured_media":179145,"comment_status":"","ping_status":"","sticky":false,"template":"","format":"standard","meta":{"footnotes":""},"categories":[93],"tags":[3334,168,25,24,74,5087,3333,23,167,235],"class_list":{"0":"post-179144","1":"post","2":"type-post","3":"status-publish","4":"format-standard","5":"has-post-thumbnail","7":"category-deportes","8":"tag-arena","9":"tag-deportes","10":"tag-es","11":"tag-espana","12":"tag-israel","13":"tag-manifestacion","14":"tag-roig","15":"tag-spain","16":"tag-sports","17":"tag-valencia"},"share_on_mastodon":{"url":"","error":""},"_links":{"self":[{"href":"https:\/\/www.europesays.com\/es\/wp-json\/wp\/v2\/posts\/179144","targetHints":{"allow":["GET"]}}],"collection":[{"href":"https:\/\/www.europesays.com\/es\/wp-json\/wp\/v2\/posts"}],"about":[{"href":"https:\/\/www.europesays.com\/es\/wp-json\/wp\/v2\/types\/post"}],"author":[{"embeddable":true,"href":"https:\/\/www.europesays.com\/es\/wp-json\/wp\/v2\/users\/2"}],"replies":[{"embeddable":true,"href":"https:\/\/www.europesays.com\/es\/wp-json\/wp\/v2\/comments?post=179144"}],"version-history":[{"count":0,"href":"https:\/\/www.europesays.com\/es\/wp-json\/wp\/v2\/posts\/179144\/revisions"}],"wp:featuredmedia":[{"embeddable":true,"href":"https:\/\/www.europesays.com\/es\/wp-json\/wp\/v2\/media\/179145"}],"wp:attachment":[{"href":"https:\/\/www.europesays.com\/es\/wp-json\/wp\/v2\/media?parent=179144"}],"wp:term":[{"taxonomy":"category","embeddable":true,"href":"https:\/\/www.europesays.com\/es\/wp-json\/wp\/v2\/categories?post=179144"},{"taxonomy":"post_tag","embeddable":true,"href":"https:\/\/www.europesays.com\/es\/wp-json\/wp\/v2\/tags?post=179144"}],"curies":[{"name":"wp","href":"https:\/\/api.w.org\/{rel}","templated":true}]}}