{"id":179153,"date":"2025-10-15T20:09:08","date_gmt":"2025-10-15T20:09:08","guid":{"rendered":"https:\/\/www.europesays.com\/es\/179153\/"},"modified":"2025-10-15T20:09:08","modified_gmt":"2025-10-15T20:09:08","slug":"perez-reverte-acusa-al-gobierno-de-querer-colonizar-la-rae-y-atiza-la-guerra-con-el-instituto-cervantes-cultura","status":"publish","type":"post","link":"https:\/\/www.europesays.com\/es\/179153\/","title":{"rendered":"P\u00e9rez-Reverte acusa al Gobierno de querer colonizar la RAE y atiza la guerra con el Instituto Cervantes | Cultura"},"content":{"rendered":"<p class=\"\">El escritor y acad\u00e9mico de la Real Academia Espa\u00f1ola (RAE), <a href=\"https:\/\/www.rae.es\/academico\/arturo-perez-reverte-gutierrez\" target=\"_self\" rel=\"nofollow noopener\" title=\"https:\/\/www.rae.es\/academico\/arturo-perez-reverte-gutierrez\">Arturo P\u00e9rez-Reverte<\/a>, ha atizado este mi\u00e9rcoles el fuego del agrio enfrentamiento entre el director del Instituto Cervantes, <a href=\"https:\/\/elpais.com\/noticias\/luis-garcia-montero\/\" target=\"_self\" rel=\"nofollow noopener\" title=\"https:\/\/elpais.com\/noticias\/luis-garcia-montero\/\">Luis Garc\u00eda Montero<\/a>, y de la RAE, <a href=\"https:\/\/elpais.com\/noticias\/santiago-munoz-machado\/\" target=\"_self\" rel=\"nofollow noopener\" title=\"https:\/\/elpais.com\/noticias\/santiago-munoz-machado\/\">Santiago Mu\u00f1oz Machado<\/a>, que adem\u00e1s es el presidente de la Asociaci\u00f3n de Academias de la Lengua Espa\u00f1ola (Asale). P\u00e9rez-Reverte ha cargado muy duramente contra Garc\u00eda Montero, a quien en su cuenta de la red social X ha tildado de \u201cmediocre\u201d y \u201cpaniaguado\u201d, t\u00e9rmino este \u00faltimo que se refiere a alguien protegido o enchufado por otro.<\/p>\n<p class=\"\">Ese otro al que se refiere el escritor es el ministro de Asuntos Exteriores, Uni\u00f3n Europea y Cooperaci\u00f3n, Jos\u00e9 Manuel Albares, de cuyo departamento depende el Cervantes. \u201cEs sencillo de explicar: la incompetencia de los sucesivos ministros de Exteriores, en especial del \u00faltimo, nos ha hecho perder la Am\u00e9rica hispana. El \u00fanico v\u00ednculo de prestigio diplom\u00e1tico que a\u00fan se mantiene con ella, gracias a la RAE, es la lengua espa\u00f1ola\u201d, ha escrito el autor. <\/p>\n<blockquote class=\"twitter-tweet\">\n<p lang=\"es\" dir=\"ltr\">Es sencillo de explicar: la incompetencia de los sucesivos ministros de Exteriores, en especial del \u00faltimo, nos ha hecho perder la Am\u00e9rica hispana. El \u00fanico v\u00ednculo de prestigio diplom\u00e1tico que a\u00fan se mantiene con ella, gracias a la RAE, es la lengua espa\u00f1ola. Exteriores, a\u2026<\/p>\n<p>\u2014 Arturo P\u00e9rez-Reverte (@perezreverte) <a href=\"https:\/\/twitter.com\/perezreverte\/status\/1978359022832037992?ref_src=twsrc%5Etfw\" rel=\"nofollow noopener\" target=\"_blank\">October 15, 2025<\/a><\/p><\/blockquote>\n<p class=\"\">\u201cExteriores, a trav\u00e9s de su mediocre y paniaguado director del Cervantes (criatura de Albares), pretende meter mano ah\u00ed tambi\u00e9n; colonizar el \u00e1mbito natural de la RAE abri\u00e9ndose paso a codazos para protagonizar la fotograf\u00eda\u201d.<\/p>\n<p class=\"\">P\u00e9rez-Reverte tambi\u00e9n ha opinado sobre las declaraciones de Garc\u00eda Montero en <a href=\"https:\/\/elpais.com\/cultura\/2025-10-13\/garcia-montero-ya-habra-tiempo-de-hablar-de-la-preparacion-del-sucesor-del-director-de-la-rae-munoz-machado-ni-idea.html\" target=\"_self\" rel=\"nofollow noopener\" title=\"https:\/\/elpais.com\/cultura\/2025-10-13\/garcia-montero-ya-habra-tiempo-de-hablar-de-la-preparacion-del-sucesor-del-director-de-la-rae-munoz-machado-ni-idea.html\">la rueda de prensa de presentaci\u00f3n del CILE<\/a> en las que se\u00f1alaba que Mu\u00f1oz Machado estaba preparando un tapado para sucederle. \u201cY, a ser posible de cara al futuro pr\u00f3ximo, prepararse para controlar tambi\u00e9n la Academia, si se le permite hacerlo. O sea, ponerla a su servicio y contaminarla como han hecho con todas las instituciones espa\u00f1olas. Lo que se traduce, en el caso que nos ocupa, de una siniestra mezcla de egos revueltos y mala fe\u201d.<\/p>\n<p class=\"\">Las palabras de P\u00e9rez-Reverte recrudecen un enfrentamiento personal e institucional del que apenas se han vivido unas horas de tregua desde la rueda de prensa de presentaci\u00f3n del congreso del lunes. Ese d\u00eda, Garc\u00eda Montero dijo: \u201cYa habr\u00e1 tiempo de hablar de la preparaci\u00f3n del sucesor del director de la RAE\u201d. A su lado, Mu\u00f1oz Machado, respondi\u00f3: \u201cNi idea\u201d.<\/p>\n<p class=\"\">Adem\u00e1s, la Real Academia de Ciencias Morales y Pol\u00edticas, de la que es miembro Mu\u00f1oz Machado, public\u00f3 un comunicado el martes en el que \u201cpor unanimidad\u201d acordaba \u201cmanifestar su adhesi\u00f3n\u201d a la RAE \u201cen relaci\u00f3n con la gesti\u00f3n de su director frente a las cr\u00edticas injustificadas y fuera de lugar.<\/p>\n<p><script async src=\"https:\/\/platform.twitter.com\/widgets.js\" charset=\"utf-8\"><\/script><\/p>\n","protected":false},"excerpt":{"rendered":"El escritor y acad\u00e9mico de la Real Academia Espa\u00f1ola (RAE), Arturo P\u00e9rez-Reverte, ha atizado este mi\u00e9rcoles el fuego&hellip;\n","protected":false},"author":2,"featured_media":179154,"comment_status":"","ping_status":"","sticky":false,"template":"","format":"standard","meta":{"footnotes":""},"categories":[8],"tags":[20728,17,18,51055,48447,209,25,1598,24,13,14,244,11,48450,11706,19,20,48449,14342,9,10,15,16,670,23,12,21,22],"class_list":{"0":"post-179153","1":"post","2":"type-post","3":"status-publish","4":"format-standard","5":"has-post-thumbnail","7":"category-espana","8":"tag-arturo-perez-reverte","9":"tag-breaking-news","10":"tag-breakingnews","11":"tag-ciencias-politicas","12":"tag-congreso-lengua-espanola","13":"tag-cultura","14":"tag-es","15":"tag-escritores","16":"tag-espana","17":"tag-featured-news","18":"tag-featurednews","19":"tag-fotografia","20":"tag-headlines","21":"tag-instituto-cervantes","22":"tag-jose-manuel-albares","23":"tag-latest-news","24":"tag-latestnews","25":"tag-luis-garcia-montero","26":"tag-ministerio-de-asuntos-exteriores","27":"tag-news","28":"tag-noticias","29":"tag-noticias-destacadas","30":"tag-noticiasdestacadas","31":"tag-rae","32":"tag-spain","33":"tag-titulares","34":"tag-ultimas-noticias","35":"tag-ultimasnoticias"},"share_on_mastodon":{"url":"","error":""},"_links":{"self":[{"href":"https:\/\/www.europesays.com\/es\/wp-json\/wp\/v2\/posts\/179153","targetHints":{"allow":["GET"]}}],"collection":[{"href":"https:\/\/www.europesays.com\/es\/wp-json\/wp\/v2\/posts"}],"about":[{"href":"https:\/\/www.europesays.com\/es\/wp-json\/wp\/v2\/types\/post"}],"author":[{"embeddable":true,"href":"https:\/\/www.europesays.com\/es\/wp-json\/wp\/v2\/users\/2"}],"replies":[{"embeddable":true,"href":"https:\/\/www.europesays.com\/es\/wp-json\/wp\/v2\/comments?post=179153"}],"version-history":[{"count":0,"href":"https:\/\/www.europesays.com\/es\/wp-json\/wp\/v2\/posts\/179153\/revisions"}],"wp:featuredmedia":[{"embeddable":true,"href":"https:\/\/www.europesays.com\/es\/wp-json\/wp\/v2\/media\/179154"}],"wp:attachment":[{"href":"https:\/\/www.europesays.com\/es\/wp-json\/wp\/v2\/media?parent=179153"}],"wp:term":[{"taxonomy":"category","embeddable":true,"href":"https:\/\/www.europesays.com\/es\/wp-json\/wp\/v2\/categories?post=179153"},{"taxonomy":"post_tag","embeddable":true,"href":"https:\/\/www.europesays.com\/es\/wp-json\/wp\/v2\/tags?post=179153"}],"curies":[{"name":"wp","href":"https:\/\/api.w.org\/{rel}","templated":true}]}}