{"id":179157,"date":"2025-10-15T20:11:11","date_gmt":"2025-10-15T20:11:11","guid":{"rendered":"https:\/\/www.europesays.com\/es\/179157\/"},"modified":"2025-10-15T20:11:11","modified_gmt":"2025-10-15T20:11:11","slug":"el-trasmapi-hc-eivissa-ante-su-temporada-mas-ilusionante","status":"publish","type":"post","link":"https:\/\/www.europesays.com\/es\/179157\/","title":{"rendered":"El Trasmapi HC Eivissa, ante su temporada m\u00e1s ilusionante"},"content":{"rendered":"<p class=\"ft-text\">Ilusi\u00f3n. Hambre. Esperanza. Eso es lo que desprende el <strong>Trasmapi HC Eivissa<\/strong> durante esta temporada, en la que el conjunto entrenado por <a class=\"ft-link ft-link--decoration\" href=\"https:\/\/www.diariodeibiza.es\/deporte-local\/2025\/10\/15\/trasmapi-hc-eivissa-enciende-llama-122623279.html\" target=\"_blank\" rel=\"nofollow noopener\">Geno Tilves<\/a> ha conformado un equipo de garant\u00edas que le ha dado un salto cualitativo respecto a a\u00f1os anteriores y con el que espera llegar a cotas m\u00e1s altas.<\/p>\n<p><img decoding=\"async\" src=\"https:\/\/www.europesays.com\/es\/wp-content\/uploads\/2025\/10\/3dfa1c66-6f23-4e21-92d4-64e0fb5d359f_alta-libre-aspect-ratio_default_0.jpg\" width=\"1200\" height=\"898\" alt=\"Marc Vega, Biel Valera, Marc Ferr\u00e9 y Jorge Broto. | J.A. RIERA\" class=\"ft-helper-img-rd\" loading=\"lazy\" hasdataaida=\"true\"\/><\/p>\n<p class=\"ft-helper-fontColor-quaternary ft-helper-fontSize-body-S ft-helper-spacer-t-xxs\">Marc Vega, Biel Valera, Marc Ferr\u00e9 y Jorge Broto. | J.A. RIERA <\/p>\n<p class=\"ft-text\">La entidad ibicenca ilusiona. Tras cinco partidos, el Trasmapi ocupa la cuarta plaza con seis puntos y muestra signos de que, cuando todas las piezas est\u00e9n engrasadas, la m\u00e1quina puede rozar la perfecci\u00f3n. A la espera de dos de los fichajes m\u00e1s ilusionantes, Santiago Canepa y Karles Rubio, que est\u00e1n de baja por lesi\u00f3n, el HC Eivissa ha demostrado que es un rival muy peligroso que compite de t\u00fa a t\u00fa y que puede mirar a los ojos a cualquier equipo de la categor\u00eda.<\/p>\n<p class=\"ft-text\">Este mi\u00e9rcoles, la entidad ibicenca present\u00f3 a los nuevos fichajes, Marc Vega, Biel Valera y Marc Ferr\u00e9, que estuvieron acompa\u00f1ados de Jorge Broto, que aprovech\u00f3 la ocasi\u00f3n para anunciar su renovaci\u00f3n por tres temporadas m\u00e1s con la escuadra de Geno Tilves. Una gran noticia para la afici\u00f3n, que ve c\u00f3mo su equipo se asegura la continuidad de uno de los mejores porteros de Plata.<\/p>\n<p class=\"ft-text\">El primero en hablar fue \u00d3scar Prohens, directivo financiero y de relaciones institucionales, quien anunci\u00f3 la renovaci\u00f3n del patrocinio con Citubo por otra temporada m\u00e1s, hasta 2028. Prohens quiso agradecer a Toni Palau, propietario de Citubo, a quien est\u00e1 \u00abmuy agradecido por estar ah\u00ed desde que el equipo lleg\u00f3 a Plata\u00bb. Tambi\u00e9n anunci\u00f3 un contrato de patrocinio por dos a\u00f1os y medio con el Govern balear, del que tambi\u00e9n formar\u00e1n parte \u00abcinco equipos mallorquines y dos menorquines\u00bb.<\/p>\n<p class=\"ft-text\">Despu\u00e9s fue el turno de Hugo Su\u00e1rez, director deportivo y arquitecto de este ilusionante Trasmapi, que declar\u00f3 que desde la zona noble del club estaban \u00abmuy tranquilos\u00bb porque \u00abla planificaci\u00f3n deportiva estaba hecha desde Navidad\u00bb debido a la \u00abbuena situaci\u00f3n en la tabla clasificatoria\u00bb, lo que les permiti\u00f3 \u00abnegociar con los jugadores de una forma m\u00e1s flexible y poder contar con jugadores con los que alcanzar las cotas que el club tiene\u00bb. Adem\u00e1s, valor\u00f3 la renovaci\u00f3n de Jorge Broto, un \u00abjugador con una calidad enorme y que adem\u00e1s a nivel personal encaja muy bien en el equipo\u00bb.<\/p>\n<p class=\"ft-text\">Su\u00e1rez afirm\u00f3 que cuentan con una \u00abplantilla bien compensada\u00bb, pero que la velocidad de crucero la coger\u00e1 cuando lleven \u00abun tercio de liga\u00bb, momento en el que tendr\u00e1n \u00abun buen rodaje\u00bb y habr\u00e1n \u00abcrecido como equipo. \u00abCuando consigamos que el equipo ruede y pasen uno o dos meses, yo creo que va a poder tener mejores resultados, aunque ahora son buenos\u00bb, matiz\u00f3 el director deportivo, que tambi\u00e9n demostr\u00f3 la ambici\u00f3n del Trasmapi al afirmar que quieren \u00abquedar entre los cinco primeros\u00bb.<\/p>\n<p class=\"ft-text\">\u00abMarc Ferr\u00e9 est\u00e1 jugando tocado, y faltan dos piezas muy importantes como Santiago Canepa y Karles Rubio, que est\u00e1n lesionados\u00bb, apuntal\u00f3 Suarez.<\/p>\n<p class=\"ft-text\">Tambi\u00e9n cogi\u00f3 el testigo Jorge Broto, que valor\u00f3 el nivel del equipo al afirmar que \u00abhay un grupo muy bueno, en los entrenamientos todos meten muchos goles\u00bb, y se encuentran, seg\u00fan sus a\u00f1os en Ibiza, ante la que es, sobre todo ofensivamente, \u00abla mejor plantilla\u00bb que \u00e9l recuerda, y con la que \u00abser\u00eda un sue\u00f1o poder jugar una fase de ascenso\u00bb.<\/p>\n<p class=\"ft-text\">Tras el portero fue el turno de los nuevos fichajes. El primero en hablar fue Biel Valera, al que le llam\u00f3 \u00abla atenci\u00f3n las ganas de competir y de intentar estar lo m\u00e1s arriba posible\u00bb, y prometi\u00f3 \u00abtrabajar muy duro d\u00eda tras d\u00eda\u00bb para ver \u00abhasta donde puede llegar el equipo\u00bb.<\/p>\n<p class=\"ft-text\">Despu\u00e9s fue el turno de Marc Ferr\u00e9, que se decant\u00f3 por el Trasmapi porque \u00abtodo el mundo\u00bb le habl\u00f3 \u00abmuy bien del club\u00bb. Tambi\u00e9n influy\u00f3 su conversaci\u00f3n con Hugo Su\u00e1rez, que le hizo ser consciente \u00abdel gran equipo que se estaba conformando\u00bb,y, aunque es cauto, prometi\u00f3 que se va \u00aba dejar todo para estar lo m\u00e1s arriba posible\u00bb.<\/p>\n<p class=\"ft-text\">El \u00faltimo en hablar fue Marc Vega, que mostr\u00f3 su enorme ambici\u00f3n al afirmar que viene \u00aba ganar\u00bb y a \u00abdejar al <a class=\"ft-link ft-link--decoration\" href=\"https:\/\/www.diariodeibiza.es\/deporte-local\/2025\/10\/11\/trasmapi-hc-eivissa-naufraga-benidorm-122527545.html\" target=\"_blank\" rel=\"nofollow noopener\">Trasmapi<\/a> lo m\u00e1s arriba posible y luchar por lo m\u00e1ximo\u00bb.<\/p>\n","protected":false},"excerpt":{"rendered":"Ilusi\u00f3n. Hambre. Esperanza. Eso es lo que desprende el Trasmapi HC Eivissa durante esta temporada, en la que&hellip;\n","protected":false},"author":2,"featured_media":179158,"comment_status":"","ping_status":"","sticky":false,"template":"","format":"standard","meta":{"footnotes":""},"categories":[278],"tags":[376,168,8656,11809,25,24,375,11808,16727,23,167,1152,11573,44348],"class_list":{"0":"post-179157","1":"post","2":"type-post","3":"status-publish","4":"format-standard","5":"has-post-thumbnail","7":"category-balonmano","8":"tag-balonmano","9":"tag-deportes","10":"tag-division-de-honor-plata","11":"tag-eivissa","12":"tag-es","13":"tag-espana","14":"tag-handball","15":"tag-hc","16":"tag-ilusionante","17":"tag-spain","18":"tag-sports","19":"tag-temporada","20":"tag-trasmapi","21":"tag-trasmapi-hc-eivissa"},"share_on_mastodon":{"url":"","error":""},"_links":{"self":[{"href":"https:\/\/www.europesays.com\/es\/wp-json\/wp\/v2\/posts\/179157","targetHints":{"allow":["GET"]}}],"collection":[{"href":"https:\/\/www.europesays.com\/es\/wp-json\/wp\/v2\/posts"}],"about":[{"href":"https:\/\/www.europesays.com\/es\/wp-json\/wp\/v2\/types\/post"}],"author":[{"embeddable":true,"href":"https:\/\/www.europesays.com\/es\/wp-json\/wp\/v2\/users\/2"}],"replies":[{"embeddable":true,"href":"https:\/\/www.europesays.com\/es\/wp-json\/wp\/v2\/comments?post=179157"}],"version-history":[{"count":0,"href":"https:\/\/www.europesays.com\/es\/wp-json\/wp\/v2\/posts\/179157\/revisions"}],"wp:featuredmedia":[{"embeddable":true,"href":"https:\/\/www.europesays.com\/es\/wp-json\/wp\/v2\/media\/179158"}],"wp:attachment":[{"href":"https:\/\/www.europesays.com\/es\/wp-json\/wp\/v2\/media?parent=179157"}],"wp:term":[{"taxonomy":"category","embeddable":true,"href":"https:\/\/www.europesays.com\/es\/wp-json\/wp\/v2\/categories?post=179157"},{"taxonomy":"post_tag","embeddable":true,"href":"https:\/\/www.europesays.com\/es\/wp-json\/wp\/v2\/tags?post=179157"}],"curies":[{"name":"wp","href":"https:\/\/api.w.org\/{rel}","templated":true}]}}