{"id":179159,"date":"2025-10-15T20:12:09","date_gmt":"2025-10-15T20:12:09","guid":{"rendered":"https:\/\/www.europesays.com\/es\/179159\/"},"modified":"2025-10-15T20:12:09","modified_gmt":"2025-10-15T20:12:09","slug":"miercoles-taurino-en-la-vall-dos-victorianos-del-rio-uno-embolado-por-la-tarde","status":"publish","type":"post","link":"https:\/\/www.europesays.com\/es\/179159\/","title":{"rendered":"Mi\u00e9rcoles taurino en la Vall: Dos Victorianos del R\u00edo, uno embolado por la tarde"},"content":{"rendered":"<p class=\"h3\">JOS\u00c9 J. MONT\u00d3N<\/p>\n<p>                        Actualizado:<br \/>\n                        15\/10\/2025 22:03<\/p>\n<p>                    <a href=\"https:\/\/www.elperiodicomediterraneo.com\/fotos\/2025\/10\/15\/miercoles-taurino-vall-victorianos-rio-122663457.html#foto=1\" class=\"button swiper-button-next\" id=\"swiperButtonNext\" rel=\"nofollow noopener\" target=\"_blank\">Ver galer\u00eda &gt;<\/a><\/p>\n<p class=\"h3\">\n                                            Victoriano del R\u00edo ha vuelto a las calles de la Vall d&#8217;Uix\u00f3 tras el encierro del s\u00e1bado, con dos exhibiciones: la que estaba programada y la del embolado que tuvo que suspenderse por la lluvia el d\u00eda del estreno del cartel taurino.\n                                    <\/p>\n<p><a class=\"swiper-imagen\" href=\"https:\/\/www.elperiodicomediterraneo.com\/fotos\/2025\/10\/15\/miercoles-taurino-vall-victorianos-rio-122663457.html#foto=2\" rel=\"nofollow noopener\" target=\"_blank\"><\/p>\n<p>                    <img loading=\"lazy\" decoding=\"async\" class=\"lazy-place\" src=\"data:image\/png;base64,iVBORw0KGgoAAAANSUhEUgAAAAEAAAABCAQAAAC1HAwCAAAAC0lEQVR42mNkYAAAAAYAAjCB0C8AAAAASUVORK5CYII=\" alt=\" \" height=\"1600\" width=\"2400\" style=\" max-height: calc(100vh - 58px); height: 0; padding-top: 67%; \"\/><\/p>\n<p><\/a><br \/>\n                    Mi\u00e9rcoles taurino en la Vall: Dos Victorianos del R\u00edo, uno embolado por la tarde<\/p>\n<p class=\"swiper-slide__author\">JOS\u00c9 J. MONT\u00d3N<\/p>\n<p class=\"swiper-slide__description\">\n                                                                        Victoriano del R\u00edo ha vuelto a las calles de la Vall d&#8217;Uix\u00f3 tras el encierro del s\u00e1bado, con dos exhibiciones: la que estaba programada y la del embolado que tuvo que suspenderse por la lluvia el d\u00eda del estreno del cartel taurino.\n                                            <\/p>\n<p><a class=\"swiper-imagen\" href=\"https:\/\/www.elperiodicomediterraneo.com\/fotos\/2025\/10\/15\/miercoles-taurino-vall-victorianos-rio-122663457.html#foto=3\" rel=\"nofollow noopener\" target=\"_blank\"><\/p>\n<p>                    <img loading=\"lazy\" decoding=\"async\" class=\"lazy-place\" src=\"data:image\/png;base64,iVBORw0KGgoAAAANSUhEUgAAAAEAAAABCAQAAAC1HAwCAAAAC0lEQVR42mNkYAAAAAYAAjCB0C8AAAAASUVORK5CYII=\" alt=\" \" height=\"1600\" width=\"2400\" style=\" max-height: calc(100vh - 58px); height: 0; padding-top: 67%; \"\/><\/p>\n<p><\/a><br \/>\n                    Mi\u00e9rcoles taurino en la Vall: Dos Victorianos del R\u00edo, uno embolado por la tarde<\/p>\n<p class=\"swiper-slide__author\">JOS\u00c9 J. MONT\u00d3N<\/p>\n<p class=\"swiper-slide__description\">\n                                                                        Victoriano del R\u00edo ha vuelto a las calles de la Vall d&#8217;Uix\u00f3 tras el encierro del s\u00e1bado, con dos exhibiciones: la que estaba programada y la del embolado que tuvo que suspenderse por la lluvia el d\u00eda del estreno del cartel taurino.\n                                            <\/p>\n<p><a class=\"swiper-imagen\" href=\"https:\/\/www.elperiodicomediterraneo.com\/fotos\/2025\/10\/15\/miercoles-taurino-vall-victorianos-rio-122663457.html#foto=4\" rel=\"nofollow noopener\" target=\"_blank\"><\/p>\n<p>                    <img loading=\"lazy\" decoding=\"async\" class=\"lazy-place\" src=\"data:image\/png;base64,iVBORw0KGgoAAAANSUhEUgAAAAEAAAABCAQAAAC1HAwCAAAAC0lEQVR42mNkYAAAAAYAAjCB0C8AAAAASUVORK5CYII=\" alt=\" \" height=\"1600\" width=\"2400\" style=\" max-height: calc(100vh - 58px); height: 0; padding-top: 67%; \"\/><\/p>\n<p><\/a><br \/>\n                    Mi\u00e9rcoles taurino en la Vall: Dos Victorianos del R\u00edo, uno embolado por la tarde<\/p>\n<p class=\"swiper-slide__author\">JOS\u00c9 J. MONT\u00d3N<\/p>\n<p class=\"swiper-slide__description\">\n                                                                        Victoriano del R\u00edo ha vuelto a las calles de la Vall d&#8217;Uix\u00f3 tras el encierro del s\u00e1bado, con dos exhibiciones: la que estaba programada y la del embolado que tuvo que suspenderse por la lluvia el d\u00eda del estreno del cartel taurino.\n                                            <\/p>\n<p><a class=\"swiper-imagen\" href=\"https:\/\/www.elperiodicomediterraneo.com\/fotos\/2025\/10\/15\/miercoles-taurino-vall-victorianos-rio-122663457.html#foto=5\" rel=\"nofollow noopener\" target=\"_blank\"><\/p>\n<p>                    <img loading=\"lazy\" decoding=\"async\" class=\"lazy-place\" src=\"data:image\/png;base64,iVBORw0KGgoAAAANSUhEUgAAAAEAAAABCAQAAAC1HAwCAAAAC0lEQVR42mNkYAAAAAYAAjCB0C8AAAAASUVORK5CYII=\" alt=\" \" height=\"1600\" width=\"2400\" style=\" max-height: calc(100vh - 58px); height: 0; padding-top: 67%; \"\/><\/p>\n<p><\/a><br \/>\n                    Mi\u00e9rcoles taurino en la Vall: Dos Victorianos del R\u00edo, uno embolado por la tarde<\/p>\n<p class=\"swiper-slide__author\">JOS\u00c9 J. MONT\u00d3N<\/p>\n<p class=\"swiper-slide__description\">\n                                                                        Victoriano del R\u00edo ha vuelto a las calles de la Vall d&#8217;Uix\u00f3 tras el encierro del s\u00e1bado, con dos exhibiciones: la que estaba programada y la del embolado que tuvo que suspenderse por la lluvia el d\u00eda del estreno del cartel taurino.\n                                            <\/p>\n<p><a class=\"swiper-imagen\" href=\"https:\/\/www.elperiodicomediterraneo.com\/fotos\/2025\/10\/15\/miercoles-taurino-vall-victorianos-rio-122663457.html\" rel=\"nofollow noopener\" target=\"_blank\"><\/p>\n<p>                    <img loading=\"lazy\" decoding=\"async\" class=\"lazy-place\" src=\"data:image\/png;base64,iVBORw0KGgoAAAANSUhEUgAAAAEAAAABCAQAAAC1HAwCAAAAC0lEQVR42mNkYAAAAAYAAjCB0C8AAAAASUVORK5CYII=\" alt=\" \" height=\"1600\" width=\"2400\" style=\" max-height: calc(100vh - 58px); height: 0; padding-top: 67%; \"\/><\/p>\n<p><\/a><br \/>\n                    Mi\u00e9rcoles taurino en la Vall: Dos Victorianos del R\u00edo, uno embolado por la tarde<\/p>\n<p class=\"swiper-slide__author\">JOS\u00c9 J. MONT\u00d3N<\/p>\n<p class=\"swiper-slide__description\">\n                                                                        Victoriano del R\u00edo ha vuelto a las calles de la Vall d&#8217;Uix\u00f3 tras el encierro del s\u00e1bado, con dos exhibiciones: la que estaba programada y la del embolado que tuvo que suspenderse por la lluvia el d\u00eda del estreno del cartel taurino.\n                                            <\/p>\n","protected":false},"excerpt":{"rendered":"JOS\u00c9 J. MONT\u00d3N Actualizado: 15\/10\/2025 22:03 Ver galer\u00eda &gt; Victoriano del R\u00edo ha vuelto a las calles de&hellip;\n","protected":false},"author":2,"featured_media":179160,"comment_status":"","ping_status":"","sticky":false,"template":"","format":"standard","meta":{"footnotes":""},"categories":[277],"tags":[9992,373,168,25,24,51057,295,3679,23,167,4953,374,8589,51056],"class_list":{"0":"post-179159","1":"post","2":"type-post","3":"status-publish","4":"format-standard","5":"has-post-thumbnail","7":"category-toreo","8":"tag-bous-al-carrer","9":"tag-bullfighting","10":"tag-deportes","11":"tag-es","12":"tag-espana","13":"tag-fiestas-vall-duixo","14":"tag-miercoles","15":"tag-rio","16":"tag-spain","17":"tag-sports","18":"tag-taurino","19":"tag-toreo","20":"tag-vall","21":"tag-victorianos"},"share_on_mastodon":{"url":"","error":""},"_links":{"self":[{"href":"https:\/\/www.europesays.com\/es\/wp-json\/wp\/v2\/posts\/179159","targetHints":{"allow":["GET"]}}],"collection":[{"href":"https:\/\/www.europesays.com\/es\/wp-json\/wp\/v2\/posts"}],"about":[{"href":"https:\/\/www.europesays.com\/es\/wp-json\/wp\/v2\/types\/post"}],"author":[{"embeddable":true,"href":"https:\/\/www.europesays.com\/es\/wp-json\/wp\/v2\/users\/2"}],"replies":[{"embeddable":true,"href":"https:\/\/www.europesays.com\/es\/wp-json\/wp\/v2\/comments?post=179159"}],"version-history":[{"count":0,"href":"https:\/\/www.europesays.com\/es\/wp-json\/wp\/v2\/posts\/179159\/revisions"}],"wp:featuredmedia":[{"embeddable":true,"href":"https:\/\/www.europesays.com\/es\/wp-json\/wp\/v2\/media\/179160"}],"wp:attachment":[{"href":"https:\/\/www.europesays.com\/es\/wp-json\/wp\/v2\/media?parent=179159"}],"wp:term":[{"taxonomy":"category","embeddable":true,"href":"https:\/\/www.europesays.com\/es\/wp-json\/wp\/v2\/categories?post=179159"},{"taxonomy":"post_tag","embeddable":true,"href":"https:\/\/www.europesays.com\/es\/wp-json\/wp\/v2\/tags?post=179159"}],"curies":[{"name":"wp","href":"https:\/\/api.w.org\/{rel}","templated":true}]}}