{"id":179161,"date":"2025-10-15T20:13:08","date_gmt":"2025-10-15T20:13:08","guid":{"rendered":"https:\/\/www.europesays.com\/es\/179161\/"},"modified":"2025-10-15T20:13:08","modified_gmt":"2025-10-15T20:13:08","slug":"las-mma-espanolas-en-su-mejor-momento-historico-llegara-la-ufc-a-espana-en-2026-minuto-116-19","status":"publish","type":"post","link":"https:\/\/www.europesays.com\/es\/179161\/","title":{"rendered":"Las MMA espa\u00f1olas en su mejor momento hist\u00f3rico: \u00bfLlegar\u00e1 la UFC a Espa\u00f1a en 2026? | Minuto 116 #19"},"content":{"rendered":"<p>Sobre el podcast \u2018Minuto 116\u2019<\/p>\n<p class=\"\">El daily de AS que aborda un tema deportivo al d\u00eda desde un punto de vista \u00fanico. Una segunda vuelta a la noticia m\u00e1s relevante y de la que todo el mundo habla con los mejores especialistas del periodismo y del deporte. <a href=\"https:\/\/as.com\/audio\/\" rel=\"nofollow noopener\" target=\"_blank\">Un podcast original de AS Audio.<\/a> S\u00edguenos en <a href=\"https:\/\/twitter.com\/AsAudio\" rel=\"nofollow noopener\" target=\"_blank\">@AsAudio<\/a>.<\/p>\n<p class=\"\">Tambi\u00e9n puedes encontrar el episodio en audio en las mejores plataformas de podcast, suscr\u00edbete para no perderte ning\u00fan cap\u00edtulo.<\/p>\n<p class=\"\">AS Audio: <a href=\"https:\/\/as.com\/audio\/podcast\/minuto-116\/\" target=\"_self\" rel=\"nofollow noopener\" title=\"https:\/\/as.com\/audio\/podcast\/minuto-116\/\">https:\/\/as.com\/audio\/podcast\/minuto-116\/ <\/a><\/p>\n<p class=\"\">Spotify: <a href=\"https:\/\/open.spotify.com\/show\/0T7Qlx6q252fWOBZAHZTvx?si=e2578a8d93a64a8e&amp;nd=1&amp;dlsi=1af1145e24e3451c \" target=\"_self\" rel=\"nofollow noopener\" title=\"https:\/\/open.spotify.com\/show\/0T7Qlx6q252fWOBZAHZTvx?si=e2578a8d93a64a8e&amp;nd=1&amp;dlsi=1af1145e24e3451c \">https:\/\/open.spotify.com\/show\/0T7Qlx6q252fWOBZAHZTvx?si=e2578a8d93a64a8e&amp;nd=1&amp;dlsi=1af1145e24e3451c <\/a><\/p>\n<p class=\"\">Apple Podcast: <a href=\"https:\/\/podcasts.apple.com\/es\/podcast\/minuto-116\/id1840603119\" target=\"_self\" rel=\"nofollow noopener\" title=\"https:\/\/podcasts.apple.com\/es\/podcast\/minuto-116\/id1840603119\">https:\/\/podcasts.apple.com\/es\/podcast\/minuto-116\/id1840603119<\/a><\/p>\n<p>Noticias relacionadas<\/p>\n<p class=\"\">Podium Podcast: <a href=\"https:\/\/www.podiumpodcast.com\/podcasts\/minuto-116-diarioas-os\/\" target=\"_self\" rel=\"nofollow noopener\" title=\"https:\/\/www.podiumpodcast.com\/podcasts\/minuto-116-diarioas-os\/\">https:\/\/www.podiumpodcast.com\/podcasts\/minuto-116-diarioas-os\/<\/a><\/p>\n<p class=\"\">Ivoox: <a href=\"https:\/\/www.ivoox.com\/podcast-minuto-116_sq_f12768683_1.html\" target=\"_self\" rel=\"nofollow noopener\" title=\"https:\/\/www.ivoox.com\/podcast-minuto-116_sq_f12768683_1.html\">https:\/\/www.ivoox.com\/podcast-minuto-116_sq_f12768683_1.html<\/a><\/p>\n<p><script async src=\"https:\/\/platform.twitter.com\/widgets.js\" charset=\"utf-8\"><\/script><\/p>\n","protected":false},"excerpt":{"rendered":"Sobre el podcast \u2018Minuto 116\u2019 El daily de AS que aborda un tema deportivo al d\u00eda desde un&hellip;\n","protected":false},"author":2,"featured_media":179162,"comment_status":"","ping_status":"","sticky":false,"template":"","format":"standard","meta":{"footnotes":""},"categories":[276],"tags":[168,25,24,23,167,343],"class_list":{"0":"post-179161","1":"post","2":"type-post","3":"status-publish","4":"format-standard","5":"has-post-thumbnail","7":"category-ufc","8":"tag-deportes","9":"tag-es","10":"tag-espana","11":"tag-spain","12":"tag-sports","13":"tag-ufc"},"share_on_mastodon":{"url":"","error":""},"_links":{"self":[{"href":"https:\/\/www.europesays.com\/es\/wp-json\/wp\/v2\/posts\/179161","targetHints":{"allow":["GET"]}}],"collection":[{"href":"https:\/\/www.europesays.com\/es\/wp-json\/wp\/v2\/posts"}],"about":[{"href":"https:\/\/www.europesays.com\/es\/wp-json\/wp\/v2\/types\/post"}],"author":[{"embeddable":true,"href":"https:\/\/www.europesays.com\/es\/wp-json\/wp\/v2\/users\/2"}],"replies":[{"embeddable":true,"href":"https:\/\/www.europesays.com\/es\/wp-json\/wp\/v2\/comments?post=179161"}],"version-history":[{"count":0,"href":"https:\/\/www.europesays.com\/es\/wp-json\/wp\/v2\/posts\/179161\/revisions"}],"wp:featuredmedia":[{"embeddable":true,"href":"https:\/\/www.europesays.com\/es\/wp-json\/wp\/v2\/media\/179162"}],"wp:attachment":[{"href":"https:\/\/www.europesays.com\/es\/wp-json\/wp\/v2\/media?parent=179161"}],"wp:term":[{"taxonomy":"category","embeddable":true,"href":"https:\/\/www.europesays.com\/es\/wp-json\/wp\/v2\/categories?post=179161"},{"taxonomy":"post_tag","embeddable":true,"href":"https:\/\/www.europesays.com\/es\/wp-json\/wp\/v2\/tags?post=179161"}],"curies":[{"name":"wp","href":"https:\/\/api.w.org\/{rel}","templated":true}]}}