{"id":179168,"date":"2025-10-15T20:17:08","date_gmt":"2025-10-15T20:17:08","guid":{"rendered":"https:\/\/www.europesays.com\/es\/179168\/"},"modified":"2025-10-15T20:17:08","modified_gmt":"2025-10-15T20:17:08","slug":"la-formula-1-proxima-a-un-cambio-significativo-en-el-mercado-estadounidense-desde-2026","status":"publish","type":"post","link":"https:\/\/www.europesays.com\/es\/179168\/","title":{"rendered":"La F\u00f3rmula 1 pr\u00f3xima a un cambio significativo en el mercado estadounidense desde 2026"},"content":{"rendered":"<p><strong>La <a href=\"https:\/\/www.formula1.com\/\" target=\"_blank\" rel=\"noopener nofollow\">F\u00f3rmula 1<\/a> se acerca a un cambio significativo en el mercado medi\u00e1tico estadounidense. Seg\u00fan un informe publicado por <a href=\"https:\/\/puck.news\/newsletter_content\/the-nfls-18th-game-workaround-the-espn-bull-case-college-sports-holy-wars\/\" target=\"_blank\" rel=\"noopener nofollow\">Puck<\/a>, <a href=\"https:\/\/www.apple.com\/\" target=\"_blank\" rel=\"noopener nofollow\">Apple<\/a> se encuentra en negociaciones avanzadas para adquirir los derechos de transmisi\u00f3n de este deporte a partir de la temporada 2026, a trav\u00e9s de la plataforma <a href=\"https:\/\/tv.apple.com\/\" target=\"_blank\" rel=\"noopener nofollow\">Apple TV+<\/a><\/strong>.\u00a0El anuncio oficial del acuerdo podr\u00eda producirse ya en la ronda de Austin en el Circuito de las Am\u00e9ricas, una de las tres carreras que se celebrar\u00e1n en suelo norteamericano este a\u00f1o.<\/p>\n<p>Actualmente, los derechos de transmisi\u00f3n pertenecen a <strong><a href=\"https:\/\/www.espn.com\/\" target=\"_blank\" rel=\"noopener nofollow\">ESPN<\/a><\/strong>, que invierte aproximadamente U$D 90 millones por temporada. Sin embargo, la propuesta de Apple, seg\u00fan se informa, rondar\u00e1 los U$D 140 millones anuales, una cifra que indicar\u00eda una estrategia agresiva de la compa\u00f1\u00eda para expandir su presencia en el deporte global. Si las negociaciones se concretan, ESPN finalizar\u00eda su cobertura a finales de 2025.<\/p>\n<p>A\u00fan no est\u00e1 claro si Apple tendr\u00e1 la exclusividad total o si las carreras seguir\u00e1n disponibles en F1 TV, como ocurre actualmente.<\/p>\n<p>La posible entrada de Apple refuerza el enfoque estrat\u00e9gico de la F\u00f3rmula 1 en el mercado norteamericano, que ha cobrado relevancia en los \u00faltimos a\u00f1os. Adem\u00e1s de ampliar su calendario con carreras en Miami, Austin y Las Vegas, la categor\u00eda ha ganado terreno en la cultura pop, impulsada por producciones como \u00abF1: The Movie\u00bb.<\/p>\n","protected":false},"excerpt":{"rendered":"La F\u00f3rmula 1 se acerca a un cambio significativo en el mercado medi\u00e1tico estadounidense. Seg\u00fan un informe publicado&hellip;\n","protected":false},"author":2,"featured_media":179169,"comment_status":"","ping_status":"","sticky":false,"template":"","format":"standard","meta":{"footnotes":""},"categories":[270],"tags":[168,25,24,306,271,272,23,167],"class_list":{"0":"post-179168","1":"post","2":"type-post","3":"status-publish","4":"format-standard","5":"has-post-thumbnail","7":"category-formula-1","8":"tag-deportes","9":"tag-es","10":"tag-espana","11":"tag-f1","12":"tag-formula-1","13":"tag-formula1","14":"tag-spain","15":"tag-sports"},"share_on_mastodon":{"url":"","error":""},"_links":{"self":[{"href":"https:\/\/www.europesays.com\/es\/wp-json\/wp\/v2\/posts\/179168","targetHints":{"allow":["GET"]}}],"collection":[{"href":"https:\/\/www.europesays.com\/es\/wp-json\/wp\/v2\/posts"}],"about":[{"href":"https:\/\/www.europesays.com\/es\/wp-json\/wp\/v2\/types\/post"}],"author":[{"embeddable":true,"href":"https:\/\/www.europesays.com\/es\/wp-json\/wp\/v2\/users\/2"}],"replies":[{"embeddable":true,"href":"https:\/\/www.europesays.com\/es\/wp-json\/wp\/v2\/comments?post=179168"}],"version-history":[{"count":0,"href":"https:\/\/www.europesays.com\/es\/wp-json\/wp\/v2\/posts\/179168\/revisions"}],"wp:featuredmedia":[{"embeddable":true,"href":"https:\/\/www.europesays.com\/es\/wp-json\/wp\/v2\/media\/179169"}],"wp:attachment":[{"href":"https:\/\/www.europesays.com\/es\/wp-json\/wp\/v2\/media?parent=179168"}],"wp:term":[{"taxonomy":"category","embeddable":true,"href":"https:\/\/www.europesays.com\/es\/wp-json\/wp\/v2\/categories?post=179168"},{"taxonomy":"post_tag","embeddable":true,"href":"https:\/\/www.europesays.com\/es\/wp-json\/wp\/v2\/tags?post=179168"}],"curies":[{"name":"wp","href":"https:\/\/api.w.org\/{rel}","templated":true}]}}