{"id":179174,"date":"2025-10-15T20:20:12","date_gmt":"2025-10-15T20:20:12","guid":{"rendered":"https:\/\/www.europesays.com\/es\/179174\/"},"modified":"2025-10-15T20:20:12","modified_gmt":"2025-10-15T20:20:12","slug":"amaia-montero-regresa-a-la-oreja-de-van-gogh-y-pablo-benegas-responde-no-les-voy-a-acompanar-cultura","status":"publish","type":"post","link":"https:\/\/www.europesays.com\/es\/179174\/","title":{"rendered":"Amaia Montero regresa a La Oreja de Van Gogh y Pablo Benegas responde: \u201cNo les voy a acompa\u00f1ar\u201d | Cultura"},"content":{"rendered":"<p class=\"\">Un a\u00f1o despu\u00e9s de la controvertida salida de <a href=\"https:\/\/elpais.com\/smoda\/famosos\/2025-09-22\/leire-martinez-la-oreja-de-van-gogh-tampoco-eramos-ya-un-grupo-de-moda-gozabamos-de-una-situacion-muy-digna.html\" target=\"_self\" rel=\"nofollow noopener\" title=\"https:\/\/elpais.com\/smoda\/famosos\/2025-09-22\/leire-martinez-la-oreja-de-van-gogh-tampoco-eramos-ya-un-grupo-de-moda-gozabamos-de-una-situacion-muy-digna.html\">Leire Mart\u00ednez<\/a> de La Oreja de Van Gogh, el grupo ha anunciado hoy el regreso de Amaia Montero. Es una noticia, por otra parte, que se ve\u00eda como muy factible desde hace meses. Ahora, ya es oficial. Pero no es la \u00fanica novedad, y esta s\u00ed que es una sorpresa: Pablo Benegas, guitarrista y fundador, no participar\u00e1 en los pr\u00f3ximos movimientos de La Oreja. \u201cNo dejo el grupo, pero no les voy a acompa\u00f1ar en esta etapa\u201d, informa Benegas a este peri\u00f3dico. La \u201cnueva etapa\u201d a la que se refiere es una gira de La Oreja de Van Gogh que tendr\u00e1 lugar en 2026. Las fechas se conocer\u00e1n esta misma semana. De momento, se realizan los conciertos en pabellones, no en estadios, y, seg\u00fan la demanda, es posible que se ampl\u00ede la gira.<\/p>\n<p class=\"\">Adem\u00e1s de guitarrista, Benegas es el principal compositor junto al teclista, Xabi San Mart\u00edn. Se trata de un giro de guion inesperado de una historia que tuvo su cap\u00edtulo m\u00e1s pol\u00e9mico hace 12 meses, cuando los cuatro miembros masculinos se desvinculaban de 17 a\u00f1os junto a Leire Mart\u00ednez con un texto de 11 l\u00edneas. No es nada frecuente que uno de los l\u00edderes se baje del carro, pero solo a medias. Fuentes pr\u00f3ximas al grupo apuntan a este peri\u00f3dico que no se trata de una incompatibilidad emocional entre el guitarrista y la cantante. \u201cPablo lleva 30 a\u00f1os con el grupo, est\u00e1 cansado y de momento ha decidido no participar en esta aventura\u201d, se\u00f1alan. En el comunicado oficial del grupo, firmado como \u201c\u00c1lvaro, Haritz, Xabi y Amaia\u201d, se dice sobre Benegas: \u201cPablo, por su parte, aunque sigue formando parte del grupo, ha decidido retirarse una temporada para poder centrarse en su familia y explorar nuevos retos profesionales que por supuesto seguiremos de cerca. Hasta que volvamos a encontrarnos le deseamos todo lo mejor\u201d.<\/p>\n<p>M\u00e1s informaci\u00f3n<\/p>\n<p class=\"\">Despu\u00e9s de la gira de 2026, todas las posibilidades est\u00e1n abiertas: que Amaia deje de nuevo el grupo, que Pablo Benegas regrese con o sin Amaia, o que la banda desaparezca definitivamente y esta tanda de conciertos sirva como despedida. \u201cA d\u00eda de hoy, es muy posible que ni ellos sepan lo que va a pasar. Depende mucho de c\u00f3mo se sientan en los conciertos\u201d, se\u00f1alan desde su entorno. Sobre la posibilidad de grabar un disco nuevo, el breve comunicado apunta alguna pista: \u201cHa sido un a\u00f1o aqu\u00ed en San Sebasti\u00e1n, nuestro escondite en el mundo, escribiendo nuevas historias y tambi\u00e9n recordando todas las anteriores\u201d. En su cuenta de Instagram han publicado un v\u00eddeo con un extracto de una nueva canci\u00f3n, Inspiraci\u00f3n, interpretada en un ensayo.<\/p>\n<p>En el v\u00eddeo, La Oreja de Van Gogh en el local de ensayo interpretando un tema nuevo, &#8216;Inspiraci\u00f3n&#8217;<\/p>\n<p class=\"\">Curiosamente, Benegas y Amaia Montero fueron los primeros que avivaron los rumores de la vuelta de la cantante. Se enviaron mensajes a trav\u00e9s de las redes sociales que se interpretaron como el primer paso para una reconciliaci\u00f3n. Cuando Amaia <a href=\"https:\/\/elpais.com\/cultura\/2024-07-23\/amaia-montero-y-karol-g-la-sorpresa-que-nadie-esperaba-y-que-pago-una-deuda-historica.html\" target=\"_self\" rel=\"nofollow noopener\" title=\"https:\/\/elpais.com\/cultura\/2024-07-23\/amaia-montero-y-karol-g-la-sorpresa-que-nadie-esperaba-y-que-pago-una-deuda-historica.html\">se subi\u00f3 al escenario del estadio Santiago Bernab\u00e9u<\/a> para acompa\u00f1ar a la colombiana Karol G en julio de 2024 en la canci\u00f3n Rosas, el guitarrista le escribi\u00f3 a ella: \u201cTreinta a\u00f1os despu\u00e9s cierro los ojos y sigo escuch\u00e1ndote cantar Nothing Compares to You. Y, efectivamente, treinta a\u00f1os despu\u00e9s sigo sin conocer a nadie como t\u00fa. Menuda dosis de amor te est\u00e1s llevando querida amiga, qu\u00e9 maravilla. Ya puedes estar orgullosa. Disfr\u00fatalo y llena con \u00e9l las v\u00e1lvulas del coraz\u00f3n para seguir caminando\u00bb. Amaia le respondi\u00f3: \u201cEntonces, todo lo que tenemos que seguir haciendo es volver a esa noche en la que nos conocimos y que cambi\u00f3 para siempre nuestra historia. Para m\u00ed tampoco nadie se compara a ti. Te quiero con el alma, Pablo\u201d.<\/p>\n<p><img decoding=\"auto\" class=\"_re lazyload a_m-h\" height=\"324\"  width=\"414\"  src=\"https:\/\/www.europesays.com\/es\/wp-content\/uploads\/2025\/10\/OG5YCBP76VAORIWYLULG5XRMJI.jpg\" loading=\"lazy\"\/>La Oreja de Van Gogh en 2006. Desde la izquierda: Pablo Benegas, \u00c1lvaro Fuentes, Amaia Montero, Xabi San Mart\u00edn y Haritz Garde.Gianni Ferrari (Cover\/Getty Images)<\/p>\n<p class=\"\">Benegas public\u00f3 en junio de 2024 <a href=\"https:\/\/elpais.com\/cultura\/2024-06-09\/dile-a-tu-padre-que-lo-vamos-a-matar.html\" target=\"_self\" rel=\"nofollow noopener\" title=\"https:\/\/elpais.com\/cultura\/2024-06-09\/dile-a-tu-padre-que-lo-vamos-a-matar.html\">el libro Memoria, en el que recuerda <\/a>los or\u00edgenes de la banda y su ni\u00f1ez y juventud, marcadas por los a\u00f1os de plomo de ETA siendo hijo del pol\u00edtico socialista <a href=\"https:\/\/elpais.com\/politica\/2015\/08\/25\/actualidad\/1440497973_776325.html\" target=\"_blank\" rel=\"noreferrer nofollow noopener\" title=\"https:\/\/elpais.com\/politica\/2015\/08\/25\/actualidad\/1440497973_776325.html\">Txiki Benegas<\/a>. El m\u00fasico cuenta en el libro la luz que llev\u00f3 a su vida el grupo cuando el hostigamiento del entorno de ETA hacia su familia era casi diario: \u201cQuer\u00eda contar en el libro c\u00f3mo me junto con cuatro amigos, empezamos a tocar y me sacan de ese ambiente de tanta tristeza y tanta presi\u00f3n. Empec\u00e9 entonces a disfrutar de una vida llena de luz, antag\u00f3nica a lo que hab\u00eda vivido hasta ese momento\u201d. <\/p>\n<p class=\"\">Con la salida de Benegas (San Sebasti\u00e1n, 49 a\u00f1os), para la gira del a\u00f1o que viene la banda estar\u00eda formada por Amaia Montero (Irun, 49 a\u00f1os, vocalista), Xabi San Mart\u00edn (San Sebasti\u00e1n, 48 a\u00f1os, teclista), \u00c1lvaro Fuentes (Getxo, 50 a\u00f1os, bajista) y Haritz Garde (San Sebasti\u00e1n, 49 a\u00f1os, baterista). Parece claro que est\u00e1 pendiente el fichaje de un guitarrista.<\/p>\n<p class=\"\">Se trata del primer movimiento del grupo en un a\u00f1o. La que s\u00ed ha estado activa durante este tiempo ha sido Leire Mart\u00ednez. La vocalista lanz\u00f3 el pasado abril la canci\u00f3n Mi nombre, que se interpret\u00f3 como un ajuste de cuentas sobre el proceso de ruptura. \u201cRompiste todo cuando casi estaba perfecto. \/ Nunca fui tuya, b\u00fascate a alguien que me sustituya\u201d, clamaba la vocalista. Actualmente, Mart\u00ednez participa como jurado en la nueva edici\u00f3n de Operaci\u00f3n Triunfo. Ella logr\u00f3 el fichaje por La Oreja despu\u00e9s de participar <a href=\"https:\/\/www.youtube.com\/watch?v=qfiAkb2zvMM\" target=\"_self\" rel=\"nofollow noopener\" title=\"https:\/\/www.youtube.com\/watch?v=qfiAkb2zvMM\">en otro concurso de talento televisivo, Factor X. <\/a><\/p>\n<p><img decoding=\"auto\" class=\"_re lazyload a_m-h\" height=\"360\"  width=\"414\"  src=\"https:\/\/www.europesays.com\/es\/wp-content\/uploads\/2025\/10\/KDWMP2DRG5GZZDDAZEXV47O3CU.jpg\" loading=\"lazy\"\/>Comunicado de La Oreja de Van Gogh, publicado este mi\u00e9rcoles.<\/p>\n<p class=\"\"><a href=\"https:\/\/elpais.com\/cultura\/2025-04-08\/una-hora-y-media-con-leire-martinez-en-un-momento-determinado-aprendi-a-poner-limites-y-esto-no-gusto.html\" target=\"_self\" rel=\"nofollow noopener\" title=\"https:\/\/elpais.com\/cultura\/2025-04-08\/una-hora-y-media-con-leire-martinez-en-un-momento-determinado-aprendi-a-poner-limites-y-esto-no-gusto.html\">En una entrevista en <\/a>abril de 2025 para EL PA\u00cdS, Mart\u00ednez se lament\u00f3 que de su salida se zanjara con un breve escrito. \u201cYo hubiera terminado el ciclo de otra manera. Creo que todos nos merec\u00edamos un cierre mejor. Las historias empiezan y a veces acaban y no pasa nada. Pero creo que la forma de cerrar esa etapa marca las cosas de cara al futuro.<b> <\/b>Me hubiera gustado despedirme de la gente, del grupo\u2026 Nos deb\u00edamos eso los unos a los otros despu\u00e9s de 17 a\u00f1os. No s\u00e9, un \u00faltimo disco, una \u00faltima gira, un \u00faltimo concierto\u2026 Una despedida desde un lenguaje musical. Por qu\u00e9 no festejarlo\u00bb. La entrevista finalizaba con esta pregunta: \u201cSi La Oreja de Van Gogh volviese con Amaia Montero de cantante, \u00bfle sorprender\u00eda?\u201c. Y ella respondi\u00f3: \u201cNo me sorprender\u00eda. No, no&#8230; Tampoco veo muchas m\u00e1s alternativas, la verdad\u201d.<\/p>\n<p class=\"\">Amaia Montero estuvo en la banda donostiarra desde su fundaci\u00f3n, 1996, hasta 2007, cuando inici\u00f3 una irregular carrera en solitario. Leire Mart\u00ednez la sustituy\u00f3 en 2008 y permaneci\u00f3 hasta 2024. El futuro del grupo no va m\u00e1s all\u00e1 de la gira de 2026. <\/p>\n","protected":false},"excerpt":{"rendered":"Un a\u00f1o despu\u00e9s de la controvertida salida de Leire Mart\u00ednez de La Oreja de Van Gogh, el grupo&hellip;\n","protected":false},"author":2,"featured_media":179175,"comment_status":"","ping_status":"","sticky":false,"template":"","format":"standard","meta":{"footnotes":""},"categories":[174],"tags":[20219,218,255,208,209,20062,146,147,25,24,256,20220,36729,185,23],"class_list":{"0":"post-179174","1":"post","2":"type-post","3":"status-publish","4":"format-standard","5":"has-post-thumbnail","7":"category-famosos","8":"tag-amaia-montero","9":"tag-canciones","10":"tag-celebrities","11":"tag-conciertos","12":"tag-cultura","13":"tag-discos-musica","14":"tag-entertainment","15":"tag-entretenimiento","16":"tag-es","17":"tag-espana","18":"tag-famosos","19":"tag-la-oreja-de-van-gogh","20":"tag-leire-martinez","21":"tag-musica","22":"tag-spain"},"share_on_mastodon":{"url":"","error":""},"_links":{"self":[{"href":"https:\/\/www.europesays.com\/es\/wp-json\/wp\/v2\/posts\/179174","targetHints":{"allow":["GET"]}}],"collection":[{"href":"https:\/\/www.europesays.com\/es\/wp-json\/wp\/v2\/posts"}],"about":[{"href":"https:\/\/www.europesays.com\/es\/wp-json\/wp\/v2\/types\/post"}],"author":[{"embeddable":true,"href":"https:\/\/www.europesays.com\/es\/wp-json\/wp\/v2\/users\/2"}],"replies":[{"embeddable":true,"href":"https:\/\/www.europesays.com\/es\/wp-json\/wp\/v2\/comments?post=179174"}],"version-history":[{"count":0,"href":"https:\/\/www.europesays.com\/es\/wp-json\/wp\/v2\/posts\/179174\/revisions"}],"wp:featuredmedia":[{"embeddable":true,"href":"https:\/\/www.europesays.com\/es\/wp-json\/wp\/v2\/media\/179175"}],"wp:attachment":[{"href":"https:\/\/www.europesays.com\/es\/wp-json\/wp\/v2\/media?parent=179174"}],"wp:term":[{"taxonomy":"category","embeddable":true,"href":"https:\/\/www.europesays.com\/es\/wp-json\/wp\/v2\/categories?post=179174"},{"taxonomy":"post_tag","embeddable":true,"href":"https:\/\/www.europesays.com\/es\/wp-json\/wp\/v2\/tags?post=179174"}],"curies":[{"name":"wp","href":"https:\/\/api.w.org\/{rel}","templated":true}]}}