{"id":179176,"date":"2025-10-15T20:22:08","date_gmt":"2025-10-15T20:22:08","guid":{"rendered":"https:\/\/www.europesays.com\/es\/179176\/"},"modified":"2025-10-15T20:22:08","modified_gmt":"2025-10-15T20:22:08","slug":"sor-ana-de-jesus-y-san-juan-de-la-cruz-el-duo-detectivesco-mas-singular-en-lo-ultimo-de-susana-martin-gijon","status":"publish","type":"post","link":"https:\/\/www.europesays.com\/es\/179176\/","title":{"rendered":"Sor Ana de Jes\u00fas y San Juan de la Cruz, el d\u00fao detectivesco m\u00e1s singular en lo \u00faltimo de Susana Mart\u00edn Gij\u00f3n"},"content":{"rendered":"<p class=\"article-text\">\n        Primero se hizo un hueco destacado en al campo de la novela negra con la saga de la inspectora Camino Vargas; luego dio el salto a la novela hist\u00f3rica con La Babilonia, 1580; ahora, Susana Mart\u00edn Gij\u00f3n (Sevilla, 1981) insiste en este g\u00e9nero con La Capitana, un thriller negrocriminal con una ambientaci\u00f3n y unos protagonistas insospechados. \u201cEn mi nueva obra sigo la misma l\u00ednea de La Babilonia, 1580, no me muevo del siglo XVI, solo que con cinco a\u00f1itos de diferencia. Ahora estamos en 1585 y cambiamos de localizaci\u00f3n, de Sevilla a Granada\u201d.\n    <\/p>\n<p class=\"article-text\">\n        Dos ciudades no muy distantes geogr\u00e1ficamente, pero con realidades muy diferentes, casi opuestas. \u201cSevilla viv\u00eda su m\u00e1ximo esplendor en aquellos a\u00f1os con el monopolio de la flota de Indias, mientras que Granada atravesaba una \u00e9poca sombr\u00eda, oscura\u201d, explica la autora. \u201cSe hab\u00eda apostado por ella como basti\u00f3n de la Cristiandad, pero algunos sucesos, como la guerra de las Alpujarras y la deportaci\u00f3n de los moriscos, hicieron que la ciudad cayera en picado. Su realidad era completamente distinta a la de la capital hispalense\u201d:\n    <\/p>\n","protected":false},"excerpt":{"rendered":"Primero se hizo un hueco destacado en al campo de la novela negra con la saga de la&hellip;\n","protected":false},"author":2,"featured_media":179177,"comment_status":"","ping_status":"","sticky":false,"template":"","format":"standard","meta":{"footnotes":""},"categories":[172],"tags":[1705,259,224,2760,3854,146,147,25,24,494,1667,225,3855,10,1925,1171,23],"class_list":{"0":"post-179176","1":"post","2":"type-post","3":"status-publish","4":"format-standard","5":"has-post-thumbnail","7":"category-libros","8":"tag-analisis","9":"tag-andalucia","10":"tag-books","11":"tag-cordoba","12":"tag-eldiario-es","13":"tag-entertainment","14":"tag-entretenimiento","15":"tag-es","16":"tag-espana","17":"tag-granada","18":"tag-informacion","19":"tag-libros","20":"tag-malaga","21":"tag-noticias","22":"tag-opinion","23":"tag-sevilla","24":"tag-spain"},"share_on_mastodon":{"url":"","error":""},"_links":{"self":[{"href":"https:\/\/www.europesays.com\/es\/wp-json\/wp\/v2\/posts\/179176","targetHints":{"allow":["GET"]}}],"collection":[{"href":"https:\/\/www.europesays.com\/es\/wp-json\/wp\/v2\/posts"}],"about":[{"href":"https:\/\/www.europesays.com\/es\/wp-json\/wp\/v2\/types\/post"}],"author":[{"embeddable":true,"href":"https:\/\/www.europesays.com\/es\/wp-json\/wp\/v2\/users\/2"}],"replies":[{"embeddable":true,"href":"https:\/\/www.europesays.com\/es\/wp-json\/wp\/v2\/comments?post=179176"}],"version-history":[{"count":0,"href":"https:\/\/www.europesays.com\/es\/wp-json\/wp\/v2\/posts\/179176\/revisions"}],"wp:featuredmedia":[{"embeddable":true,"href":"https:\/\/www.europesays.com\/es\/wp-json\/wp\/v2\/media\/179177"}],"wp:attachment":[{"href":"https:\/\/www.europesays.com\/es\/wp-json\/wp\/v2\/media?parent=179176"}],"wp:term":[{"taxonomy":"category","embeddable":true,"href":"https:\/\/www.europesays.com\/es\/wp-json\/wp\/v2\/categories?post=179176"},{"taxonomy":"post_tag","embeddable":true,"href":"https:\/\/www.europesays.com\/es\/wp-json\/wp\/v2\/tags?post=179176"}],"curies":[{"name":"wp","href":"https:\/\/api.w.org\/{rel}","templated":true}]}}