{"id":179180,"date":"2025-10-15T20:24:12","date_gmt":"2025-10-15T20:24:12","guid":{"rendered":"https:\/\/www.europesays.com\/es\/179180\/"},"modified":"2025-10-15T20:24:12","modified_gmt":"2025-10-15T20:24:12","slug":"ars-amandi-anuncia-nuevo-invitado-para-su-presentacion-en-madrid","status":"publish","type":"post","link":"https:\/\/www.europesays.com\/es\/179180\/","title":{"rendered":"ARS AMANDI anuncia nuevo invitado para su presentaci\u00f3n en Madrid"},"content":{"rendered":"<p>\u00a0<\/p>\n<p><strong>ARS AMANDI anuncia nuevo invitado para su presentaci\u00f3n en Madrid<\/strong><br \/>\n<img fetchpriority=\"high\" decoding=\"async\" src=\"https:\/\/www.europesays.com\/es\/wp-content\/uploads\/2025\/10\/cartel_madrid_nov25_500x267.jpg\" alt=\"ARS AMANDI\" width=\"500\" height=\"267\"\/><\/p>\n<p><strong><a href=\"https:\/\/arsamandifolkrock.com\/\" target=\"_blank\" rel=\"noopener nofollow\">ARS AMANDI<\/a><\/strong> anuncia al bajista <strong>Peri<\/strong> como invitado en su concierto en Madrid:<\/p>\n<p><img loading=\"lazy\" decoding=\"async\" src=\"https:\/\/www.europesays.com\/es\/wp-content\/uploads\/2025\/10\/peri.jpg\" alt=\"ARS AMANDI\" width=\"500\" height=\"500\"\/><\/p>\n<p><strong>Si no ocurre nada de \u00faltima hora, esta tarde entrevistaremos a Dani Aller, y en breve podr\u00e9is escuchar sus declaraciones. <\/strong><\/p>\n<p><strong><a href=\"https:\/\/arsamandifolkrock.com\/\" target=\"_blank\" rel=\"noopener nofollow\">ARS AMANDI<\/a><\/strong> anunci\u00f3 los dos primeros invitados para si presentaci\u00f3n en Madrid. Ser\u00e1n Nata Mart\u00edn a la voz y Jezabel Mart\u00ednez al viol\u00edn.<\/p>\n<p><img loading=\"lazy\" decoding=\"async\" src=\"https:\/\/www.europesays.com\/es\/wp-content\/uploads\/2025\/10\/natalia.jpg\" alt=\"ARS\" width=\"400\" height=\"400\"\/><br \/>\n<img loading=\"lazy\" decoding=\"async\" src=\"https:\/\/www.europesays.com\/es\/wp-content\/uploads\/2025\/10\/jezabel.jpg\" alt=\"ARS\" width=\"400\" height=\"400\"\/><\/p>\n<p><strong><a href=\"https:\/\/arsamandifolkrock.com\/\" target=\"_blank\" rel=\"noopener nofollow\">ARS AMANDI<\/a><\/strong> recuerdan su presentaci\u00f3n en Madrid, y confirman quienes ser\u00e1n los artistas que abrir\u00e1n su show. Es la nUeva banda llamada <strong>FINNWAY<\/strong> , el nuevo grupo del guitarrista de CELTIAN <strong>Sergio Culebras <\/strong>y <strong>Sara Ember<\/strong> la violinista de \u00d1U y LAST DAYS OF EDEN.<\/p>\n<p>Este es el cartel:<\/p>\n<p><img loading=\"lazy\" decoding=\"async\" src=\"https:\/\/www.europesays.com\/es\/wp-content\/uploads\/2025\/10\/cartel_madrid25ok.jpg\" alt=\"ARS AMANDI\" width=\"500\" height=\"705\"\/><\/p>\n<p>Recordamos la presentaci\u00f3n oficial del disco en directo ser\u00e1 <strong>el 7 de Noviembre en la Sala Shoko de Madrid.<\/strong> <a href=\"https:\/\/mutick.com\/e\/ars-amandi-presentacion-rumbo-norte-madrid\" target=\"_blank\" rel=\"noopener nofollow\">Entradas ya disponibles AQUI<\/a><\/p>\n<p>Entradas F\u00edsicas en:<\/p>\n<ul>\n<li>Viking Rock \u2013 Calle de Illescas 100, Aluche<\/li>\n<li>El Mono Vk \u2013 Arroyo del Olivar 52, Vallekas<\/li>\n<li>Precio anticipada 18\u20ac<\/li>\n<li>Precio taquilla 25\u20ac<\/li>\n<li><strong>Apertura de puertas 20:00 <\/strong><\/li>\n<li><strong>Inicio 20:30<\/strong><\/li>\n<\/ul>\n<p><strong>Su nuevo \u00e1lbum \u00abRumbo Norte\u00bb<strong> vio la luz el 26 de septiembre<\/strong><\/strong> \u2013 <a href=\"https:\/\/www.rafabasa.com\/2025\/09\/29\/critica-del-cd-de-ars-amandi-rumbo-norte\/\" target=\"_blank\" rel=\"noopener nofollow\"><strong>Pod\u00e9is leer la critoca del \u00e1lbum, escrita por Rafa Basa, AQUI<\/strong><\/a><\/p>\n<p><strong><a href=\"https:\/\/arsamandifolkrock.com\/\" target=\"_blank\" rel=\"noopener nofollow\">ARS AMANDI <\/a><\/strong>\u201cRumbo Norte\u201d <strong><a href=\"https:\/\/arsamandifolkrock.com\/producto\/rumbo-norte-2025\/\" target=\"_blank\" rel=\"noopener nofollow\"> disponible AQUI<\/a><\/strong><\/p>\n<p><strong><a href=\"https:\/\/arsamandifolkrock.com\/\" target=\"_blank\" rel=\"noopener nofollow\">ARS AMANDI<\/a><\/strong> estrenaron su Lyric Video de \u00abVa a Salir el Sol\u00bb, con la colaboraci\u00f3n de <strong>Dani de LEPOKA como invitado<\/strong><\/p>\n<p style=\"text-align: center;\"><strong><a href=\"https:\/\/www.rafabasa.com\/2025\/09\/08\/ars-amandi-entrevista-con-dani-aller-sobre-su-album-rumbo-norte-y-su-presentacion-en-madrid\/\" target=\"_blank\" rel=\"noopener nofollow\">AQUI pod\u00e9is escucha la entrevista con Dani Aller que hizo Rafa Basa recientemente<\/a><\/strong><\/p>\n<p>En \u00abRumbo Norte\u00bb la banda despliega durante 9 canciones su esencia como precursores del Rock Castellano, incorporando adem\u00e1s nuevos matices, arriesgando, adapt\u00e1ndose a nuevos sonidos aderezados con rock y folk metal, pero sin perder su esencia original.<\/p>\n<p>En la onda de su anterior disco \u00abEn Tierra de Castillos\u00bb.<\/p>\n<p>\u00abEl \u00faltimo aliento\u00bb, segundo adelanto:<\/p>\n<p>\u201cVagabundo en el Mar\u201d primer adelanto:<\/p>\n<p>\u00a0<\/p>\n","protected":false},"excerpt":{"rendered":"\u00a0 ARS AMANDI anuncia nuevo invitado para su presentaci\u00f3n en Madrid ARS AMANDI anuncia al bajista Peri como&hellip;\n","protected":false},"author":2,"featured_media":179181,"comment_status":"","ping_status":"","sticky":false,"template":"","format":"standard","meta":{"footnotes":""},"categories":[170],"tags":[45460,146,147,25,24,184,185,23],"class_list":{"0":"post-179180","1":"post","2":"type-post","3":"status-publish","4":"format-standard","5":"has-post-thumbnail","7":"category-musica","8":"tag-ars-amandi","9":"tag-entertainment","10":"tag-entretenimiento","11":"tag-es","12":"tag-espana","13":"tag-music","14":"tag-musica","15":"tag-spain"},"share_on_mastodon":{"url":"","error":""},"_links":{"self":[{"href":"https:\/\/www.europesays.com\/es\/wp-json\/wp\/v2\/posts\/179180","targetHints":{"allow":["GET"]}}],"collection":[{"href":"https:\/\/www.europesays.com\/es\/wp-json\/wp\/v2\/posts"}],"about":[{"href":"https:\/\/www.europesays.com\/es\/wp-json\/wp\/v2\/types\/post"}],"author":[{"embeddable":true,"href":"https:\/\/www.europesays.com\/es\/wp-json\/wp\/v2\/users\/2"}],"replies":[{"embeddable":true,"href":"https:\/\/www.europesays.com\/es\/wp-json\/wp\/v2\/comments?post=179180"}],"version-history":[{"count":0,"href":"https:\/\/www.europesays.com\/es\/wp-json\/wp\/v2\/posts\/179180\/revisions"}],"wp:featuredmedia":[{"embeddable":true,"href":"https:\/\/www.europesays.com\/es\/wp-json\/wp\/v2\/media\/179181"}],"wp:attachment":[{"href":"https:\/\/www.europesays.com\/es\/wp-json\/wp\/v2\/media?parent=179180"}],"wp:term":[{"taxonomy":"category","embeddable":true,"href":"https:\/\/www.europesays.com\/es\/wp-json\/wp\/v2\/categories?post=179180"},{"taxonomy":"post_tag","embeddable":true,"href":"https:\/\/www.europesays.com\/es\/wp-json\/wp\/v2\/tags?post=179180"}],"curies":[{"name":"wp","href":"https:\/\/api.w.org\/{rel}","templated":true}]}}