{"id":179188,"date":"2025-10-15T20:28:06","date_gmt":"2025-10-15T20:28:06","guid":{"rendered":"https:\/\/www.europesays.com\/es\/179188\/"},"modified":"2025-10-15T20:28:06","modified_gmt":"2025-10-15T20:28:06","slug":"pablo-benegas-xabi-san-martin-haritz-garde-y-alvaro-fuentes-que-han-hecho-los-integrantes-de-la-oreja-de-van-gogh-desde-que-leire-martinez-salio-de-la-banda-el-mundo","status":"publish","type":"post","link":"https:\/\/www.europesays.com\/es\/179188\/","title":{"rendered":"Pablo Benegas, Xabi San Mart\u00edn, Haritz Garde y \u00c1lvaro Fuentes: qu\u00e9 han hecho los integrantes de La Oreja de Van Gogh desde que Leire Mart\u00ednez sali\u00f3 de la banda &#8211; El Mundo"},"content":{"rendered":"<ol>\n<li><a href=\"https:\/\/news.google.com\/rss\/articles\/CBMigAFBVV95cUxPQkQ5VHVmclRZR2hmcXRnSFdXUXZEelp2Tmx6RE5VcTNEYVpDYllPSndKMTZtNmhfb3lxR0NQZXNmSFpWU1o2aFJWSDJ0UmxwRFBQbmJqUVhYUmR4dnRlWm54cVJOcmJ4aGtySDZGeDJmbmlRZ3hYOVMzYVRnUUdsMNIBgAFBVV95cUxQRGFsRmhXQ3R2NE9jV0xwdUNQcFdnRXVmWEszMngzbEhfVmFubHZucng4dDJPck0xckRDWlJfc1B4LUpVWU5oNnE3OE9fMFRXUHNlbnlKZDNJcllOVFFITm16UWI3Rk1OS1haYTlGMEVlMnh1dDl1azY4aFpxeXM3Rg?oc=5\" target=\"_blank\" rel=\"nofollow noopener\">Pablo Benegas, Xabi San Mart\u00edn, Haritz Garde y \u00c1lvaro Fuentes: qu\u00e9 han hecho los integrantes de La Oreja de Van Gogh desde que Leire Mart\u00ednez sali\u00f3 de la banda<\/a>&nbsp;&nbsp;El Mundo<\/li>\n<li><a href=\"https:\/\/news.google.com\/rss\/articles\/CBMi0AFBVV95cUxNa0llWnlWbTJQZjRwb2F2U1IxSXBRTFZISlE1NkNJcG9MV0tqTVAzVjJuMWQxVGU2dlBXekpUX3hkSEVGdXNSUDVoQnlGV1EtdmpkbGJPLUQ2ZUQzMng5TEdQSkxsN3JoeW9sY0thUTFUYkU4QTBmSFMxLUNXSTV2V2JaVjItZDlwWVRreGNVVnVjaC1UT09seXlROUk5ZnV5TnJjN3hUSmlXRDhOMGxfaFNxRmJDck5EZnd6QjQzV0VZUG9rY3NxYS1XOE94dGJJ?oc=5\" target=\"_blank\" rel=\"nofollow noopener\">Amaia Montero regresa a La Oreja de Van Gogh y Pablo Benegas responde: \u201cNo les voy a acompa\u00f1ar\u201d<\/a>&nbsp;&nbsp;EL PA\u00cdS<\/li>\n<li><a href=\"https:\/\/news.google.com\/rss\/articles\/CBMi1wFBVV95cUxQazhrYXBHTnFtMkxCWEw0Y1U4b1kzQmN5b1JkSWdhWnVrVUtTWElZSndCNHJJczg3eF9oaVBlNTJraWNtVkFYY1ZCSkZiR04wU1lpT05mdGVHeVlqNVVqZnRIb29vOHJ4U1FLYzk4ZDIycXp1RUVLUHJPN3ZHRkh1cTBoQW1GZElIVlQ0aXpqWmN6U05RUEh4anlrQlk0S2xNaF80cVRDYWVBa2NLT1AySXllTWhBR3UwRGR2c1Zha3Vtc3piRVlsTDBHYUtZWS1tZmJxMmYtZw?oc=5\" target=\"_blank\" rel=\"nofollow noopener\">La reacci\u00f3n de Leire Mart\u00ednez al bombazo del regreso de Amaia Montero a &#8216;La Oreja de Van Gogh&#8217;<\/a>&nbsp;&nbsp;HOLA<\/li>\n<li><a href=\"https:\/\/news.google.com\/rss\/articles\/CBMinwFBVV95cUxPUlo5UzFmaERDaXZZdzl4RUNsZXNLdWF5TUxtTUVZLXk2SjlIdXJrd1M0TlpGUm8yc3FSckRKQmZVUXlxd3pkakREYlZzVW9Tc2QwMzR1RGZ6bkszTWlpeG5ZYkJLVFZVaktXV2s0UzhoMUt3QVhKMGZPbXlxSGdUNGJKWGpOb3BrUnltU25MUl9sVFplMHhsYTFRdmtQUlk?oc=5\" target=\"_blank\" rel=\"nofollow noopener\">El medi\u00e1tico regreso de La Oreja de Van Gogh, el meme pop del a\u00f1o<\/a>&nbsp;&nbsp;ABC<\/li>\n<li><a href=\"https:\/\/news.google.com\/rss\/articles\/CBMi2gFBVV95cUxOMkUwb1FqOEwyZ2pqSFNJV2pwdHd6N3FoclRySEJwTjdpY3hibjM4amUxMUo4bW9rX3BfMnZpR2pfZUxVdXFBVl9teEc2ZkhhVXhCX29UU1RzcjEzSDVuTnJJUkNHUUtkS0VmbFlYT1NEalJUX1R1NmllYXkxMENwd2NQVUZmRVpwOHZRYk50bWtyazl2bTlWUzJ6WnA0akhmWVlIc3UyTGhjc1hhNVdITzJJbDI4QlU0aG9QZGdOdDBoM0p2NWdqdW5iQUJZeXhqWV9OMVQ1X3M4QdIB7gFBVV95cUxOaFpkY3NDNTRDZmVjQTBhdHQ1cWN5VFJpV01nMzdKRll4ajM4SVU3QUs5N1dzd2tzQTRSZVQteGloRXJLYzhvbmxjMU9NeTBPWUZpaDZtOW1ZS3dESzJjX0JoMnpwTkFwUkw3bjBNWU9naWEwaU9TMzJabmgxRExRMTg4X0p1aFZtU0JOMTJIMlBSVTBwMjZnRXo1RW5vYjczTEhadFhSUmFOZDh2SEpSNnRfNFRENzRkTHh1Y1V0U3FjbGNmNUN1aS1JXy1xR2tMQzhDQ0tKU1BiTERHQlpqOF9XbTlMaVNRTmZOSG93?oc=5\" target=\"_blank\" rel=\"nofollow noopener\">El millonario patrimonio de Amaia Montero: de su empresa con La Oreja de Van Gogh al piso de Madrid<\/a>&nbsp;&nbsp;Diario AS<\/li>\n<\/ol>\n","protected":false},"excerpt":{"rendered":"Pablo Benegas, Xabi San Mart\u00edn, Haritz Garde y \u00c1lvaro Fuentes: qu\u00e9 han hecho los integrantes de La Oreja&hellip;\n","protected":false},"author":2,"featured_media":179189,"comment_status":"","ping_status":"","sticky":false,"template":"","format":"standard","meta":{"footnotes":""},"categories":[91],"tags":[20219,146,147,25,24,720,23],"class_list":{"0":"post-179188","1":"post","2":"type-post","3":"status-publish","4":"format-standard","5":"has-post-thumbnail","7":"category-entretenimiento","8":"tag-amaia-montero","9":"tag-entertainment","10":"tag-entretenimiento","11":"tag-es","12":"tag-espana","13":"tag-loc-famosos","14":"tag-spain"},"share_on_mastodon":{"url":"","error":""},"_links":{"self":[{"href":"https:\/\/www.europesays.com\/es\/wp-json\/wp\/v2\/posts\/179188","targetHints":{"allow":["GET"]}}],"collection":[{"href":"https:\/\/www.europesays.com\/es\/wp-json\/wp\/v2\/posts"}],"about":[{"href":"https:\/\/www.europesays.com\/es\/wp-json\/wp\/v2\/types\/post"}],"author":[{"embeddable":true,"href":"https:\/\/www.europesays.com\/es\/wp-json\/wp\/v2\/users\/2"}],"replies":[{"embeddable":true,"href":"https:\/\/www.europesays.com\/es\/wp-json\/wp\/v2\/comments?post=179188"}],"version-history":[{"count":0,"href":"https:\/\/www.europesays.com\/es\/wp-json\/wp\/v2\/posts\/179188\/revisions"}],"wp:featuredmedia":[{"embeddable":true,"href":"https:\/\/www.europesays.com\/es\/wp-json\/wp\/v2\/media\/179189"}],"wp:attachment":[{"href":"https:\/\/www.europesays.com\/es\/wp-json\/wp\/v2\/media?parent=179188"}],"wp:term":[{"taxonomy":"category","embeddable":true,"href":"https:\/\/www.europesays.com\/es\/wp-json\/wp\/v2\/categories?post=179188"},{"taxonomy":"post_tag","embeddable":true,"href":"https:\/\/www.europesays.com\/es\/wp-json\/wp\/v2\/tags?post=179188"}],"curies":[{"name":"wp","href":"https:\/\/api.w.org\/{rel}","templated":true}]}}