{"id":179192,"date":"2025-10-15T20:30:14","date_gmt":"2025-10-15T20:30:14","guid":{"rendered":"https:\/\/www.europesays.com\/es\/179192\/"},"modified":"2025-10-15T20:30:14","modified_gmt":"2025-10-15T20:30:14","slug":"el-fabricante-de-autos-stellantis-planea-invertir-13-000-millones-de-dolares-para-2029-en-eeuu","status":"publish","type":"post","link":"https:\/\/www.europesays.com\/es\/179192\/","title":{"rendered":"El fabricante de autos Stellantis planea invertir 13.000 millones de d\u00f3lares para 2029 en EEUU"},"content":{"rendered":"<p>    <img src=\"https:\/\/www.europesays.com\/es\/wp-content\/uploads\/2025\/10\/2025-10-15T173A103A34Z-90173378.jpg\" width=\"1024\" height=\"682\" alt=\"\" loading=\"eager\" decoding=\"sync\" fetchpriority=\"high\"\/><\/p>\n<p>            afp_tickers        <\/p>\n<p>        Este contenido fue publicado en    <\/p>\n<p>        15 octubre 2025 &#8211; 19:10\n<\/p>\n<p>El fabricante de autos Stellantis, que produce una decena de marcas como Jeep, Chrysler, Citroen, Alfa Romeo y Peugeot, anunci\u00f3 el martes que planea invertir 13.000 millones de d\u00f3lares en los pr\u00f3ximos cuatros a\u00f1os en Estados Unidos.\u00a0<\/p>\n<p>Seg\u00fan un comunicado, Stellantis debe lanzar cinco nuevos veh\u00edculos y emprender \u00abdiecinueve acciones\u00bb a nivel de sus productos para 2029, para sumar de este modo m\u00e1s de 5.000 empleos en f\u00e1bricas de Illinois, Ohio, M\u00edchigan e Indiana.\u00a0<\/p>\n<p>El grupo precis\u00f3 que se trata de su mayor inversi\u00f3n \u00fanica en 100 a\u00f1os de historia.<\/p>\n<p>Stellantis planea, entre otras cosas, reactivar la f\u00e1brica de Belvidere (Illinois) que hab\u00eda sido un importante punto de fricci\u00f3n durante las negociaciones del acuerdo social entre los tres grandes fabricantes de autom\u00f3viles, tambi\u00e9n Ford y General Motors, en 2023.<\/p>\n<p>Se hab\u00eda alcanzado un acuerdo entre las direcciones y el sindicato, luego validado por los miembros, tras una \u00abhuelga hist\u00f3rica\u00bb de m\u00e1s de seis semanas.<\/p>\n<p>\u00abAcelerar el crecimiento en Estados Unidos ha sido mi principal prioridad desde mi primer d\u00eda. El \u00e9xito en Estados Unidos no es simplemente positivo para Stellantis en Estados Unidos, nos hace m\u00e1s fuertes en todas partes\u00bb, coment\u00f3 en el comunicado Antonio Filosa, quien asumi\u00f3 la direcci\u00f3n del grupo en junio, seis meses despu\u00e9s del despido de Carlos Tavares.<\/p>\n<p>El paquete de 13.000 millones de d\u00f3lares incluye gastos de investigaci\u00f3n y desarrollo, costos de suministro as\u00ed como financiamientos destinados a las herramientas de producci\u00f3n.\u00a0<\/p>\n<p>Esto deber\u00eda permitir un crecimiento de su producci\u00f3n en un 50% en comparaci\u00f3n con el nivel actual.<\/p>\n<p>En las transacciones electr\u00f3nicas despu\u00e9s del cierre de la Bolsa de Nueva York, la acci\u00f3n de Stellantis subi\u00f3 un 5,48%, despu\u00e9s de haber terminado la sesi\u00f3n con una ca\u00edda del 2,56%.<\/p>\n<p>elm\/bl\/ube\/atm\/nn<\/p>\n","protected":false},"excerpt":{"rendered":"afp_tickers Este contenido fue publicado en 15 octubre 2025 &#8211; 19:10 El fabricante de autos Stellantis, que produce&hellip;\n","protected":false},"author":2,"featured_media":179193,"comment_status":"","ping_status":"","sticky":false,"template":"","format":"standard","meta":{"footnotes":""},"categories":[80],"tags":[26323,82,95,94,84,25,24,40584,87,14689,36508,23,90,22917],"class_list":{"0":"post-179192","1":"post","2":"type-post","3":"status-publish","4":"format-standard","5":"has-post-thumbnail","7":"category-economia","8":"tag-automotive-equipment","9":"tag-business","10":"tag-economia","11":"tag-economy","12":"tag-economy-general","13":"tag-es","14":"tag-espana","15":"tag-investments","16":"tag-macro-economics","17":"tag-manufacturing-and-engineering","18":"tag-road-transport","19":"tag-spain","20":"tag-ticker","21":"tag-transport"},"share_on_mastodon":{"url":"","error":""},"_links":{"self":[{"href":"https:\/\/www.europesays.com\/es\/wp-json\/wp\/v2\/posts\/179192","targetHints":{"allow":["GET"]}}],"collection":[{"href":"https:\/\/www.europesays.com\/es\/wp-json\/wp\/v2\/posts"}],"about":[{"href":"https:\/\/www.europesays.com\/es\/wp-json\/wp\/v2\/types\/post"}],"author":[{"embeddable":true,"href":"https:\/\/www.europesays.com\/es\/wp-json\/wp\/v2\/users\/2"}],"replies":[{"embeddable":true,"href":"https:\/\/www.europesays.com\/es\/wp-json\/wp\/v2\/comments?post=179192"}],"version-history":[{"count":0,"href":"https:\/\/www.europesays.com\/es\/wp-json\/wp\/v2\/posts\/179192\/revisions"}],"wp:featuredmedia":[{"embeddable":true,"href":"https:\/\/www.europesays.com\/es\/wp-json\/wp\/v2\/media\/179193"}],"wp:attachment":[{"href":"https:\/\/www.europesays.com\/es\/wp-json\/wp\/v2\/media?parent=179192"}],"wp:term":[{"taxonomy":"category","embeddable":true,"href":"https:\/\/www.europesays.com\/es\/wp-json\/wp\/v2\/categories?post=179192"},{"taxonomy":"post_tag","embeddable":true,"href":"https:\/\/www.europesays.com\/es\/wp-json\/wp\/v2\/tags?post=179192"}],"curies":[{"name":"wp","href":"https:\/\/api.w.org\/{rel}","templated":true}]}}