{"id":179198,"date":"2025-10-15T20:33:31","date_gmt":"2025-10-15T20:33:31","guid":{"rendered":"https:\/\/www.europesays.com\/es\/179198\/"},"modified":"2025-10-15T20:33:31","modified_gmt":"2025-10-15T20:33:31","slug":"la-frase-de-un-diputado-del-pp-al-de-compromis-que-fue-a-la-flotilla","status":"publish","type":"post","link":"https:\/\/www.europesays.com\/es\/179198\/","title":{"rendered":"la frase de un diputado del PP al de Comprom\u00eds que fue a la Flotilla"},"content":{"rendered":"<p class=\"paragraph\" id=\"paragraph_1\"><strong>Manuel P\u00e9rez Fenoll<\/strong>, diputado del PP en Les Corts, ha recibido a <strong>Juan Bordera<\/strong>, diputado de Comprom\u00eds que se embarc\u00f3 en <strong>la Flotilla<\/strong> hacia Gaza, con una frase que ha provocado la reacci\u00f3n en tromba de la formaci\u00f3n liderada por <strong>Joan Baldov\u00ed<\/strong>.<\/p>\n<p class=\"paragraph\" id=\"paragraph_2\">\u00ab<strong>Qu\u00e9 gordito has salido de Auschwitz<\/strong>\u00ab, le ha espetado el &#8216;popular&#8217; antes de comenzar la sesi\u00f3n de este mi\u00e9rcoles en el parlamento valenciano. Una afirmaci\u00f3n que ha provocado los reproches de los diputados de la coalici\u00f3n, lo que ha obligado a la presidenta de Les Corts, <strong>Llanos Mass\u00f3<\/strong> (Vox), a intervenir.<\/p>\n<p class=\"paragraph\" id=\"paragraph_3\">La situaci\u00f3n ha tenido lugar justo antes del inicio del pleno, cuando ha entrado Bordera al hemiciclo, que ha sido <strong>recibido entre aplausos<\/strong> por parte de sus compa\u00f1eros de bancada en el momento en el que <strong>Susana Camarero<\/strong> sub\u00eda al atril.<\/p>\n<p><img loading=\"lazy\" decoding=\"async\" alt=\"El diputado de Comprom\u00eds Juan Bordera, uno de los activistas espa\u00f1oles liberados por Israel\" height=\"180\" src=\"https:\/\/www.europesays.com\/es\/wp-content\/uploads\/2025\/10\/1003743955849_259189784_320x180.jpg\" width=\"320\" data-lazy-status=\"processed\" data-lazy-info=\"remove loading item 1\"\/><\/p>\n<p class=\"paragraph\" id=\"paragraph_4\">La vicepresidenta primera del Consell y consellera de Servicios Sociales, Igualdad y Vivienda iba a presentar el proyecto de ley reguladora del acceso al entorno de las personas con discapacidad usuarias de perro de asistencia, el primer punto del orden del d\u00eda del pleno de esta semana.<\/p>\n<p class=\"paragraph\" id=\"paragraph_5\">Tras el comentario de P\u00e9rez Fenoll, la diputada de Comprom\u00eds <strong>Aitana Mas<\/strong> ha pedido la palabra. \u00abSolo por una cuesti\u00f3n de respeto y tambi\u00e9n de humanidad me gustar\u00eda que pudi\u00e9ramos comenzar el pleno sin hacer afirmaciones como las que acaba de hacer la bancada del PP\u00bb, ha se\u00f1alado.<\/p>\n<p class=\"paragraph\" id=\"paragraph_6\">Sin embargo, la presidenta de Les Corts, Llanos Mass\u00f3, le ha recordado que no ten\u00eda la palabra y ha pedido a los diputados \u00abque <strong>permanezcan en silencio para que podamos empezar esta sesi\u00f3n<\/strong>\u00ab.<\/p>\n<p class=\"paragraph\" id=\"paragraph_7\">Adem\u00e1s, Mass\u00f3 ha exigido \u00ab<strong>respeto a la persona que est\u00e1 interviniendo en ese momento<\/strong>\u00ab, en este caso Susana Camarero. \u00abCada grupo tiene su momento de intervenir. Por tanto, respetemos las intervenciones del resto de los grupos y, en este caso, de la vicepresidenta primera\u00bb, ha afirmado.<\/p>\n<p>\u00abFalta absoluta de humanidad\u00bb<\/p>\n<p class=\"paragraph\" id=\"paragraph_8\">En declaraciones a los medios en los pasillos, el s\u00edndic de Comprom\u00eds, Joan Baldov\u00ed, ha denunciado que estas palabras de P\u00e9rez Fenoll \u00abdan cuenta de la catadura moral del Partido Popular\u00bb y suponen \u00ab<strong>una falta absoluta de humanidad<\/strong>\u00ab.<\/p>\n<p class=\"paragraph\" id=\"paragraph_9\">Por parte del PP, su s\u00edndic, <strong>Juanfran P\u00e9rez Llorca<\/strong>, a preguntas de los periodistas sobre esta situaci\u00f3n, ha asegurado que no estaba en el hemiciclo cuando se ha producido y que no ha escuchado las palabras que Comprom\u00eds achaca a su compa\u00f1ero Manuel P\u00e9rez Fenoll.<\/p>\n<p class=\"paragraph\" id=\"paragraph_10\">Dicho esto, P\u00e9rez Llorca ha pedido \u00ab<strong>no agitar la calle<\/strong>\u00bb despu\u00e9s del \u00abacuerdo de paz\u00bb firmado para Palestina. Tambi\u00e9n ha criticado la \u00absobreactuaci\u00f3n\u00bb que, seg\u00fan \u00e9l, la izquierda realiza en torno al genocidio de Israel sobre Palestina, que ha asegurado \u00abtambi\u00e9n pas\u00f3 con los saharauis\u00bb.<\/p>\n<p>Escrito de protesta<\/p>\n<p class=\"paragraph\" id=\"paragraph_11\">Adem\u00e1s, la formaci\u00f3n ha presentado un escrito de protesta ante la Mesa por \u00ab<strong>dejadez de funciones<\/strong>\u00bb de la presidenta, ya que tras la \u00abreprobable\u00bb afirmaci\u00f3n del diputado del PP no le ha llamado al orden, pese a ser un comentario \u00abofensivo al decoro\u00bb de la C\u00e1mara.<\/p>\n<p class=\"paragraph\" id=\"paragraph_12\">Comprom\u00eds asegura que el comentario del diputado del PP \u00abno solo resulta <strong>ofensivo<\/strong>\u00bb a la c\u00e1mara, sus miembros y \u00aben particular el diputado Bordera\u00bb, sino tambi\u00e9n de todas las \u00abpersonas, entidades y voluntarios que desde hace a\u00f1os trabajan en la asistencia humanitaria en Palestina\u00bb.<\/p>\n","protected":false},"excerpt":{"rendered":"Manuel P\u00e9rez Fenoll, diputado del PP en Les Corts, ha recibido a Juan Bordera, diputado de Comprom\u00eds que&hellip;\n","protected":false},"author":2,"featured_media":179199,"comment_status":"","ping_status":"","sticky":false,"template":"","format":"standard","meta":{"footnotes":""},"categories":[5],"tags":[17,18,12191,242,25,24,13,14,11,19,20,9,10,15,16,23,12,21,22,235],"class_list":{"0":"post-179198","1":"post","2":"type-post","3":"status-publish","4":"format-standard","5":"has-post-thumbnail","7":"category-titulares","8":"tag-breaking-news","9":"tag-breakingnews","10":"tag-compromis","11":"tag-comunidad-valenciana","12":"tag-es","13":"tag-espana","14":"tag-featured-news","15":"tag-featurednews","16":"tag-headlines","17":"tag-latest-news","18":"tag-latestnews","19":"tag-news","20":"tag-noticias","21":"tag-noticias-destacadas","22":"tag-noticiasdestacadas","23":"tag-spain","24":"tag-titulares","25":"tag-ultimas-noticias","26":"tag-ultimasnoticias","27":"tag-valencia"},"share_on_mastodon":{"url":"","error":""},"_links":{"self":[{"href":"https:\/\/www.europesays.com\/es\/wp-json\/wp\/v2\/posts\/179198","targetHints":{"allow":["GET"]}}],"collection":[{"href":"https:\/\/www.europesays.com\/es\/wp-json\/wp\/v2\/posts"}],"about":[{"href":"https:\/\/www.europesays.com\/es\/wp-json\/wp\/v2\/types\/post"}],"author":[{"embeddable":true,"href":"https:\/\/www.europesays.com\/es\/wp-json\/wp\/v2\/users\/2"}],"replies":[{"embeddable":true,"href":"https:\/\/www.europesays.com\/es\/wp-json\/wp\/v2\/comments?post=179198"}],"version-history":[{"count":0,"href":"https:\/\/www.europesays.com\/es\/wp-json\/wp\/v2\/posts\/179198\/revisions"}],"wp:featuredmedia":[{"embeddable":true,"href":"https:\/\/www.europesays.com\/es\/wp-json\/wp\/v2\/media\/179199"}],"wp:attachment":[{"href":"https:\/\/www.europesays.com\/es\/wp-json\/wp\/v2\/media?parent=179198"}],"wp:term":[{"taxonomy":"category","embeddable":true,"href":"https:\/\/www.europesays.com\/es\/wp-json\/wp\/v2\/categories?post=179198"},{"taxonomy":"post_tag","embeddable":true,"href":"https:\/\/www.europesays.com\/es\/wp-json\/wp\/v2\/tags?post=179198"}],"curies":[{"name":"wp","href":"https:\/\/api.w.org\/{rel}","templated":true}]}}