{"id":179200,"date":"2025-10-15T20:35:33","date_gmt":"2025-10-15T20:35:33","guid":{"rendered":"https:\/\/www.europesays.com\/es\/179200\/"},"modified":"2025-10-15T20:35:33","modified_gmt":"2025-10-15T20:35:33","slug":"vera-vuelve-a-volcarse-con-la-tauromaquia-con-su-xix-semana-cultural-taurina","status":"publish","type":"post","link":"https:\/\/www.europesays.com\/es\/179200\/","title":{"rendered":"Vera vuelve a volcarse con la tauromaquia con su XIX Semana Cultural Taurina"},"content":{"rendered":"<p>El Foro Cultural Taurino de<strong> Vera (Almer\u00eda)<\/strong> abri\u00f3 anoche su XIX Semana Cultural Taurina con las inauguraciones de las exposiciones de pintura (de <strong>Beatriz de Bartolom\u00e9<\/strong>), escultura (<strong>Rafa Mir<\/strong>) y fotograf\u00eda (<strong>Baltasar G\u00e1lvez<\/strong>). Una brillante y elocuente muestra de que el toreo es el arte que inspira todas las artes.<\/p>\n<p>Como fondo y complemento musical la jornada tambi\u00e9n cont\u00f3 con la Rondalla Sol y Luna, que ofreci\u00f3 un brillante concierto de pasodobles, con una selecta selecci\u00f3n de piezas cantadas e instrumentales que llenaron el ambiente del mejor sentimiento taurino.<\/p>\n<p>El colof\u00f3n a la jornada del lunes corri\u00f3 a cargo de la magn\u00edfica charla de<strong> Ignacio Mart\u00edn Cuadrado<\/strong> sobre la figura de su abuelo, el polifac\u00e9tico <strong>Juan Cuadrado Ruiz,<\/strong> eminente veratense que desarroll\u00f3 y triunf\u00f3 en actividades tan diversas como arque\u00f3logo, pintor y dibujante, poeta y escritor, pol\u00edtico y hasta promotor taurino. Una delicia saber de tantas connotaciones en la vida y obra de tan entra\u00f1able personaje.<\/p>\n<p><img loading=\"lazy\" decoding=\"async\" aria-describedby=\"caption-attachment-554352\" class=\"wp-image-554352 size-full lazy\" src=\"https:\/\/www.europesays.com\/es\/wp-content\/uploads\/2025\/10\/38df9c36-fbe3-4750-9245-7c1584d9fc1c.jpeg\" alt=\"El alcalde de Vera, Alfonso Garc\u00eda Ramos, entrega al director de la Rondalla Sol y Luna una obra de Rafa Mir\" width=\"1280\" height=\"960\"  data-\/><\/p>\n<p id=\"caption-attachment-554352\" class=\"wp-caption-text\">El alcalde de Vera, Alfonso Garc\u00eda Ramos, entrega al director de la Rondalla Sol y Luna una obra de Rafa Mir<\/p>\n<p>\u00abLa Semana\u00bb lleva la firma del FORO CULTURAL Y TAURINO DE VERA, que para su organizaci\u00f3n cuenta con la colaboraci\u00f3n del Ayuntamiento de la ciudad. El alcalde,<strong> Alfonso Garc\u00eda Ramos<\/strong>, manifest\u00f3 su compromiso<strong> \u00abpara que Vera siga siendo un notable referente en el panorama taurino nacional, a lo que contribuyen iniciativas como \u00e9sta del Foro, muestra de afici\u00f3n y devoci\u00f3n de los buenos veratenses\u00bb.<\/strong><\/p>\n<p>Tambi\u00e9n estuvo en la presidencia del acto el concejal de Cultura Antonio Soler Casta\u00f1o, quien, seg\u00fan el presidente del \u00abForo\u00bb, <strong>Jos\u00e9 Antonio Ruiz Ruiz, \u00abes tambi\u00e9n persona determinante en el fomento de estas actividades\u00bb.<\/strong><\/p>\n<p>Una velada de diez, como es costumbre en La Terraza Carmona, complejo unido al car\u00e1cter de la ciudad, donde la amistad y el toreo se funden en el mejor atractivo para visitar esta zona del Levante almeriense.<\/p>\n<p><img loading=\"lazy\" decoding=\"async\" class=\"alignnone wp-image-554355 size-large lazy\" src=\"https:\/\/www.europesays.com\/es\/wp-content\/uploads\/2025\/10\/f768x1-307185_307312_5221-723x1024.webp.webp\" alt=\"\" width=\"723\" height=\"1024\"  data-\/><\/p>\n","protected":false},"excerpt":{"rendered":"El Foro Cultural Taurino de Vera (Almer\u00eda) abri\u00f3 anoche su XIX Semana Cultural Taurina con las inauguraciones de&hellip;\n","protected":false},"author":2,"featured_media":179201,"comment_status":"","ping_status":"","sticky":false,"template":"","format":"standard","meta":{"footnotes":""},"categories":[277],"tags":[45,373,168,25,24,23,167,374,7733],"class_list":{"0":"post-179200","1":"post","2":"type-post","3":"status-publish","4":"format-standard","5":"has-post-thumbnail","7":"category-toreo","8":"tag-45","9":"tag-bullfighting","10":"tag-deportes","11":"tag-es","12":"tag-espana","13":"tag-spain","14":"tag-sports","15":"tag-toreo","16":"tag-vera"},"share_on_mastodon":{"url":"","error":""},"_links":{"self":[{"href":"https:\/\/www.europesays.com\/es\/wp-json\/wp\/v2\/posts\/179200","targetHints":{"allow":["GET"]}}],"collection":[{"href":"https:\/\/www.europesays.com\/es\/wp-json\/wp\/v2\/posts"}],"about":[{"href":"https:\/\/www.europesays.com\/es\/wp-json\/wp\/v2\/types\/post"}],"author":[{"embeddable":true,"href":"https:\/\/www.europesays.com\/es\/wp-json\/wp\/v2\/users\/2"}],"replies":[{"embeddable":true,"href":"https:\/\/www.europesays.com\/es\/wp-json\/wp\/v2\/comments?post=179200"}],"version-history":[{"count":0,"href":"https:\/\/www.europesays.com\/es\/wp-json\/wp\/v2\/posts\/179200\/revisions"}],"wp:featuredmedia":[{"embeddable":true,"href":"https:\/\/www.europesays.com\/es\/wp-json\/wp\/v2\/media\/179201"}],"wp:attachment":[{"href":"https:\/\/www.europesays.com\/es\/wp-json\/wp\/v2\/media?parent=179200"}],"wp:term":[{"taxonomy":"category","embeddable":true,"href":"https:\/\/www.europesays.com\/es\/wp-json\/wp\/v2\/categories?post=179200"},{"taxonomy":"post_tag","embeddable":true,"href":"https:\/\/www.europesays.com\/es\/wp-json\/wp\/v2\/tags?post=179200"}],"curies":[{"name":"wp","href":"https:\/\/api.w.org\/{rel}","templated":true}]}}