{"id":179207,"date":"2025-10-15T20:40:09","date_gmt":"2025-10-15T20:40:09","guid":{"rendered":"https:\/\/www.europesays.com\/es\/179207\/"},"modified":"2025-10-15T20:40:09","modified_gmt":"2025-10-15T20:40:09","slug":"se-mete-otro-competidor-para-transmitir-la-formula-1-para-mexico-izzi-asegura-los-derechos","status":"publish","type":"post","link":"https:\/\/www.europesays.com\/es\/179207\/","title":{"rendered":"Se mete otro competidor para transmitir la F\u00f3rmula 1 para M\u00e9xico; izzi asegura los derechos"},"content":{"rendered":"<p>El ej\u00e9rcito israel\u00ed inform\u00f3 que el acuerdo de alto el fuego con Ham\u00e1s en Gaza entr\u00f3 en vigor.<\/p>\n<p>En un comunicado en redes sociales, Israel indic\u00f3 que sus fuerzas se retiraron parcialmente del territorio palestino y se encuentran estacionadas fuera de las l\u00edneas acordadas en el plan.<\/p>\n<p>Con la retirada, Ham\u00e1s dispone de 72 horas para liberar a todos los rehenes israel\u00edes, vivos y muertos, mientras que Israel liberar\u00e1 a cambio a cientos de prisioneros palestinos.<\/p>\n<p>Testigos presenciales y corresponsales de la BBC afirmaron previamente que se hab\u00edan producido ataques en Gaza durante la noche y la ma\u00f1ana, incluso despu\u00e9s de que el gabinete israel\u00ed aprobara el alto el fuego.<\/p>\n<p>Regreso<\/p>\n<p>Tras el inicio del repliegue de las fuerzas israel\u00edes, se vio a cientos de personas caminando por una ruta a lo largo de la costa en un intento por alcanzar el norte de la Franja.<\/p>\n<p>Seg\u00fan el corresponsal de la BBC Rushdi Abualouf, quien informa desde Estambul, los residentes del norte y oeste de la Ciudad de Gaza quedaron at\u00f3nitos tras la retirada de las fuerzas israel\u00edes de varios barrios, que revelaron una devastaci\u00f3n sin precedentes luego de semanas de intensos bombardeos y demoliciones.<\/p>\n<p><img loading=\"lazy\" decoding=\"async\" src=\"https:\/\/www.europesays.com\/es\/wp-content\/uploads\/2025\/10\/a2505020-a5c8-11f0-92db-77261a15b9d2.jpg\" alt=\"Palestinos se dirigen por la carretera costera hacia sus hogares \" width=\"800\" height=\"449\"\/><br \/>\nReutersCientos de palestinos comenzaron a desplazarse por la carretera para regresar a su hogar en el norte de la Franja.<\/p>\n<p>Por primera vez en semanas, la gente entr\u00f3 en las zonas de Sheikh Radwan, al-Karama y Beach Camp, solo para encontrar bloques de viviendas enteros arrasados, cientos de casas y gran parte de la infraestructura de la zona destruida.<\/p>\n<p>Decenas de videos que circulan en redes sociales mostraban a residentes caminando entre los escombros y filmando lo que queda de sus barrios.<\/p>\n<p>En un video, se oye a un hombre decir: \u201cEsta es la \u00faltima zona a la que podemos llegar. El ej\u00e9rcito israel\u00ed sigue cerca. Miren la magnitud de la destrucci\u00f3n, lo han arrasado todo\u201d.<\/p>\n<p>Mientras algunos residentes grababan las ruinas, otros se apresuraron a ayudar a los equipos de Defensa Civil de Gaza a recuperar los cuerpos de entre los escombros.<\/p>\n<p><img loading=\"lazy\" decoding=\"async\" src=\"https:\/\/www.europesays.com\/es\/wp-content\/uploads\/2025\/10\/c0443370-a5c9-11f0-928c-71dbb8619e94.jpg\" alt=\"Residentes observan lo que qued\u00f3 de sus hogares\" width=\"1024\" height=\"683\"\/><br \/>\nReutersEl grado de destrucci\u00f3n ha dejado at\u00f3nitos a muchos residentes de la Franja.<\/p>\n<p>Mahmoud Basal, portavoz de la Defensa Civil de Gaza, declar\u00f3 a la BBC que ocho cad\u00e1veres fueron recuperados del norte del territorio el viernes por la ma\u00f1ana, mientras los equipos de rescate contin\u00faan la b\u00fasqueda \u201ccon recursos muy limitados\u201d en otras zonas.<\/p>\n<p>Escenas similares se reportaron en varios distritos desalojados por las fuerzas israel\u00edes, que han comenzado a replegarse hacia las l\u00edneas acordadas en el marco del alto al fuego negociado en Sharm el-Sheikh entre Ham\u00e1s e Israel.<\/p>\n<p>Unas 700.000 personas desplazadas de la ciudad de Gaza y del norte esperan ansiosamente que se complete la retirada para poder regresar a lo que queda de sus hogares.<\/p>\n<p>Alaa Saleh, un profesor que huy\u00f3 con su esposa y seis hijos a Jan Yunis hace tres semanas declar\u00f3 a la BBC que est\u00e1 desesperado por regresar al norte una vez que se abra la carretera costera: \u201cMi casa fue destruida hace un a\u00f1o. Viv\u00eda en una tienda de campa\u00f1a sobre las ruinas y volver\u00e9 a montar la m\u00eda.<\/p>\n<p>\u201cSolo queremos reconstruir. Estamos cansados de vivir en tiendas de campa\u00f1a que no nos protegen ni del calor del verano ni del fr\u00edo del invierno\u201d.<\/p>\n<p><img loading=\"lazy\" decoding=\"async\" src=\"https:\/\/www.europesays.com\/es\/wp-content\/uploads\/2025\/10\/2e268aa0-a5ca-11f0-b741-177e3e2c2fc7.png\" alt=\"L\u00ednea gris \" width=\"800\" height=\"100\"\/><br \/>\nBBC<\/p>\n<p><a href=\"https:\/\/www.bbc.com\/mundo\/send\/u184973209?xtor=AL-73-%5Bpartner%5D-%5Banimalpolitico.com%5D-%5Blink%5D-%5Bmundo%5D-%5Bbizdev%5D-%5Bisapi%5D\" target=\"_blank\" rel=\"noopener nofollow\">Suscr\u00edbete aqu\u00ed<\/a> a nuestro nuevo newsletter para recibir cada viernes una selecci\u00f3n de nuestro mejor contenido de la semana.<\/p>\n<p>Y recuerda que puedes recibir notificaciones en nuestra app. Descarga la \u00faltima versi\u00f3n y act\u00edvalas.<\/p>\n","protected":false},"excerpt":{"rendered":"El ej\u00e9rcito israel\u00ed inform\u00f3 que el acuerdo de alto el fuego con Ham\u00e1s en Gaza entr\u00f3 en vigor.&hellip;\n","protected":false},"author":2,"featured_media":179208,"comment_status":"","ping_status":"","sticky":false,"template":"","format":"standard","meta":{"footnotes":""},"categories":[270],"tags":[168,25,24,306,271,272,23,167],"class_list":{"0":"post-179207","1":"post","2":"type-post","3":"status-publish","4":"format-standard","5":"has-post-thumbnail","7":"category-formula-1","8":"tag-deportes","9":"tag-es","10":"tag-espana","11":"tag-f1","12":"tag-formula-1","13":"tag-formula1","14":"tag-spain","15":"tag-sports"},"share_on_mastodon":{"url":"","error":""},"_links":{"self":[{"href":"https:\/\/www.europesays.com\/es\/wp-json\/wp\/v2\/posts\/179207","targetHints":{"allow":["GET"]}}],"collection":[{"href":"https:\/\/www.europesays.com\/es\/wp-json\/wp\/v2\/posts"}],"about":[{"href":"https:\/\/www.europesays.com\/es\/wp-json\/wp\/v2\/types\/post"}],"author":[{"embeddable":true,"href":"https:\/\/www.europesays.com\/es\/wp-json\/wp\/v2\/users\/2"}],"replies":[{"embeddable":true,"href":"https:\/\/www.europesays.com\/es\/wp-json\/wp\/v2\/comments?post=179207"}],"version-history":[{"count":0,"href":"https:\/\/www.europesays.com\/es\/wp-json\/wp\/v2\/posts\/179207\/revisions"}],"wp:featuredmedia":[{"embeddable":true,"href":"https:\/\/www.europesays.com\/es\/wp-json\/wp\/v2\/media\/179208"}],"wp:attachment":[{"href":"https:\/\/www.europesays.com\/es\/wp-json\/wp\/v2\/media?parent=179207"}],"wp:term":[{"taxonomy":"category","embeddable":true,"href":"https:\/\/www.europesays.com\/es\/wp-json\/wp\/v2\/categories?post=179207"},{"taxonomy":"post_tag","embeddable":true,"href":"https:\/\/www.europesays.com\/es\/wp-json\/wp\/v2\/tags?post=179207"}],"curies":[{"name":"wp","href":"https:\/\/api.w.org\/{rel}","templated":true}]}}