{"id":179213,"date":"2025-10-15T20:43:07","date_gmt":"2025-10-15T20:43:07","guid":{"rendered":"https:\/\/www.europesays.com\/es\/179213\/"},"modified":"2025-10-15T20:43:07","modified_gmt":"2025-10-15T20:43:07","slug":"adelgace-13-kilos-por-el-sindrome-de-lyme-me-quede-muy-delgado-y-estuve-con-depresion","status":"publish","type":"post","link":"https:\/\/www.europesays.com\/es\/179213\/","title":{"rendered":"\u00abAdelgac\u00e9 13 kilos por el s\u00edndrome de Lyme, me qued\u00e9 muy delgado y estuve con depresi\u00f3n\u00bb"},"content":{"rendered":"<p style=\"\">Hay programas de <a href=\"https:\/\/www.abc.es\/play\/television\/noticias\/crece-calor-agitacion-politica-reta-liderazgo-antena-20251014165815-nt.html\" title=\"www.abc.es\" data-voc-vtm-id=\"in-text-traffic\" data-mrf-link=\"www.abc.es\" rel=\"nofollow noopener\" target=\"_blank\">televisi\u00f3n <\/a>en Espa\u00f1a que llevan pr\u00e1cticamente toda una vida en antena y son ya parte de la cultura popular de nuestro pa\u00eds. Uno de los m\u00e1s populares es <strong>&#8216;La Ruleta de la Suerte&#8217;<\/strong>, concurso que, aunque con alg\u00fan par\u00f3n, lleva  &#8230; emiti\u00e9ndose m\u00e1s de 30 a\u00f1os. <\/p>\n<p class=\"voc-p\" style=\"\">Dentro de ellos, los \u00faltimos 20 son los que se han mantenido con m\u00e1s estabilidad, contando con <strong>un mismo presentador desde 2006, Jorge Fern\u00e1ndez<\/strong>, emiti\u00e9ndose en Antena 3 y sosteniendo una esencia que sigue casi intacta a d\u00eda de hoy. <\/p>\n<p class=\"voc-p\" style=\"\">Con motivo de que este programa estrella de la televisi\u00f3n est\u00e1 a punto de alcanzar las dos d\u00e9cadas en emisi\u00f3n, su presentador ha acudido al programa de Sons\u00f3les \u00d3nega para hacer<strong> un repaso por su carrera y su trayectoria<\/strong> de la mano de la &#8216;La Ruleta de la Suerte&#8217;. Durante la entrevista, el alicantino, vasco de coraz\u00f3n, ha recordado algunos de sus mejores y peores momentos, aludiendo a lo personal y los <strong>problemas de salud <\/strong>que atraves\u00f3 hace tiempo y que casi le hacen apartarse de la peque\u00f1a pantalla. <\/p>\n<p>\nTardaron dos a\u00f1os en diagnosticarle la enfermedad\n<\/p>\n<p class=\"voc-p\" style=\"\">Tal como es sabido y el mismo Jorge Fern\u00e1ndez ha contado en m\u00e1s de una ocasi\u00f3n, <strong>el presentador tiene la enfermedad de Lyme<\/strong>, por la cual sufri\u00f3 duros s\u00edntomas durante varios a\u00f1os, sobre todo porque, tal como ha explicado, los m\u00e9dicos tardaron dos a\u00f1os en diagnosticar lo que ten\u00eda.<\/p>\n<p class=\"voc-p\" style=\"\">\u00abCuando a m\u00ed me pic\u00f3 la garrapata y luego tambi\u00e9n me encontraron mucho mercurio en mi organismo, ten\u00eda un batiburrillo brutal, yo <strong>adelgac\u00e9 como 13 kilos<\/strong>, me dol\u00edan todas las articulaciones y no pod\u00eda hacer deporte, nada, cero, lo \u00fanico que pod\u00eda hacer es andar\u00bb, expresa Jorge Fern\u00e1ndez a Sons\u00f3les, recordando que ese mazazo le dej\u00f3 muy tocado tanto por dentro como por fuera.<\/p>\n<p class=\"voc-p\" style=\"\">\u00abMe qued\u00e9 mal y sobre todo mentalmente, porque si a m\u00ed me quitas el deporte me has matado. Otra cosa es que est\u00e9s lesionado y que bueno, lo asumes&#8230; Pero es que <strong>yo no sab\u00eda si pod\u00eda volver porque no sab\u00eda lo que ten\u00eda. Yo estuve dos a\u00f1os de incertidumbre<\/strong> que ning\u00fan m\u00e9dico me encontraba que ten\u00eda, entonces claro, estuve muy mal mentalmente y cada vez adelgazaba m\u00e1s\u00bb.<\/p>\n<p>\n\u00abAntes de empezar a grabar he soltado l\u00e1grimas\u00bb\n<\/p>\n<p class=\"voc-p\" style=\"\">Adem\u00e1s, explica c\u00f3mo afect\u00f3 esto directamente a su trabajo como presentador de &#8216;La Ruleta&#8217;: <strong>\u00abMe quedaban grandes las camisas y lloraba\u00bb<\/strong>, confiesa dando detalles de c\u00f3mo le ped\u00eda a los de vestuario que le entallaran la ropa porque hab\u00eda vueltoa adelgazar. <\/p>\n<p class=\"voc-p\" style=\"\">\u00ab<strong>Antes de empezar a grabar he soltado l\u00e1grimas<\/strong> pero&#8230; Porque yo me miraba y dec\u00eda &#8216;a d\u00f3nde voy si no soy yo este&#8217;. Encima no estaba contento, no estaba alegre, <strong>estaba con una depresi\u00f3n de pelotas<\/strong>\u00bb incluso el m\u00e9dico le sugiri\u00f3 que dejase de trabajar y se cogiera la baja porque estaba \u00abjodido\u00bb. <\/p>\n<p class=\"voc-p\" style=\"\">Pero, sin tener muy en cuenta esas recomendaciones, el presentador prefiri\u00f3 seguir con el trabajo, \u00ab<strong>La Ruleta no la toca ni Dios. Y la grab\u00e9 como pude<\/strong>, hac\u00eda los programas como pude, ya me detectaron lo que ten\u00eda y en un a\u00f1o, un a\u00f1o tard\u00e9 hasta que ya me puse bien\u00bb.<\/p>\n<blockquote class=\"twitter-tweet\">\n<p lang=\"es\" dir=\"ltr\">\ud83d\udde3\ufe0fJorge Fern\u00e1ndez, emocionado al hablar de la enfermedad que casi le obliga a dejar La ruleta de la suerte: \u00abNo sab\u00eda si podr\u00eda volver a ser yo\u00bb. <a href=\"https:\/\/twitter.com\/hashtag\/YAS14Oct?src=hash&amp;ref_src=twsrc%5Etfw\" rel=\"nofollow noopener\" target=\"_blank\">#YAS14Oct<\/a> <a href=\"https:\/\/t.co\/0XG68Bbb0N\" rel=\"nofollow\">https:\/\/t.co\/0XG68Bbb0N<\/a><\/p>\n<p>\u2014 Y Ahora Sonsoles (@YAhoraSonsoles) <a href=\"https:\/\/twitter.com\/YAhoraSonsoles\/status\/1978162649746530596?ref_src=twsrc%5Etfw\" rel=\"nofollow noopener\" target=\"_blank\">October 14, 2025<\/a><\/p><\/blockquote>\n<p class=\"voc-p\" style=\"\">Despu\u00e9s de emocionarse al volver a revivir esa dura \u00e9poca con problemas de salud, de la que al final consigui\u00f3 salir, Sons\u00f3les le pregunta qu\u00e9 se lleva como apredizaje tras haber vivido una experiencia as\u00ed de dif\u00edcil:<\/p>\n<p class=\"voc-p\" style=\"\">\u00abEsa \u00e9poca la tengo como muy dura porque no sab\u00eda lo que me pasaba ni si pod\u00eda volver a ser yo, pero luego tambi\u00e9n, a d\u00eda de hoy<strong>, me dices si la cambiar\u00eda y no la cambiar\u00eda, porque me ha dado una fortaleza y una forma de entender la vida que es distinta.<\/strong> Ahora relativizo mucho m\u00e1s, me he dado cuenta de que se pueden superar muchas cosas y luego s\u00e9 mucho m\u00e1s sobre salud, sobre fisiolog\u00eda que me gusta mucho, sobre ejercicios, deporte&#8230;\u00bb, contestaba el presentador.<\/p>\n<p><script async src=\"https:\/\/platform.twitter.com\/widgets.js\" charset=\"utf-8\"><\/script><\/p>\n","protected":false},"excerpt":{"rendered":"Hay programas de televisi\u00f3n en Espa\u00f1a que llevan pr\u00e1cticamente toda una vida en antena y son ya parte&hellip;\n","protected":false},"author":2,"featured_media":179214,"comment_status":"","ping_status":"","sticky":false,"template":"","format":"standard","meta":{"footnotes":""},"categories":[174],"tags":[51058,255,12919,634,2378,146,147,25,24,256,10994,2224,867,11282,9693,32890,16292,33517,23,11057],"class_list":{"0":"post-179213","1":"post","2":"type-post","3":"status-publish","4":"format-standard","5":"has-post-thumbnail","7":"category-famosos","8":"tag-adelgace","9":"tag-celebrities","10":"tag-delgado","11":"tag-deporte","12":"tag-depresion","13":"tag-entertainment","14":"tag-entretenimiento","15":"tag-es","16":"tag-espana","17":"tag-famosos","18":"tag-fernandez","19":"tag-jorge","20":"tag-kilos","21":"tag-lyme","22":"tag-presentador","23":"tag-quede","24":"tag-ruleta","25":"tag-sindrome","26":"tag-spain","27":"tag-suerte"},"share_on_mastodon":{"url":"","error":""},"_links":{"self":[{"href":"https:\/\/www.europesays.com\/es\/wp-json\/wp\/v2\/posts\/179213","targetHints":{"allow":["GET"]}}],"collection":[{"href":"https:\/\/www.europesays.com\/es\/wp-json\/wp\/v2\/posts"}],"about":[{"href":"https:\/\/www.europesays.com\/es\/wp-json\/wp\/v2\/types\/post"}],"author":[{"embeddable":true,"href":"https:\/\/www.europesays.com\/es\/wp-json\/wp\/v2\/users\/2"}],"replies":[{"embeddable":true,"href":"https:\/\/www.europesays.com\/es\/wp-json\/wp\/v2\/comments?post=179213"}],"version-history":[{"count":0,"href":"https:\/\/www.europesays.com\/es\/wp-json\/wp\/v2\/posts\/179213\/revisions"}],"wp:featuredmedia":[{"embeddable":true,"href":"https:\/\/www.europesays.com\/es\/wp-json\/wp\/v2\/media\/179214"}],"wp:attachment":[{"href":"https:\/\/www.europesays.com\/es\/wp-json\/wp\/v2\/media?parent=179213"}],"wp:term":[{"taxonomy":"category","embeddable":true,"href":"https:\/\/www.europesays.com\/es\/wp-json\/wp\/v2\/categories?post=179213"},{"taxonomy":"post_tag","embeddable":true,"href":"https:\/\/www.europesays.com\/es\/wp-json\/wp\/v2\/tags?post=179213"}],"curies":[{"name":"wp","href":"https:\/\/api.w.org\/{rel}","templated":true}]}}