{"id":179215,"date":"2025-10-15T20:45:09","date_gmt":"2025-10-15T20:45:09","guid":{"rendered":"https:\/\/www.europesays.com\/es\/179215\/"},"modified":"2025-10-15T20:45:09","modified_gmt":"2025-10-15T20:45:09","slug":"la-amistad-a-debate-por-maria-folguera-y-sabina-urraca","status":"publish","type":"post","link":"https:\/\/www.europesays.com\/es\/179215\/","title":{"rendered":"La amistad a debate, por Mar\u00eda Folguera y Sabina Urraca"},"content":{"rendered":"<p><strong>S.U.:<\/strong> Supongo que en ese momento s\u00ed estaba m\u00e1s acostumbrada a relacionarme de una forma m\u00e1s fr\u00eda, m\u00e1s desde la iron\u00eda, como forma de acercarte al otro, de decirle al que te cae mal, \u201cqu\u00e9 pesado\u201d, pero en realidad quieres ser su amiga desesperadamente.<\/p>\n<p><strong>G.:<\/strong> Existe una idealizaci\u00f3n de la amistad, el concepto de que es un entendimiento incondicional.<\/p>\n<p><strong>M-F.:<\/strong> A las dos, en nuestra trayectoria, siempre nos ha interesado la amistad, no s\u00f3lo sus derivas, sino tambi\u00e9n sus grietas, sus zonas de misterio, de distanciamiento, de problem\u00e1tica. La idealizaci\u00f3n de la amistad, que no es incondicional, sino todo lo contrario. Venimos de un momento en el que se hablaba de amistad para dar un t\u00edtulo absoluto: el del amigo leal e incondicional. Esta reflexi\u00f3n tocaba ya, despu\u00e9s de que se abordara colectivamente la desromantizaci\u00f3n de la pareja que era m\u00e1s urgente porque mata. Y la de los amigos en principio no.<\/p>\n<p><strong>S.U.:<\/strong> Igual no mata, pero carcome.<\/p>\n<p><strong>MF.:<\/strong> Tambi\u00e9n puede perjudicar gravemente la salud. Pero digamos que la pareja era un territorio urgente, y de la amistad ahora se est\u00e1 hablando. Hay necesidad de abordar las rupturas, la incomprensi\u00f3n. Creo que el libro se suma a este auge de ensayos y novelas sobre amistad entre mujeres. En mi opini\u00f3n, fue Elena Ferrante la primera que lo trajo a la mesa de forma directa y exhaustiva. Hasta entonces hab\u00eda una especie de invisibilidad.<\/p>\n<p><strong>S.U.:<\/strong> Recuerdo quedar muy impresionada con Irlanda, de Espido Freire, un libro que es muy raro mencionar. Hay otros t\u00edtulos como Anticrista, de Am\u00e9lie Nothomb, que la destaco tambi\u00e9n en el ensayo. Todos ellos se me quedaron muy clavados, porque hablaban de relaciones entre mujeres j\u00f3venes, amistades con fascinaci\u00f3n y oscuridad.<\/p>\n<p><strong>M.F.:<\/strong> Es importante mencionarlo porque siempre hubo libros sobre mujeres, pero son rarezas. Esa especie de compartir, de regalar. Creo que en los regalos entre mujeres lectoras es donde se deciden muchas veces las tendencias. Este libro tambi\u00e9n aporta a la conversaci\u00f3n esas reflexiones sobre la pandilla.<\/p>\n<p>\u201cYo s\u00ed propongo la abolici\u00f3n total del t\u00e9rmino sororidad. Se ha idealizado igual que la fraternidad. No sirven una vez que llega un apag\u00f3n. Dices sororidad y se institucionaliza\u201d<\/p>\n<p>Mar\u00eda Folguera<\/p>\n<p><strong>G.:<\/strong> No es lo mismo la amistad de uno a uno que la del grupo.<\/p>\n<p><strong>S.U.:<\/strong> S\u00ed, habl\u00e1bamos de la amistad como un lugar donde no tienes que estar siempre d\u00e1ndolo todo, siendo chispeante hasta el agotamiento social. Recuerdo con cari\u00f1o la primera vez que me di cuenta de que ya no era la mascota de una pandilla. Poder sentirme adulta en un grupo ha sido muy interesante. Y saber adem\u00e1s que el papel de la mascota iba cambiando seg\u00fan el d\u00eda.<\/p>\n<p><strong>M.F.:<\/strong> Me interesa mucho la gente que analiza Friends desde el punto de vista del conflicto. Porque ah\u00ed est\u00e1n el aislamiento, el bullying desde la iron\u00eda, la armon\u00eda falsa de \u201csomos as\u00ed\u201d. Qu\u00e9 malestares laten ah\u00ed debajo.<\/p>\n<p><strong>G.:<\/strong> Otro punto que analiz\u00e1is es la asimetr\u00eda en las relaciones de amistad. Qu\u00e9 complicado mantener el equilibrio. Adem\u00e1s existe cierta vanidad el querer mantenerla cuando una est\u00e1 arriba.<\/p>\n","protected":false},"excerpt":{"rendered":"S.U.: Supongo que en ese momento s\u00ed estaba m\u00e1s acostumbrada a relacionarme de una forma m\u00e1s fr\u00eda, m\u00e1s&hellip;\n","protected":false},"author":2,"featured_media":179216,"comment_status":"","ping_status":"","sticky":false,"template":"","format":"standard","meta":{"footnotes":""},"categories":[172],"tags":[224,146,147,25,24,225,23],"class_list":{"0":"post-179215","1":"post","2":"type-post","3":"status-publish","4":"format-standard","5":"has-post-thumbnail","7":"category-libros","8":"tag-books","9":"tag-entertainment","10":"tag-entretenimiento","11":"tag-es","12":"tag-espana","13":"tag-libros","14":"tag-spain"},"share_on_mastodon":{"url":"","error":""},"_links":{"self":[{"href":"https:\/\/www.europesays.com\/es\/wp-json\/wp\/v2\/posts\/179215","targetHints":{"allow":["GET"]}}],"collection":[{"href":"https:\/\/www.europesays.com\/es\/wp-json\/wp\/v2\/posts"}],"about":[{"href":"https:\/\/www.europesays.com\/es\/wp-json\/wp\/v2\/types\/post"}],"author":[{"embeddable":true,"href":"https:\/\/www.europesays.com\/es\/wp-json\/wp\/v2\/users\/2"}],"replies":[{"embeddable":true,"href":"https:\/\/www.europesays.com\/es\/wp-json\/wp\/v2\/comments?post=179215"}],"version-history":[{"count":0,"href":"https:\/\/www.europesays.com\/es\/wp-json\/wp\/v2\/posts\/179215\/revisions"}],"wp:featuredmedia":[{"embeddable":true,"href":"https:\/\/www.europesays.com\/es\/wp-json\/wp\/v2\/media\/179216"}],"wp:attachment":[{"href":"https:\/\/www.europesays.com\/es\/wp-json\/wp\/v2\/media?parent=179215"}],"wp:term":[{"taxonomy":"category","embeddable":true,"href":"https:\/\/www.europesays.com\/es\/wp-json\/wp\/v2\/categories?post=179215"},{"taxonomy":"post_tag","embeddable":true,"href":"https:\/\/www.europesays.com\/es\/wp-json\/wp\/v2\/tags?post=179215"}],"curies":[{"name":"wp","href":"https:\/\/api.w.org\/{rel}","templated":true}]}}