{"id":179234,"date":"2025-10-15T20:55:13","date_gmt":"2025-10-15T20:55:13","guid":{"rendered":"https:\/\/www.europesays.com\/es\/179234\/"},"modified":"2025-10-15T20:55:13","modified_gmt":"2025-10-15T20:55:13","slug":"el-plan-de-choque-para-la-prevencion-del-cancer-de-mama-descarrila-y-pone-en-duda-los-anuncios-del-gobierno-andaluz-sobre-otros-cribados-sociedad","status":"publish","type":"post","link":"https:\/\/www.europesays.com\/es\/179234\/","title":{"rendered":"El plan de choque para la prevenci\u00f3n del c\u00e1ncer de mama descarrila y pone en duda los anuncios del Gobierno andaluz sobre otros cribados | Sociedad"},"content":{"rendered":"<p class=\"\">El Gobierno de Juan Manuel Moreno ha concretado este mi\u00e9rcoles el ambicioso plan de refuerzo <a href=\"https:\/\/elpais.com\/sociedad\/2025-10-12\/el-gobierno-andaluz-anuncia-refuerzos-en-los-cribados-de-cancer-de-colon-y-de-utero.html\" target=\"_blank\" rel=\"noreferrer nofollow noopener\" title=\"https:\/\/elpais.com\/sociedad\/2025-10-12\/el-gobierno-andaluz-anuncia-refuerzos-en-los-cribados-de-cancer-de-colon-y-de-utero.html\">para los cribados de c\u00e1ncer de colon y de \u00fatero<\/a> con el que pretende atemperar el esc\u00e1ndalo por los retrasos en el diagn\u00f3stico del programa de prevenci\u00f3n de c\u00e1ncer de mama. 89 millones de euros y la contrataci\u00f3n de 586 profesionales que, sumados a los 12 millones de euros del plan de choque para el cribado de este \u00faltimo tumor y <a href=\"https:\/\/elpais.com\/sociedad\/2025-10-10\/la-junta-de-andalucia-reconoce-que-sera-complicado-contratar-a-los-65-radiologos-del-plan-de-choque-por-el-escandalo-de-los-cribados.html\" target=\"_blank\" rel=\"noreferrer nofollow noopener\" title=\"https:\/\/elpais.com\/sociedad\/2025-10-10\/la-junta-de-andalucia-reconoce-que-sera-complicado-contratar-a-los-65-radiologos-del-plan-de-choque-por-el-escandalo-de-los-cribados.html\">los 119 especialistas que incluye<\/a>, eleva a m\u00e1s de 100 millones la inversi\u00f3n. Una respuesta, a priori, a la altura de la crisis, pero que levanta muchas dudas sobre su viabilidad, teniendo en cuenta <a href=\"https:\/\/elpais.com\/sociedad\/2025-10-10\/la-junta-de-andalucia-reconoce-que-sera-complicado-contratar-a-los-65-radiologos-del-plan-de-choque-por-el-escandalo-de-los-cribados.html\" target=\"_blank\" rel=\"noreferrer nofollow noopener\" title=\"https:\/\/elpais.com\/sociedad\/2025-10-10\/la-junta-de-andalucia-reconoce-que-sera-complicado-contratar-a-los-65-radiologos-del-plan-de-choque-por-el-escandalo-de-los-cribados.html\">la deficiente puesta en marcha del plan de choque para las ecograf\u00edas.<\/a> En una semana, el Virgen del Roc\u00edo, el hospital que concentra al 90% de las mujeres afectadas, solo ha conseguido cubrir una de las cinco plazas ofertadas y \u00fanicamente a media jornada. \u201cEsto es un anuncio vac\u00edo\u201d, advierte Antonio Mac\u00edas, responsable del \u00e1rea de Salud de UGT Andaluc\u00eda. <\/p>\n<p class=\"\">El escepticismo se extiende a los pacientes oncol\u00f3gicos que tambi\u00e9n cuestionan los datos sobre penetraci\u00f3n de los cribados anunciados por la Consejer\u00eda de Salud en los \u00faltimos d\u00edas. \u201cEl anuncio de este incremento en recursos lo que indica es que la dotaci\u00f3n para los cribados no era suficiente\u201d, apunta Luis Miguel de la Fuente, presidente de la asociaci\u00f3n de familiares y pacientes de c\u00e1ncer colonorrectal, Europacolon.<\/p>\n<p class=\"\">Los planes de refuerzo que este mi\u00e9rcoles ha anunciado <a href=\"https:\/\/elpais.com\/sociedad\/2025-10-15\/moreno-confirma-a-antonio-sanz-como-consejero-de-sanidad-tras-la-crisis-de-los-cribados-de-mama.html\" target=\"_blank\" rel=\"noreferrer nofollow noopener\" title=\"https:\/\/elpais.com\/sociedad\/2025-10-15\/moreno-confirma-a-antonio-sanz-como-consejero-de-sanidad-tras-la-crisis-de-los-cribados-de-mama.html\">el nuevo consejero de Sanidad, Presidencia y Emergencias, Antonio Sanz<\/a>, pasan por una inversi\u00f3n de 89 millones destinada, por una parte, a la contrataci\u00f3n de 589 profesionales, entre ellos personal administrativo en los centros de atenci\u00f3n primaria, para mejorar las citaciones y su seguimiento (68), enfermeras especializadas en Ginecolog\u00eda y Obstetricia (70); auxiliares administrativos para los servicios de Digestivo y Ginecolog\u00eda (64); t\u00e9cnicos superiores especialistas en Anatom\u00eda patol\u00f3gica, para incrementar la capacidad de an\u00e1lisis de muestras (64); TCAE (32) y 178 especialistas en Digestivo, Anestesia, Ginecolog\u00eda, Anatom\u00eda Patol\u00f3gica y Microbiolog\u00eda. <\/p>\n<p class=\"\">Tambi\u00e9n incluye la renovaci\u00f3n del equipamiento diagn\u00f3stico, la mejora de infraestructuras o la digitalizaci\u00f3n de los laboratorios. \u201cNo se ajusta a la realidad de los problemas actuales, se trata de una soluci\u00f3n paliativa cosm\u00e9tica\u201d, advierte un anestesi\u00f3logo de un hospital de la provincia de C\u00e1diz que pide no dar su nombre y que recuerda que <a href=\"https:\/\/elpais.com\/espana\/andalucia\/2025-06-11\/los-anestesistas-ante-la-reestructuracion-de-la-plantilla-en-el-hospital-de-la-mujer-de-sevilla-es-un-recorte-de-los-derechos.html\" target=\"_blank\" rel=\"noreferrer nofollow noopener\" title=\"https:\/\/elpais.com\/espana\/andalucia\/2025-06-11\/los-anestesistas-ante-la-reestructuracion-de-la-plantilla-en-el-hospital-de-la-mujer-de-sevilla-es-un-recorte-de-los-derechos.html\">la falta de anestesistas<\/a> en la sanidad p\u00fablica andaluza es una de las causas del incremento de las listas de espera en la comunidad. Desde el Virgen del Roc\u00edo, profesionales que tambi\u00e9n reclaman anonimato recuerdan que <a href=\"https:\/\/elpais.com\/espana\/andalucia\/2025-06-11\/los-anestesistas-ante-la-reestructuracion-de-la-plantilla-en-el-hospital-de-la-mujer-de-sevilla-es-un-recorte-de-los-derechos.html\" target=\"_blank\" rel=\"noreferrer nofollow noopener\" title=\"https:\/\/elpais.com\/espana\/andalucia\/2025-06-11\/los-anestesistas-ante-la-reestructuracion-de-la-plantilla-en-el-hospital-de-la-mujer-de-sevilla-es-un-recorte-de-los-derechos.html\">en la Unidad de la Mujer se han eliminado anestesistas del equipo de guardia<\/a> para destinarlos a eliminar otras listas de espera. \u201cDe momento aqu\u00ed no se est\u00e1 invirtiendo m\u00e1s\u201d, advierten<\/p>\n<p class=\"\">El propio Sanz ha reconocido la dificultad de poder alcanzar el total de 705 profesionales que sumar\u00edan los tres planes sobre cribados lanzados por la Junta en esta \u00faltima semana. \u201cOjal\u00e1 podamos cumplir con ese objetivo\u201d, ha dicho el consejero. \u201cSoy consciente de cu\u00e1l es la situaci\u00f3n del sistema, lo que no quita para que trabajemos como sea y d\u00f3nde sea para buscar a estos profesionales\u201d ha enfatizado. En la b\u00fasqueda de los 65 radi\u00f3logos que se incluyen en el plan de choque para los cribados de c\u00e1ncer de mama no parece que est\u00e9n teniendo mucha fortuna.<\/p>\n<p class=\"\">Desde que se ofertaron la semana pasada cinco plazas para este tipo de especialistas, el Virgen del Roc\u00edo, el centro hospitalario que concentra el 90% de los casos de mujeres afectadas por los retrasos en el diagn\u00f3stico de las mamograf\u00edas, solo ha podido cubrir una y a media jornada. \u201cSe trata de una profesional especialista en mama a la que el Virgen Macarena no renov\u00f3 su contrato y que se ha ido a la privada. Ha accedido a trabajar en la p\u00fablica, pero sin abandonar su otro lugar de trabajo, imag\u00ednate las condiciones\u201d, se\u00f1alan fuentes sindicales. Adem\u00e1s de esta radi\u00f3loga a media jornada y por tres meses, se han contratado a cinco t\u00e9cnicos de rayos, un enfermero, un celador y un auxiliar administrativo. \u201c\u00bfCon esto quieren eliminar la incertidumbre de las mujeres?\u201c, se pregunta Mac\u00edas, que advierte de que el sistema en gereral est\u00e1 colapsado. \u201d\u00bfDe qu\u00e9 sirve cribar, si en el centro de salud no te dan cita, o si tenemos cerrados a\u00fan quir\u00f3fanos por falta de gente?\u201c, se pregunta el anestesista gaditano.<\/p>\n<p class=\"\">\u201cSeguimos en abordar el problema de fondo, que es el problema del modelo, el problema de la falta de m\u00e9dicos, el problema de los d\u00e9ficits tan grandes que hay de plantilla m\u00e9dica en todos los centros, porque no es solo un problema del cribado del c\u00e1ncer de colon o de cuello o de mama, es que los retrasos en la asistencia son generalizados\u201d, abunda Rafa Ojeda, presidente del Sindicato M\u00e9dico Andaluz, que llama la atenci\u00f3n sobre el sentido que tiene reforzar unos planes sobre los que no hay transparencia ni datos objetivos sobre la demora en las pruebas diagn\u00f3sticas.<\/p>\n<p class=\"\">En la Consejer\u00eda no ocultan la dificultad para encontrar profesionales, pero insisten en que a\u00fan es pronto para poder hacer valoraciones porque el plan de choque se acaba de implementar. El consejero de Sanidad ha eludido precisar cu\u00e1ntas contrataciones de las 119 previstas se han realizado desde que se aprob\u00f3 el plan hace siete d\u00edas. En su lugar, Sanz ha puesto en valor los nuevos incentivos que contemplan los planes de refuerzo, que mejoran el precio de las horas que se trabaja en continuidad asistencial -turnos de tarde-, la de los festivos y tambi\u00e9n los autoconciertos. As\u00ed se actualizar\u00e1n las tarifas en los servicios de endoscopia y se aplicar\u00e1 un 10% sobre la tarifa est\u00e1ndar en d\u00edas no laborables para estimular la participaci\u00f3n de los equipos asistenciales. \u201cQueremos elevar las capacidades del propio sistema incentivando al propio sistema, ha dicho el consejero.<\/p>\n<p class=\"\">El refuerzo en todos los sistemas de cribado obedece, de acuerdo con el consejero, al inter\u00e9s del Gobierno de Moreno por hacer que estos programas sean \u201cm\u00e1s r\u00e1pidos, claros y eficaces\u201d. Una afirmaci\u00f3n que para De la Fuente evidencia que la atenci\u00f3n dedicada hasta ahora era \u201cinsuficiente\u201d. \u201cSi se le hubiera prestado el inter\u00e9s suficiente no se hubiera anunciado una inversi\u00f3n de 100 millones\u201d, abunda.<\/p>\n<p>Sin cifras fiables<\/p>\n<p class=\"\">Las asociaciones de pacientes oncol\u00f3gicos observan con distancia y cierto escepticismo los \u00faltimos anuncios del Gobierno de Moreno relacionados con los programas de prevenci\u00f3n. Una de las principales prevenciones que oponen son las dudas que les suscitan los datos aportados sobre el alcance de los respectivos cribados en una comunidad que no ofrece informaci\u00f3n oficial de los de mama al menos desde 2015 y que en el caso del de colon \u00fanicamente ha enviado las cifras correspondientes a 2018, de acuerdo con los datos que publica <a href=\"https:\/\/cribadocancer.es\/indicadores-cancer-colorrectal\/\" target=\"_blank\" rel=\"noreferrer nofollow noopener\" title=\"https:\/\/cribadocancer.es\/indicadores-cancer-colorrectal\/\">Red de Programas de cribado de c\u00e1ncer<\/a><b>, <\/b>constituida por los responsables de los programas de cribado de c\u00e1ncer de las distintas comunidades y que centraliza la informaci\u00f3n de los programas de detecci\u00f3n precoz del c\u00e1ncer. En el caso de los de c\u00e9rvix no hay ning\u00fan dato volcado de ninguna regi\u00f3n ni de ning\u00fan a\u00f1o. <\/p>\n<p class=\"\"><a href=\"https:\/\/cribadocancer.es\/indicadores-cancer-colorrectal\/\" target=\"_blank\" rel=\"noreferrer nofollow noopener\" title=\"https:\/\/cribadocancer.es\/indicadores-cancer-colorrectal\/\">De acuerdo con la informaci\u00f3n de 2018<\/a>, cuatro a\u00f1os despu\u00e9s de que el cribado de c\u00e1ncer de col\u00f3n se implantara en todas las provincias andaluzas, la tasa de participaci\u00f3n en el programa de la poblaci\u00f3n diana, 2.134.603 andaluces entre 50 y 69 a\u00f1os, fue del 35,01%, la m\u00e1s baja respecto del resto de comunidades que volcaron sus datos, solo por encima de Baleares, con un 34,97%, y muy alejadas de Pa\u00eds Vasco y Navarra, con un 71,18% y un 75,93%. En esa ocasi\u00f3n se cursaron invitaciones solo a 874.620 personas, casi el 41% de la poblaci\u00f3n diana. \u201cSiempre nos ha llamado la atenci\u00f3n la baja participaci\u00f3n del programa de cribados de c\u00e1ncer de colon en Andaluc\u00eda\u201d, indica el presidente de Europacolon Espa\u00f1a, la asociaci\u00f3n de familiares y pacientes de c\u00e1ncer colonorrectal. \u201cSiempre lo hemos achacado al escaso inter\u00e9s por ampliar la participaci\u00f3n efectiva debido a la escasez de recursos y la prevenci\u00f3n de que se formaran cuellos de botella en las pruebas diagn\u00f3sticas\u201d, sostiene.<\/p>\n<p class=\"\">Por eso le han sorprendido los datos que el consejero de Sanidad ofreci\u00f3 el pasado domingo cuando adelant\u00f3 el refuerzo en los programas de c\u00e1ncer de colon y \u00fatero en la comunidad. La aceptaci\u00f3n ha pasado del 20% en 2020 al 42% en 2024 y la participaci\u00f3n se ha incrementado del 39% en 2020 al 65% en 2024. \u201cNos parece una participaci\u00f3n excesiva con niveles muy por encima de la media si nos atenemos a los \u00faltimos datos que son de 2022\u201d, advierte De la Fuente. En ese momento, reci\u00e9n salidos de la pandemia, donde se paralizaron los cribados, despu\u00e9s de Pa\u00eds Vasco y La Rioja, por encima del 88%, y Navarra, con m\u00e1s del 76%, se situaba la Comunidad Valenciana, con una tasa de participaci\u00f3n, del 52,66%. \u201cEstos datos hay que cogerlos con pinzas, primero porque no se han publicado de manera oficial y porque es imposible que se llegue a esas cifras cuando se han necesitado por los menos dos a\u00f1os para normalizar los cuellos de botella provocados por la paralizaci\u00f3n de actividad en los cribados con el covid\u201d, sostiene, \u201cvamos a indagar\u201d.<\/p>\n<p class=\"\">Desde la Asociaci\u00f3n Espa\u00f1ola Contra el C\u00e1ncer (AECC) rechazan hacer alguna valoraci\u00f3n de cualquier dato que no sea oficial, pero advierten de la falta de contexto de la informaci\u00f3n facilitada por la Junta, en la que no se precisa si se trata de toda la poblaci\u00f3n diana -que hace alusi\u00f3n a los andaluces que est\u00e1n cubiertos- o solo la invitada y, de ellos, a cu\u00e1ntos se les ha hecho la prueba. \u201cSe necesita transparencia y no la hay, pero ni en Andaluc\u00eda, ni en ninguna otra comunidad. Sin datos fiables, vamos a ciegas\u201d, advierte una portavoz de la entidad, que se reuni\u00f3 con el presidente de la Junta el pasado viernes para pedirle, entre otras cosas, esa claridad y accesibilidad real a toda la informaci\u00f3n relacionada con los cribados y tambi\u00e9n la creaci\u00f3n de un registro de tumores de la comunidad.<\/p>\n<p class=\"\">Fuentes de la Consejer\u00eda de Salud precisan que cuando se alude a la aceptaci\u00f3n, se est\u00e1n refiriendo a quienes responden afirmativamente a la carta de invitaci\u00f3n, pero que no supone la participaci\u00f3n efectiva, puesto que no todo el mundo acude a la cita para el cribado, una vez que ha aceptado, o se toma la muestra, en funci\u00f3n del cribado de que se trate. Desde la AECC tambi\u00e9n advierten sobre la importancia de conocer d\u00f3nde se ha producido mayor participaci\u00f3n, cu\u00e1ntos test han dado positivo\u2026 De acuerdo con los datos de 2018, la tasa de test positivos fue del 8,52%, la tercera m\u00e1s alta por detr\u00e1s de Arag\u00f3n (10,19%) y Extremadura (9,38%). <\/p>\n<p class=\"\">En el caso de los cribados de \u00fatero, que comenzaron a implantarse en junio del a\u00f1o pasado, comenzando por las mujeres de 25 a 29 a\u00f1os y de 60 a 65, la cobertura de invitaci\u00f3n es de un 75% (m\u00e1s de medio mill\u00f3n de personas), un 25% de aceptaci\u00f3n y una participaci\u00f3n efectiva del 83%, seg\u00fan los datos de octubre de 2025. Desde la AECC recuerdan que no se incluye a toda la poblaci\u00f3n diana y que siguen sin estar debidamente contextualizados.<\/p>\n","protected":false},"excerpt":{"rendered":"El Gobierno de Juan Manuel Moreno ha concretado este mi\u00e9rcoles el ambicioso plan de refuerzo para los cribados&hellip;\n","protected":false},"author":2,"featured_media":179235,"comment_status":"","ping_status":"","sticky":false,"template":"","format":"standard","meta":{"footnotes":""},"categories":[8],"tags":[259,51067,17,18,1066,19627,17019,25,24,13,14,11,26166,26165,19,20,9,10,15,16,492,23,12,21,22],"class_list":{"0":"post-179234","1":"post","2":"type-post","3":"status-publish","4":"format-standard","5":"has-post-thumbnail","7":"category-espana","8":"tag-andalucia","9":"tag-antonio-sanz","10":"tag-breaking-news","11":"tag-breakingnews","12":"tag-cancer","13":"tag-cancer-colon","14":"tag-cancer-mama","15":"tag-es","16":"tag-espana","17":"tag-featured-news","18":"tag-featurednews","19":"tag-headlines","20":"tag-juan-manuel-moreno","21":"tag-junta-andalucia","22":"tag-latest-news","23":"tag-latestnews","24":"tag-news","25":"tag-noticias","26":"tag-noticias-destacadas","27":"tag-noticiasdestacadas","28":"tag-sociedad","29":"tag-spain","30":"tag-titulares","31":"tag-ultimas-noticias","32":"tag-ultimasnoticias"},"share_on_mastodon":{"url":"","error":""},"_links":{"self":[{"href":"https:\/\/www.europesays.com\/es\/wp-json\/wp\/v2\/posts\/179234","targetHints":{"allow":["GET"]}}],"collection":[{"href":"https:\/\/www.europesays.com\/es\/wp-json\/wp\/v2\/posts"}],"about":[{"href":"https:\/\/www.europesays.com\/es\/wp-json\/wp\/v2\/types\/post"}],"author":[{"embeddable":true,"href":"https:\/\/www.europesays.com\/es\/wp-json\/wp\/v2\/users\/2"}],"replies":[{"embeddable":true,"href":"https:\/\/www.europesays.com\/es\/wp-json\/wp\/v2\/comments?post=179234"}],"version-history":[{"count":0,"href":"https:\/\/www.europesays.com\/es\/wp-json\/wp\/v2\/posts\/179234\/revisions"}],"wp:featuredmedia":[{"embeddable":true,"href":"https:\/\/www.europesays.com\/es\/wp-json\/wp\/v2\/media\/179235"}],"wp:attachment":[{"href":"https:\/\/www.europesays.com\/es\/wp-json\/wp\/v2\/media?parent=179234"}],"wp:term":[{"taxonomy":"category","embeddable":true,"href":"https:\/\/www.europesays.com\/es\/wp-json\/wp\/v2\/categories?post=179234"},{"taxonomy":"post_tag","embeddable":true,"href":"https:\/\/www.europesays.com\/es\/wp-json\/wp\/v2\/tags?post=179234"}],"curies":[{"name":"wp","href":"https:\/\/api.w.org\/{rel}","templated":true}]}}