{"id":179236,"date":"2025-10-15T20:56:09","date_gmt":"2025-10-15T20:56:09","guid":{"rendered":"https:\/\/www.europesays.com\/es\/179236\/"},"modified":"2025-10-15T20:56:09","modified_gmt":"2025-10-15T20:56:09","slug":"pilar-alegria-la-igualdad-nace-desde-la-escuela-y-garantizar-ese-derecho-a-los-ninos-y-ninas-que-viven-en-municipios-pequenos-es-basico","status":"publish","type":"post","link":"https:\/\/www.europesays.com\/es\/179236\/","title":{"rendered":"Pilar Alegr\u00eda: \u201cLa igualdad nace desde la escuela y garantizar ese derecho a los ni\u00f1os y ni\u00f1as que viven en municipios peque\u00f1os es b\u00e1sico\u201d"},"content":{"rendered":"<ul>\n<li><strong>La ministra de Educaci\u00f3n, Formaci\u00f3n Profesional y Deportes ha participado en la jornada organizada por la Diputaci\u00f3n de Zaragoza con motivo del D\u00eda Internacional de las Mujeres Rurales<\/strong><\/li>\n<li><strong>Recuerda que el Ejecutivo est\u00e1 impulsando pol\u00edticas para garantizar el arraigo femenino, combatir la despoblaci\u00f3n y asegurar servicios p\u00fablicos de calidad en el territorio<\/strong><\/li>\n<\/ul>\n<p>La ministra de Educaci\u00f3n, Formaci\u00f3n Profesional y Deportes, Pilar Alegr\u00eda, ha participado este mi\u00e9rcoles en la jornada organizada por la Diputaci\u00f3n Provincial de Zaragoza (DPZ) con motivo del D\u00eda Internacional de las Mujeres Rurales, donde ha defendido la educaci\u00f3n como la mejor herramienta para garantizar la igualdad y el arraigo en el territorio.<\/p>\n<p>\u201cLa igualdad nace desde la escuela, y garantizar ese derecho fundamental a los ni\u00f1os y ni\u00f1as que viven en municipios peque\u00f1os es b\u00e1sico, tambi\u00e9n desde el punto de vista de la cohesi\u00f3n territorial\u201d, ha afirmado. \u201cLa escuela es el coraz\u00f3n y el pulm\u00f3n del medio rural\u201d, ha a\u00f1adido, destacando que mantenerla abierta significa garantizar el futuro de los pueblos.<\/p>\n<p>Natural de La Zaida (Zaragoza), Alegr\u00eda ha recordado sus ra\u00edces y la influencia de las mujeres de su entorno: \u201cMe he criado en un pueblo de 400 habitantes y mis grandes referentes han sido siempre ellas: mi madre, mi abuela, mujeres reales que no pudieron educarse. No sab\u00edamos que eso era feminismo, pero esas generaciones trabajaron antes para defender la vida, para mejorar el presente y el futuro de las generaciones siguientes. Que pudi\u00e9ramos estudiar, formarnos y ser lo que quisi\u00e9ramos ser.\u201d<\/p>\n<p>La ministra ha compartido adem\u00e1s un recuerdo personal que conecta con su compromiso pol\u00edtico: \u201cFui la primera de mi familia en estudiar, y lo pude hacer porque tuve una beca. Ahora muchos chicos y chicas de familias trabajadoras est\u00e1n en esa misma situaci\u00f3n: sin una beca, no podr\u00edan estudiar. Estar en pol\u00edtica es tambi\u00e9n mirar atr\u00e1s y comprobar si hemos hecho cosas que mejoren la vida de la gente. Y, por ejemplo, hemos ampliado el sistema de becas en m\u00e1s de un 80%.\u201d<\/p>\n<p>En este sentido, Alegr\u00eda ha destacado el refuerzo de las becas de desplazamiento, dirigidas especialmente a las familias del medio rural, para garantizar la igualdad de oportunidades entre estudiantes del campo y de la ciudad.<\/p>\n<p>La jornada, celebrada en el Palacio de S\u00e1stago y moderada por la periodista Ana Garc\u00eda Cort\u00e9s, ha contado con la participaci\u00f3n de Carolina Cajal, maestra rural del CEIP Ram\u00f3n y Cajal de Alpartir; Lola Oriol, portavoz de la plataforma Ruralmineras; Carla Rivas, activista y divulgadora sobre despoblaci\u00f3n; y Carolina Llaquet, presidenta de FADEMUR Arag\u00f3n.<\/p>\n<p>Durante su intervenci\u00f3n, Alegr\u00eda ha recordado que este es el primer Gobierno de Espa\u00f1a que cre\u00f3 un Ministerio para la Transici\u00f3n Ecol\u00f3gica y el Reto Demogr\u00e1fico, reconociendo la importancia de garantizar la igualdad de oportunidades en todo el territorio. A trav\u00e9s del Plan de 130 medidas frente al reto demogr\u00e1fico, el Ejecutivo ha destinado m\u00e1s de 800 millones de euros a municipios de menos de 5.000 habitantes, con actuaciones en vivienda, empleo, conectividad y servicios p\u00fablicos.<\/p>\n<p>Asimismo, ha explicado que el Ministerio ha iniciado la negociaci\u00f3n con los sindicatos para fijar un m\u00e1ximo de 23 horas lectivas en Primaria y 18 en Secundaria, Bachillerato y FP, con el objetivo de mejorar las condiciones docentes tambi\u00e9n en los entornos rurales.<\/p>\n<p>En materia de becas y ayudas al estudio, Alegr\u00eda ha subrayado el esfuerzo presupuestario del Gobierno. Este curso cuenta con 2.544 millones de euros, un 81,8% m\u00e1s que en 2018, lo que ha permitido llegar a 1,1 millones de estudiantes.<\/p>\n<p>Tambi\u00e9n ha destacado la expansi\u00f3n de la Formaci\u00f3n Profesional, \u201cla gran aliada del medio rural\u201d, cuya inversi\u00f3n ha crecido un 550% desde 2018, creando 373.000 nuevas plazas y extendiendo su oferta a sectores estrat\u00e9gicos como las energ\u00edas renovables, la agroalimentaci\u00f3n o la econom\u00eda circular.<\/p>\n","protected":false},"excerpt":{"rendered":"La ministra de Educaci\u00f3n, Formaci\u00f3n Profesional y Deportes ha participado en la jornada organizada por la Diputaci\u00f3n de&hellip;\n","protected":false},"author":2,"featured_media":179237,"comment_status":"","ping_status":"","sticky":false,"template":"","format":"standard","meta":{"footnotes":""},"categories":[5],"tags":[17,18,2026,25,24,13,14,11,19,20,51068,9,10,15,16,8708,23,12,21,22,491],"class_list":{"0":"post-179236","1":"post","2":"type-post","3":"status-publish","4":"format-standard","5":"has-post-thumbnail","7":"category-titulares","8":"tag-breaking-news","9":"tag-breakingnews","10":"tag-educacion","11":"tag-es","12":"tag-espana","13":"tag-featured-news","14":"tag-featurednews","15":"tag-headlines","16":"tag-latest-news","17":"tag-latestnews","18":"tag-mujer-rural","19":"tag-news","20":"tag-noticias","21":"tag-noticias-destacadas","22":"tag-noticiasdestacadas","23":"tag-pilar-alegria","24":"tag-spain","25":"tag-titulares","26":"tag-ultimas-noticias","27":"tag-ultimasnoticias","28":"tag-zaragoza"},"share_on_mastodon":{"url":"","error":""},"_links":{"self":[{"href":"https:\/\/www.europesays.com\/es\/wp-json\/wp\/v2\/posts\/179236","targetHints":{"allow":["GET"]}}],"collection":[{"href":"https:\/\/www.europesays.com\/es\/wp-json\/wp\/v2\/posts"}],"about":[{"href":"https:\/\/www.europesays.com\/es\/wp-json\/wp\/v2\/types\/post"}],"author":[{"embeddable":true,"href":"https:\/\/www.europesays.com\/es\/wp-json\/wp\/v2\/users\/2"}],"replies":[{"embeddable":true,"href":"https:\/\/www.europesays.com\/es\/wp-json\/wp\/v2\/comments?post=179236"}],"version-history":[{"count":0,"href":"https:\/\/www.europesays.com\/es\/wp-json\/wp\/v2\/posts\/179236\/revisions"}],"wp:featuredmedia":[{"embeddable":true,"href":"https:\/\/www.europesays.com\/es\/wp-json\/wp\/v2\/media\/179237"}],"wp:attachment":[{"href":"https:\/\/www.europesays.com\/es\/wp-json\/wp\/v2\/media?parent=179236"}],"wp:term":[{"taxonomy":"category","embeddable":true,"href":"https:\/\/www.europesays.com\/es\/wp-json\/wp\/v2\/categories?post=179236"},{"taxonomy":"post_tag","embeddable":true,"href":"https:\/\/www.europesays.com\/es\/wp-json\/wp\/v2\/tags?post=179236"}],"curies":[{"name":"wp","href":"https:\/\/api.w.org\/{rel}","templated":true}]}}