{"id":179238,"date":"2025-10-15T20:58:08","date_gmt":"2025-10-15T20:58:08","guid":{"rendered":"https:\/\/www.europesays.com\/es\/179238\/"},"modified":"2025-10-15T20:58:08","modified_gmt":"2025-10-15T20:58:08","slug":"el-ultimo-gran-fin-de-semana-de-la-temporada-se-vive-en-television-en-abierto","status":"publish","type":"post","link":"https:\/\/www.europesays.com\/es\/179238\/","title":{"rendered":"El \u00faltimo gran fin de semana de la temporada se vive en televisi\u00f3n en abierto"},"content":{"rendered":"<p>El fin de semana del 18 y 19 de octubre marca uno de los \u00faltimos grandes cap\u00edtulos de la temporada taurina 2025. Diversas cadenas auton\u00f3micas como <a title=\"Canal Sur\" href=\"https:\/\/www.larazon.es\/tags\/canal-sur\/\" target=\"_blank\" rel=\"nofollow noopener\">Canal Sur<\/a>, <b>Castilla-La Mancha Media, \u00c0 Punt y Punt 3<\/b> apuestan por una intensa programaci\u00f3n taurina que re\u00fane tanto a figuras del toreo como a j\u00f3venes promesas en sus primeras grandes citas.<\/p>\n<p>La Feria de San Lucas de Ja\u00e9n \u2014\u00faltima feria de la temporada espa\u00f1ola\u2014 ser\u00e1 retransmitida por <a title=\"Canal Sur\" href=\"https:\/\/www.larazon.es\/tags\/canal-sur\/\" target=\"_blank\" rel=\"nofollow noopener\">Canal Sur<\/a>con un cartel de m\u00e1ximo inter\u00e9s: toros de <a title=\"Victorino Mart\u00edn\" href=\"https:\/\/www.larazon.es\/tags\/victorino-martin\/\" target=\"_blank\" rel=\"nofollow noopener\">Victorino Mart\u00edn<\/a> para <b>Curro D\u00edaz, El Cid y David Galv\u00e1n. <\/b>Un festejo de aroma cl\u00e1sico y hierro legendario para cerrar el calendario de corridas.<\/p>\n<p>El domingo, el foco se reparte entre los tradicionales bous al carrer en la Comunidad Valenciana y <a title=\"la gran final de los Circuitos de Novilladas de la Fundaci\u00f3n del Toro de Lidia\" href=\"https:\/\/www.larazon.es\/cultura\/toros\/sanlucar-barrameda-acogera-cita-clave-descubrir-mejor-novillero-ano_2025100568e26be16c793a7e698f5a5b.html\" target=\"_blank\" rel=\"nofollow noopener\">la gran final de los Circuitos de Novilladas de la Fundaci\u00f3n del Toro de Lidia<\/a>, que reunir\u00e1 en Sanl\u00facar de Barrameda a los novilleros triunfadores de las cinco comunidades participantes. El festejo ser\u00e1 retransmitido en una triple emisi\u00f3n conjunta por <b>Canal Sur, Castilla-La Mancha Media y \u00c0 Punt.<\/b><\/p>\n<p>La televisi\u00f3n vuelve a confirmar su papel protagonista en la promoci\u00f3n y visibilidad del mundo del toro, ofreciendo una programaci\u00f3n que combina tradici\u00f3n, competencia y futuro.<\/p>\n<p><strong data-start=\"1737\" data-end=\"1807\">Programaci\u00f3n taurina del 18 y 19 de octubre de 2025 en televisi\u00f3n:<\/strong><\/p>\n<p><strong data-start=\"1814\" data-end=\"1838\">S\u00e1bado 18 de octubre<\/strong><\/p>\n<ul>\n<li><b>17:30 h \u2013 Canal Sur Televisi\u00f3n.<\/b> Ja\u00e9n, Feria de San Lucas. Toros de Victorino Mart\u00edn para <b>Curro D\u00edaz, El Cid y David Galv\u00e1n.<\/b><\/li>\n<\/ul>\n<p><strong data-start=\"1992\" data-end=\"2017\">Domingo 19 de octubre<\/strong><\/p>\n<ul>\n<li><b>11:00 h \u2013 Punt 3.<\/b> La Vall d\u2019Uix\u00f3 (Castell\u00f3n), Bous al Carrer. Toro de Victorino Mart\u00edn, de nombre \u00abPlanetario\u00bb, n\u00ba28. Pe\u00f1a \u201cLo B\u00fanker\u201d y de Jos\u00e9 Enrique Fraile de Valdefresno, \u00abMariposito\u00bb, n\u00ba6. Pe\u00f1a \u201cPaga y Calla\u201d.<\/li>\n<li><b>18:00 h \u2013 Canal Sur Televisi\u00f3n \/ Castilla-La Mancha Media \/ \u00c0 Punt.<\/b> Sanl\u00facar de Barrameda (C\u00e1diz), Final de la Liga Nacional de Novilladas. Novillos de Fuente Ymbro para <b>Tom\u00e1s Bastos (Extremadura), \u00c1lvaro Serrano (Madrid), Carlos Tirado (Andaluc\u00eda), Ruiz de Velasco (Castilla y Le\u00f3n) y Mario Vilau (Valenciano).<\/b><\/li>\n<\/ul>\n","protected":false},"excerpt":{"rendered":"El fin de semana del 18 y 19 de octubre marca uno de los \u00faltimos grandes cap\u00edtulos de&hellip;\n","protected":false},"author":2,"featured_media":179239,"comment_status":"","ping_status":"","sticky":false,"template":"","format":"standard","meta":{"footnotes":""},"categories":[277],"tags":[373,168,25,24,23,167,374],"class_list":{"0":"post-179238","1":"post","2":"type-post","3":"status-publish","4":"format-standard","5":"has-post-thumbnail","7":"category-toreo","8":"tag-bullfighting","9":"tag-deportes","10":"tag-es","11":"tag-espana","12":"tag-spain","13":"tag-sports","14":"tag-toreo"},"share_on_mastodon":{"url":"","error":""},"_links":{"self":[{"href":"https:\/\/www.europesays.com\/es\/wp-json\/wp\/v2\/posts\/179238","targetHints":{"allow":["GET"]}}],"collection":[{"href":"https:\/\/www.europesays.com\/es\/wp-json\/wp\/v2\/posts"}],"about":[{"href":"https:\/\/www.europesays.com\/es\/wp-json\/wp\/v2\/types\/post"}],"author":[{"embeddable":true,"href":"https:\/\/www.europesays.com\/es\/wp-json\/wp\/v2\/users\/2"}],"replies":[{"embeddable":true,"href":"https:\/\/www.europesays.com\/es\/wp-json\/wp\/v2\/comments?post=179238"}],"version-history":[{"count":0,"href":"https:\/\/www.europesays.com\/es\/wp-json\/wp\/v2\/posts\/179238\/revisions"}],"wp:featuredmedia":[{"embeddable":true,"href":"https:\/\/www.europesays.com\/es\/wp-json\/wp\/v2\/media\/179239"}],"wp:attachment":[{"href":"https:\/\/www.europesays.com\/es\/wp-json\/wp\/v2\/media?parent=179238"}],"wp:term":[{"taxonomy":"category","embeddable":true,"href":"https:\/\/www.europesays.com\/es\/wp-json\/wp\/v2\/categories?post=179238"},{"taxonomy":"post_tag","embeddable":true,"href":"https:\/\/www.europesays.com\/es\/wp-json\/wp\/v2\/tags?post=179238"}],"curies":[{"name":"wp","href":"https:\/\/api.w.org\/{rel}","templated":true}]}}