{"id":179240,"date":"2025-10-15T20:59:09","date_gmt":"2025-10-15T20:59:09","guid":{"rendered":"https:\/\/www.europesays.com\/es\/179240\/"},"modified":"2025-10-15T20:59:09","modified_gmt":"2025-10-15T20:59:09","slug":"record-de-contratos-en-la-novena-temporada-del-dwcs","status":"publish","type":"post","link":"https:\/\/www.europesays.com\/es\/179240\/","title":{"rendered":"R\u00e9cord de contratos en la novena temporada del DWCS"},"content":{"rendered":"<p>Lleg\u00f3 a su fin con cifras nunca vistas la novena temporada del <strong><a href=\"https:\/\/www.vavel.com\/es\/masdeportes\/2025\/10\/13\/1237516-merab-dvalishvili-hara-su-cuarta-defensa-del-ano-ante-petr-yan-en-ufc-323.html\" rel=\"nofollow noopener\" target=\"_blank\">Dana White<\/a><\/strong>\u2019s Contender Series (DWCS) : <strong>46 contratos firmados, r\u00e9cord absoluto desde la creaci\u00f3n del reality show en 2017.<\/strong> Diez programas, decenas de finalizaciones y una cantera de talentos que promete renovar el futuro de la UFC.<\/p>\n<p>A pesar de que <strong>el matchmaking en algunos episodios gener\u00f3 cr\u00edticas<\/strong>, el balance final fue muy positivo. Los expertos destacan especialmente a Abdulrakhman Yakhyaev (semipesado), Baysangur Susurkaev (medio), Imanol Rodr\u00edguez (mosca), Murtazali Magomedov (pluma) y Michael Oliveira (welter) como <strong>los nombres con mayor proyecci\u00f3n<\/strong>.<\/p>\n<p>Sin embargo, <strong>la historia m\u00e1s emotiva la protagoniz\u00f3 Hecher Sosa<\/strong>, el primer espa\u00f1ol que logra un contrato UFC a trav\u00e9s del DWCS. El canario, natural de Fuerteventura y con un <strong>r\u00e9cord de 14 victorias y una sola derrota<\/strong>, domin\u00f3 de principio a fin al invicto Mackson Lee en peso gallo. Su triunfo tuvo un significado especial: <strong>lo consigui\u00f3 apenas un d\u00eda despu\u00e9s del fallecimiento de su padre<\/strong>, a quien dedic\u00f3 emocionado el contrato de su vida.<\/p>\n<p>Una \u00faltima velada para la historia<\/p>\n<p>El episodio final del martes 14 de octubre fue una aut\u00e9ntica exhibici\u00f3n de talento. <a href=\"https:\/\/x.com\/ufc\/status\/1978311009946247628\" rel=\"nofollow\">Cinco peleadores consiguieron contrato<\/a>, en una de las noches m\u00e1s completas de la temporada:<\/p>\n<p><strong>Wesley \u201cParty Time\u201d Schultz <\/strong>(8-2, peso medio) abri\u00f3 la velada con <strong>una de las sumisiones m\u00e1s raras<\/strong> vistas en el programa: <strong>el Suloev Stretch,<\/strong> la primera en la historia del DWCS. Con este movimiento, asegur\u00f3 su contrato tras dos participaciones.<\/p>\n<p><strong>Michael \u201cPQD\u201d Oliveira<\/strong> (9-0, peso welter) confirm\u00f3 por qu\u00e9 fue el Luchador del A\u00f1o de la LFA 2023. Impuso su striking t\u00e9cnico ante V\u00edctor Valenzuela, a quien derrib\u00f3 y finaliz\u00f3 por golpes. <strong>Su potencial para brillar en UFC es enorme<\/strong>, con un alcance de 78,5 pulgadas y una potencia devastadora.<\/p>\n<p><img decoding=\"async\" src=\"https:\/\/www.europesays.com\/es\/wp-content\/uploads\/2025\/10\/Contratos DWCS Temporada 9.png\"\/><br \/>\nLos 46 contratos del DWCS Temporada 9. Fuente: @Match_Maker_MMA<\/p>\n<p><strong>Marwan Rahiki <\/strong>(7-0, peso pluma) protagoniz\u00f3 <strong>una de las remontadas del a\u00f1o.<\/strong> Cay\u00f3 varias veces ante Ananias Mulumba, pero se levant\u00f3 para noquearlo de forma espectacular. <strong>Su agresividad y variedad de golpes lo hacen un nombre a seguir<\/strong>, aunque deber\u00e1 mejorar su defensa si quiere triunfar en la divisi\u00f3n m\u00e1s dura.<\/p>\n<p><strong>Juan D\u00edaz<\/strong> (15-1-1, peso gallo) se rob\u00f3 el show con <strong>el primer KO con codo giratorio en la historia del DWCS.<\/strong> El peruano-argentino venci\u00f3 al veterano Kwon Won Il y demostr\u00f3 por qu\u00e9<strong> el talento sudamericano vive un momento dorado.<\/strong><\/p>\n<p><strong>Levi Rodrigues Jr.<\/strong> (6-0, semipesado) cerr\u00f3 la noche con <strong>un potente KO sobre Freddy Vidal<\/strong>, confirmando el poder brasile\u00f1o en las divisiones altas. Aunque a\u00fan es una inc\u00f3gnita, su pegada puede darle oportunidades reales en una divisi\u00f3n necesitada de nuevos nombres.<\/p>\n<p>Con el cierre de esta novena temporada, el DWCS reafirma<strong> su papel como la mayor cantera de talento para la UFC.<\/strong> <strong><a href=\"https:\/\/www.vavel.com\/es\/masdeportes\/2025\/10\/13\/1237516-merab-dvalishvili-hara-su-cuarta-defensa-del-ano-ante-petr-yan-en-ufc-323.html\" rel=\"nofollow noopener\" target=\"_blank\">Dana White<\/a><\/strong> no dud\u00f3 en calificarla como <strong>\u201cuna de las mejores temporadas de la historia\u201d<\/strong>, y los n\u00fameros lo respaldan: r\u00e9cord de contratos, peleas memorables y la consolidaci\u00f3n global del programa.<\/p>\n<p>Y para Espa\u00f1a, un hito imborrable:<a href=\"https:\/\/www.vavel.com\/es\/masdeportes\/2025\/06\/03\/1224638-hecher-sosa-le-voy-a-dar-una-paliza-va-a-ser-una-masterclass.html\" rel=\"nofollow noopener\" target=\"_blank\"> <strong>Hecher Sosa ya es parte del roster de la UFC.<\/strong><\/a> Un sue\u00f1o cumplido a base de esfuerzo, talento y coraz\u00f3n.<\/p>\n<p><img decoding=\"async\" src=\"https:\/\/www.europesays.com\/es\/wp-content\/uploads\/2025\/10\/Dana White DWECS.jpg\"\/><br \/>\nDana White felicita a Marwan Rahiki. Fuente: Getty Images<\/p>\n","protected":false},"excerpt":{"rendered":"Lleg\u00f3 a su fin con cifras nunca vistas la novena temporada del Dana White\u2019s Contender Series (DWCS) :&hellip;\n","protected":false},"author":2,"featured_media":179241,"comment_status":"","ping_status":"","sticky":false,"template":"","format":"standard","meta":{"footnotes":""},"categories":[276],"tags":[353,168,25,24,10816,23,167,343],"class_list":{"0":"post-179240","1":"post","2":"type-post","3":"status-publish","4":"format-standard","5":"has-post-thumbnail","7":"category-ufc","8":"tag-dana-white","9":"tag-deportes","10":"tag-es","11":"tag-espana","12":"tag-hecher-sosa","13":"tag-spain","14":"tag-sports","15":"tag-ufc"},"share_on_mastodon":{"url":"","error":""},"_links":{"self":[{"href":"https:\/\/www.europesays.com\/es\/wp-json\/wp\/v2\/posts\/179240","targetHints":{"allow":["GET"]}}],"collection":[{"href":"https:\/\/www.europesays.com\/es\/wp-json\/wp\/v2\/posts"}],"about":[{"href":"https:\/\/www.europesays.com\/es\/wp-json\/wp\/v2\/types\/post"}],"author":[{"embeddable":true,"href":"https:\/\/www.europesays.com\/es\/wp-json\/wp\/v2\/users\/2"}],"replies":[{"embeddable":true,"href":"https:\/\/www.europesays.com\/es\/wp-json\/wp\/v2\/comments?post=179240"}],"version-history":[{"count":0,"href":"https:\/\/www.europesays.com\/es\/wp-json\/wp\/v2\/posts\/179240\/revisions"}],"wp:featuredmedia":[{"embeddable":true,"href":"https:\/\/www.europesays.com\/es\/wp-json\/wp\/v2\/media\/179241"}],"wp:attachment":[{"href":"https:\/\/www.europesays.com\/es\/wp-json\/wp\/v2\/media?parent=179240"}],"wp:term":[{"taxonomy":"category","embeddable":true,"href":"https:\/\/www.europesays.com\/es\/wp-json\/wp\/v2\/categories?post=179240"},{"taxonomy":"post_tag","embeddable":true,"href":"https:\/\/www.europesays.com\/es\/wp-json\/wp\/v2\/tags?post=179240"}],"curies":[{"name":"wp","href":"https:\/\/api.w.org\/{rel}","templated":true}]}}