{"id":179254,"date":"2025-10-15T21:08:09","date_gmt":"2025-10-15T21:08:09","guid":{"rendered":"https:\/\/www.europesays.com\/es\/179254\/"},"modified":"2025-10-15T21:08:09","modified_gmt":"2025-10-15T21:08:09","slug":"javier-castillo-irrumpe-entre-los-libros-mas-leidos-en-navarra","status":"publish","type":"post","link":"https:\/\/www.europesays.com\/es\/179254\/","title":{"rendered":"Javier Castillo irrumpe entre los libros m\u00e1s le\u00eddos en Navarra"},"content":{"rendered":"<p class=\"paragraph\"><b>Ficci\u00f3n<\/b><\/p>\n<p class=\"paragraph\"><b>1. El susurro del fuego \u2014 Javier Castillo (Suma)<\/b><\/p>\n<p class=\"paragraph\">Mario y Laura Ardoz, mellizos, viajan a las Islas Canarias en 2019: \u00e9l acaba de terminar una sesi\u00f3n de quimioterapia, ella ve el viaje como una oportunidad para recomenzar. Durante su estancia, Mario tiene una reca\u00edda que lo deja hospitalizado unos d\u00edas. Al salir, descubre que Laura ha desaparecido y su m\u00f3vil la localiza en una zona desolada entre lava. \u00c9l emprende una b\u00fasqueda contrarreloj en un paisaje volc\u00e1nico, mientras emergen oscuros secretos y una tensi\u00f3n entre lo que se ve y lo que se oculta.\u00a0<\/p>\n<p class=\"paragraph\"><b>2. El \u00faltimo secreto \u2014 Dan Brown (Planeta)<\/b><\/p>\n<p class=\"paragraph\">Robert Langdon llega a Praga para asistir a una conferencia impartida por Katherine Solomon, quien est\u00e1 a punto de publicar descubrimientos sobre la conciencia humana que podr\u00edan desafiar creencias establecidas. Un asesinato violento desata una cadena de intrigas: Katherine y su manuscrito desaparecen. Langdon se ve arrastrado a resolver enigmas simb\u00f3licos, proteger el conocimiento y desentra\u00f1ar conspiraciones relacionadas con la mente humana.\u00a0<\/p>\n<p class=\"paragraph\"><b>3. El c\u00edrculo de los d\u00edas \u2014 Ken Follett (Plaza &amp; Jan\u00e9s)<\/b><\/p>\n<p class=\"paragraph\">La novela se sit\u00faa miles de a\u00f1os atr\u00e1s, durante el final del Neol\u00edtico\/inicio de la Edad del Bronce, en las llanuras de Inglaterra. Seft, un minero de s\u00edlex con un don, participa en rituales que marcan el paso del tiempo y presencia tensiones entre tribus que buscan unir fuerzas para erigir un monumento de enormes proporciones (Stonehenge).\u00a0<\/p>\n<p class=\"paragraph\"><b>4. Releasing 10 \u2014 Chloe Walsh (Montena, Los chicos de Tommen 6)<\/b><\/p>\n<p class=\"paragraph\">Lizzie Young vive con trastorno bipolar y siente que carga sola con sus traumas. Sin que encaje con su entorno, lucha por aceptaci\u00f3n. Cuando conoce a Hugh en el autob\u00fas del instituto, surge una conexi\u00f3n que podr\u00eda cambiar su vida. Pero su relaci\u00f3n tendr\u00e1 que enfrentar desaf\u00edos internos y externos.\u00a0<\/p>\n<p class=\"paragraph\"><b>5. La asistenta \u2014 Freida McFadden (Suma)<\/b><\/p>\n<p class=\"paragraph\">Millie se incorpora como asistenta en la casa de los Winchester despu\u00e9s de un pasado complicado (incluso tras cumplir tiempo en la c\u00e1rcel). En ese nuevo empleo, la tranquilidad aparente se ve alterada cuando Millie descubre pistas inquietantes: comportamientos extra\u00f1os de la familia, misterios guardados, y tensi\u00f3n creciente entre lo visible y lo oculto.\u00a0<\/p>\n<p class=\"paragraph\"><b>6. El sue\u00f1o del jaguar \u2014 Miguel Bonnefoy (Asteroide)<\/b><\/p>\n<p class=\"paragraph\">Una mendiga muda de Maracaibo encuentra a un beb\u00e9 abandonado en las escaleras de una iglesia. Esa acci\u00f3n marca el inicio de una saga familiar que entrelaza generaciones, secretos, y el destino personal de personajes en medio de la turbulenta historia de Venezuela.\u00a0<\/p>\n<p class=\"paragraph\"><b>7. Mil cosas \u2014 Juan Tall\u00f3n (Anagrama)<\/b><\/p>\n<p class=\"paragraph\">La narraci\u00f3n se concentra en la vida abrumada por la rutina: trabajo excesivo, agendas apretadas, estr\u00e9s constante, atenci\u00f3n fragmentada y peque\u00f1as tragedias cotidianas.\u00a0Personajes como Anne est\u00e1n atrapados en situaciones donde el d\u00eda nunca termina, y la presi\u00f3n externa puede desencadenar crisis internas.\u00a0<\/p>\n<p class=\"paragraph\"><b>8. \u00bfQu\u00e9 pasa con Baum? \u2014 Woody Allen (Alianza)<\/b><\/p>\n<p class=\"paragraph\">Asher Baum es un escritor jud\u00edo de mediana edad con inseguridades profundas. Tras una carrera con pocos \u00e9xitos literarios, su vida personal \u2014matrimonio, celos, relaciones familiares\u2014 se ve sacudida por sospechas, crisis mentales y conflictos internos.\u00a0<\/p>\n<p class=\"paragraph\"><b>9. Misi\u00f3n en Par\u00eds \u2014 Arturo P\u00e9rez-Reverte (Alfaguara)<\/b><\/p>\n<p class=\"paragraph\">La historia retoma al capit\u00e1n Diego Alatriste durante una misi\u00f3n secreta en Par\u00eds ordenada desde Espa\u00f1a. En ese contexto europeo, conviven intrigas pol\u00edticas, tensiones diplom\u00e1ticas, conflictos religiosos (los hugonotes) y deberes personales.\u00a0<\/p>\n<p class=\"paragraph\"><b>10. El secreto de la asistenta \u2014 Freida McFadden (Suma)<\/b><\/p>\n<p class=\"paragraph\">Millie, tras los sucesos de la primera novela, busca rehacer su vida, pero su pasado irrumpe nuevamente. En este nuevo cap\u00edtulo, acepta un trabajo en un \u00e1tico de Manhattan donde el pasado encierra secretos, las identidades no son lo que aparentan y la tensi\u00f3n entre quien era y quien pretende ser crece.\u00a0<\/p>\n<p class=\"paragraph\"><b>No ficci\u00f3n<\/b><\/p>\n<p class=\"paragraph\"><b>1. Inevitablemente yo \u2014 Antonio Orozco (Planeta)<\/b><\/p>\n<p class=\"paragraph\">Antonio Orozco narra un a\u00f1o de crisis personal en el que experimenta un colapso emocional que le lleva a detener su actividad profesional. En primera persona relata su proceso de introspecci\u00f3n, el descubrimiento de inseguridades ocultas, el papel de la salud mental y la decisi\u00f3n de reconstruirse.\u00a0<\/p>\n<p class=\"paragraph\"><b>2. Sobre Dios. Pensar con Simone Weil \u2014 Byung-Chul Han (Paid\u00f3s)<\/b><\/p>\n<p class=\"paragraph\">Simone Weil es, en palabras de Byung-Chul Han, la figura intelectual m\u00e1s brillante del siglo xx. En este ensayo breve y visionario, el fil\u00f3sofo surcoreano reinterpreta la obra de la fil\u00f3sofa francesa como una br\u00fajula \u00e9tica y espiritual para nuestro tiempo. Frente a un mundo dominado por el rendimiento, el consumo y la hiperactividad, Weil \u2014y con ella Han\u2014 nos invita a redescubrir el vac\u00edo, el silencio, la atenci\u00f3n y la trascendencia como formas de vida posibles y necesarias.<\/p>\n<p class=\"paragraph\"><b>3. Ego y supraconciencia \u2014 Manuel Sans (Planeta)<\/b><\/p>\n<p class=\"paragraph\">Manuel Sans plantea una reflexi\u00f3n sobre el ego individual y su relaci\u00f3n con niveles superiores de conciencia. El libro explora c\u00f3mo se forma la identidad, c\u00f3mo los condicionamientos mentales limitan la percepci\u00f3n, y qu\u00e9 implica trascender esos l\u00edmites para alcanzar una conciencia m\u00e1s amplia.<\/p>\n<p class=\"paragraph\"><b>4. La sociedad de la desconfianza \u2014 Victoria Camps (Arpa)<\/b><\/p>\n<p class=\"paragraph\">Victoria Camps analiza la confianza como base del tejido social y c\u00f3mo su degradaci\u00f3n afecta las instituciones, las relaciones personales y las expectativas \u00e9ticas de la sociedad. Estudia las causas del escepticismo colectivo y propone l\u00edneas de reflexi\u00f3n para restablecer v\u00ednculos confiables.<\/p>\n<p class=\"paragraph\"><b>5. La Sagrada Familia \u2014 Alejandro Entrambaguas (La Esfera de los Libros)<\/b><\/p>\n<p class=\"paragraph\">La investigaci\u00f3n m\u00e1s exhaustiva sobre el n\u00facleo de poder que orbita en torno a Pedro S\u00e1nchez.\u00a0El an\u00e1lisis de m\u00e1s de 10.000 documentos permite reconstruir con precisi\u00f3n quir\u00fargica el funcionamiento real de un modelo sostenido en privilegios, fidelidades personales y acceso discrecional a recursos del Estado.<\/p>\n<p class=\"paragraph\"><b>6. Mi refugio y mi tormenta \u2014 Arundhati Roy (Alfaguara)<\/b><\/p>\n<p class=\"paragraph\">Destrozada por la muerte de su madre y, al mismo tiempo, desconcertada por la intensidad de su reacci\u00f3n, Arundhati Roy comenz\u00f3 a escribir estas memorias en un intento de comprender sus sentimientos hacia la madre de la que huy\u00f3 a los dieciocho a\u00f1os, \u00abno porque no la amara, sino para poder seguir am\u00e1ndola\u00bb.<\/p>\n<p class=\"paragraph\"><b>7. Por decir la verdad \u2014 Pedro J. Ram\u00edrez (Planeta)<\/b><\/p>\n<p class=\"paragraph\">Pedro J. Ram\u00edrez re\u00fane episodios de su carrera period\u00edstica, sus opiniones frente a dilemas \u00e9ticos, sus enfrentamientos medi\u00e1ticos y su visi\u00f3n del papel del periodismo frente al poder. El libro articula memorias personales con reflexiones sobre la funci\u00f3n de la prensa.<\/p>\n<p class=\"paragraph\"><b>8. Pr\u00f3spero viento: una vida pol\u00edtica \u2014 Andr\u00e9s Trapiello (La Esfera de los Libros)<\/b><\/p>\n<p class=\"paragraph\">Ensayo autobiogr\u00e1fico que relata una vida, la de su autor, y la peripecia vital y pol\u00edtica de varias generaciones, desde las postrimer\u00edas de la dictadura franquista hasta hoy mismo. Trapiello rastrea en este libro el origen de la hegemon\u00eda cultural de la izquierda y de los nacionalistas, conforme a la cual estos se han cre\u00eddo legitimados para reescribir la historia y levantar un muro entre espa\u00f1oles.<\/p>\n<p class=\"paragraph\"><b>9. Como hacer que te pasen cosas buenas \u2014 Marian Rojas Estap\u00e9 (Espasa)<\/b><\/p>\n<p class=\"paragraph\">Marian Rojas Estap\u00e9 ofrece una gu\u00eda pr\u00e1ctica para potenciar el bienestar psicol\u00f3gico y emocional. A trav\u00e9s de ejemplos, estrategias y orientaci\u00f3n psicol\u00f3gica, aborda c\u00f3mo cambiar h\u00e1bitos mentales, gestionar emociones y atraer situaciones positivas en la vida diaria.<\/p>\n<p class=\"paragraph\"><b>10. Gente del Sur (y otros escritos sobre Andaluc\u00eda) \u2014 Manuel Chaves Nogales (El Paseo)<\/b><\/p>\n<p class=\"paragraph\">Esta obra re\u00fane cr\u00f3nicas, ensayos y relatos en los que Chaves Nogales retorna a su tierra natal, Andaluc\u00eda, para explorar su cultura, valores, conflictos y personajes. Las piezas destacan por el enfoque period\u00edstico-literario con el que el autor revisita su regi\u00f3n natal.\u00a0<\/p>\n","protected":false},"excerpt":{"rendered":"Ficci\u00f3n 1. El susurro del fuego \u2014 Javier Castillo (Suma) Mario y Laura Ardoz, mellizos, viajan a las&hellip;\n","protected":false},"author":2,"featured_media":179255,"comment_status":"","ping_status":"","sticky":false,"template":"","format":"standard","meta":{"footnotes":""},"categories":[172],"tags":[224,3101,146,147,25,24,1063,5264,225,1179,23],"class_list":{"0":"post-179254","1":"post","2":"type-post","3":"status-publish","4":"format-standard","5":"has-post-thumbnail","7":"category-libros","8":"tag-books","9":"tag-castillo","10":"tag-entertainment","11":"tag-entretenimiento","12":"tag-es","13":"tag-espana","14":"tag-irrumpe","15":"tag-javier","16":"tag-libros","17":"tag-mas","18":"tag-spain"},"share_on_mastodon":{"url":"","error":""},"_links":{"self":[{"href":"https:\/\/www.europesays.com\/es\/wp-json\/wp\/v2\/posts\/179254","targetHints":{"allow":["GET"]}}],"collection":[{"href":"https:\/\/www.europesays.com\/es\/wp-json\/wp\/v2\/posts"}],"about":[{"href":"https:\/\/www.europesays.com\/es\/wp-json\/wp\/v2\/types\/post"}],"author":[{"embeddable":true,"href":"https:\/\/www.europesays.com\/es\/wp-json\/wp\/v2\/users\/2"}],"replies":[{"embeddable":true,"href":"https:\/\/www.europesays.com\/es\/wp-json\/wp\/v2\/comments?post=179254"}],"version-history":[{"count":0,"href":"https:\/\/www.europesays.com\/es\/wp-json\/wp\/v2\/posts\/179254\/revisions"}],"wp:featuredmedia":[{"embeddable":true,"href":"https:\/\/www.europesays.com\/es\/wp-json\/wp\/v2\/media\/179255"}],"wp:attachment":[{"href":"https:\/\/www.europesays.com\/es\/wp-json\/wp\/v2\/media?parent=179254"}],"wp:term":[{"taxonomy":"category","embeddable":true,"href":"https:\/\/www.europesays.com\/es\/wp-json\/wp\/v2\/categories?post=179254"},{"taxonomy":"post_tag","embeddable":true,"href":"https:\/\/www.europesays.com\/es\/wp-json\/wp\/v2\/tags?post=179254"}],"curies":[{"name":"wp","href":"https:\/\/api.w.org\/{rel}","templated":true}]}}