{"id":179256,"date":"2025-10-15T21:09:12","date_gmt":"2025-10-15T21:09:12","guid":{"rendered":"https:\/\/www.europesays.com\/es\/179256\/"},"modified":"2025-10-15T21:09:12","modified_gmt":"2025-10-15T21:09:12","slug":"tve-pone-fecha-de-estreno-a-lo-nuevo-de-cachitos-que-llega-haciendo-tandem-con-henar-alvarez","status":"publish","type":"post","link":"https:\/\/www.europesays.com\/es\/179256\/","title":{"rendered":"TVE pone fecha de estreno a lo nuevo de &#8216;Cachitos&#8217;, que llega haciendo t\u00e1ndem con Henar \u00c1lvarez"},"content":{"rendered":"<p class=\"ft-text\">La 2 sigue reforzando su parrilla y pone fecha de estreno a la nueva temporada de<strong> &#8216;Cachitos&#8217;,<\/strong> su exitoso programa que recorre el archivo musical de RTVE con la mezcla habitual de ritmo y comentarios \u00e1cidos que lo han caracterizado desde el inicio, destacando entre los programas musicales.<\/p>\n<p class=\"ft-text\">El formato vuelve con <strong>\u00c1ngel Carmona<\/strong> y diez nuevas entregas que se pondr\u00e1n ver a partir del pr\u00f3ximo domingo <strong>19 de octubre a las 23:30 horas<\/strong>, despu\u00e9s de <strong>&#8216;Al Cielo con ella&#8217;.<\/strong> El primer episodio, titulado &#8216;Por el mundo&#8217;, promete hacernos bailar sin salir del sof\u00e1.<\/p>\n<p class=\"ft-text\">Gracias al gui\u00f3n de Toni P\u00e9rez, esta entrega contar\u00e1 con la creaci\u00f3n de una peculiar agencia de viajes, Cachitours, que llevar\u00e1 a los espectadores por los grandes mitos de la m\u00fasica planetaria: de los ritmos africanos al pop americano, pasando por los sonidos europeos y los tarareos m\u00e1s universales. Una aut\u00e9ntica vuelta al mundo a trav\u00e9s de los videoclips y actuaciones m\u00e1s ic\u00f3nicas del archivo de RTVE.<\/p>\n<p class=\"ft-text\"><strong>Jero Rodr\u00edguez, Arantxa Soroa, Alejandro Alcaraz, Antonio Vicente, Laura Del Val y Carlos Sanandr\u00e9s <\/strong>contin\u00faan como colaboradores del espacio, que suma a Jes\u00fas Caballero y Elena Beltr\u00e1n.<\/p>\n<p class=\"ft-text\">La nueva temporada de &#8216;Cachitos&#8217; es la n\u00famero 14 del programa, que cumple 12 a\u00f1os en antena. El formato aterriz\u00f3 en 2013 y supuso una aut\u00e9ntica revoluci\u00f3n televisiva. A d\u00eda de hoy, su sello de humor y su peculiaridad le hacen mantener una cantidad de fieles para seguir gan\u00e1ndose un hueco en la parrilla de La 2.<\/p>\n","protected":false},"excerpt":{"rendered":"La 2 sigue reforzando su parrilla y pone fecha de estreno a la nueva temporada de &#8216;Cachitos&#8217;, su&hellip;\n","protected":false},"author":2,"featured_media":179257,"comment_status":"","ping_status":"","sticky":false,"template":"","format":"standard","meta":{"footnotes":""},"categories":[171],"tags":[44140,146,147,25,24,1055,1151,524,1150,23,214,3156],"class_list":{"0":"post-179256","1":"post","2":"type-post","3":"status-publish","4":"format-standard","5":"has-post-thumbnail","7":"category-tv","8":"tag-cachitos","9":"tag-entertainment","10":"tag-entretenimiento","11":"tag-es","12":"tag-espana","13":"tag-estreno","14":"tag-fecha","15":"tag-nuevo","16":"tag-pone","17":"tag-spain","18":"tag-tv","19":"tag-tve"},"share_on_mastodon":{"url":"","error":""},"_links":{"self":[{"href":"https:\/\/www.europesays.com\/es\/wp-json\/wp\/v2\/posts\/179256","targetHints":{"allow":["GET"]}}],"collection":[{"href":"https:\/\/www.europesays.com\/es\/wp-json\/wp\/v2\/posts"}],"about":[{"href":"https:\/\/www.europesays.com\/es\/wp-json\/wp\/v2\/types\/post"}],"author":[{"embeddable":true,"href":"https:\/\/www.europesays.com\/es\/wp-json\/wp\/v2\/users\/2"}],"replies":[{"embeddable":true,"href":"https:\/\/www.europesays.com\/es\/wp-json\/wp\/v2\/comments?post=179256"}],"version-history":[{"count":0,"href":"https:\/\/www.europesays.com\/es\/wp-json\/wp\/v2\/posts\/179256\/revisions"}],"wp:featuredmedia":[{"embeddable":true,"href":"https:\/\/www.europesays.com\/es\/wp-json\/wp\/v2\/media\/179257"}],"wp:attachment":[{"href":"https:\/\/www.europesays.com\/es\/wp-json\/wp\/v2\/media?parent=179256"}],"wp:term":[{"taxonomy":"category","embeddable":true,"href":"https:\/\/www.europesays.com\/es\/wp-json\/wp\/v2\/categories?post=179256"},{"taxonomy":"post_tag","embeddable":true,"href":"https:\/\/www.europesays.com\/es\/wp-json\/wp\/v2\/tags?post=179256"}],"curies":[{"name":"wp","href":"https:\/\/api.w.org\/{rel}","templated":true}]}}