{"id":179258,"date":"2025-10-15T21:10:09","date_gmt":"2025-10-15T21:10:09","guid":{"rendered":"https:\/\/www.europesays.com\/es\/179258\/"},"modified":"2025-10-15T21:10:09","modified_gmt":"2025-10-15T21:10:09","slug":"girish-and-the-chronicles-mayhem-kataklysm-cadaver","status":"publish","type":"post","link":"https:\/\/www.europesays.com\/es\/179258\/","title":{"rendered":"GIRISH AND THE CHRONICLES \u2013 MAYHEM \u2013 KATAKLYSM \u2013 CADAVER"},"content":{"rendered":"<p>\u00a0<\/p>\n<p style=\"text-align: center;\"><strong><a href=\"#GIRISH\">GIRISH AND THE CHRONICLES \u00a0publican una versi\u00f3n del tema \u00abSet Fire To The Rain\u00bb de Adel <\/a>. <a href=\"#MAYHEM\">Reedici\u00f3n de MAYHEM<\/a> \u2013 <a href=\"#KATAKLYSM\">Fechas de KATAKLYSM<\/a> \u2013 <a href=\"#CADAVER\">Reedici\u00f3n de CADAVER<\/a>. <\/strong><\/p>\n<p>\u00a0<\/p>\n<p>Los rockeros indios <strong><a href=\"https:\/\/www.facebook.com\/girishandthechronicles\" target=\"_blank\" rel=\"noopener nofollow\">GIRISH AND THE CHRONICLES<\/a><\/strong> \u00a0publican una versi\u00f3n del tema \u00abSet Fire To The Rain\u00bb de <strong>Adele<\/strong>, ya disponible a trav\u00e9s de Frontiers Music Srl.<\/p>\n<p>El grupo interpret\u00f3 originalmente esta versi\u00f3n atronadora y cargada de riffs en America\u2019s Got Talent el pasado junio. La audici\u00f3n marc\u00f3 el debut del grupo en AGT y r\u00e1pidamente se convirti\u00f3 en una de las actuaciones m\u00e1s explosivas de la noche.<\/p>\n<p>La banda coment\u00f3:<\/p>\n<p>\u201cSent\u00edamos que era nuestro deber compartir esto con nuestros fans, tanto los antiguos como los nuevos. Esa actuaci\u00f3n ocupa un lugar especial en nuestros corazones y en los de la gente de todo el mundo, especialmente en casa. Fue nuestra primera actuaci\u00f3n en Estados Unidos y marc\u00f3 el comienzo de nuestra trayectoria en America\u2019s Got Talent, convirti\u00e9ndola en una experiencia verdaderamente inolvidable. Este lanzamiento es para mostrar nuestra gratitud a todos los que nos han apoyado mientras prepar\u00e1bamos nuestro pr\u00f3ximo \u00e1lbum. Estamos muy agradecidos por su apoyo y esperamos que este regalo nos traiga de vuelta esos incre\u00edbles recuerdos y la emoci\u00f3n por lo que viene\u201d.<\/p>\n<p><img fetchpriority=\"high\" decoding=\"async\" src=\"https:\/\/www.europesays.com\/es\/wp-content\/uploads\/2025\/10\/girish2025_1.jpg\" alt=\"GIRISH AND THE CHRONICLES\" width=\"500\" height=\"500\"\/><\/p>\n<p>\u00a0<\/p>\n<p>Season Of Mist reeditar\u00e1 el 5 de diciembre el disco de <a href=\"http:\/\/www.thetruemayhem.com\/\" target=\"_blank\" rel=\"noopener nofollow\"><strong>MAYHEM<\/strong><\/a> \u201cGrand Declaration Of War\u201d.<\/p>\n<p>Incluye el m\u00e1ster original en vinilo radiaci\u00f3n solar con un nuevo empaquetado con carpeta doble en papel de aluminio con doble p\u00f3ster y parche de cuero bordado.<\/p>\n<p>Estos son los temas que incluye:<\/p>\n<ol>\n<li>A Grand Declaration of War<\/li>\n<li>In the Lies Where upon You Lay<\/li>\n<li>A Time to Die<\/li>\n<li>View from Nihil (Part I of II)<\/li>\n<li>View form Nihil (Part II of II)<\/li>\n<li>A Bloodsword and a Colder Sun (Part I of II)<\/li>\n<li>A Bloodsword and a Colder Sun (Part II of II)<\/li>\n<li>Crystalized Pain in Deconstruction<\/li>\n<li>Completion in Science of Agony (Part I of II)<\/li>\n<li>To Daimonion (Part I of III)<\/li>\n<li>Untitled<\/li>\n<li>Untitled II<\/li>\n<li>Completion in Science of Agony (Part II of II)<\/li>\n<\/ol>\n<p>El grupo estaba compuesto por Maniac a las voces, Blasphemer a las guitarras, el bajista Necrobutcher y el bater\u00eda Hellhammer.<\/p>\n<p>Como invitados estaban Tore Ylwizaker encargado del ruido en el tema 9 y \u00d8yvind H\u00e6geland que hac\u00eda voces en el mismo tema.<\/p>\n<p>El material fue producido por B\u00f8rge Finstad y masterizado por Morten Lund, y la portada corri\u00f3 a cargo de Mark Francombe Red.<\/p>\n<p>La banda ya prepara <a href=\"https:\/\/www.rafabasa.com\/2025\/08\/03\/slash-mayhem-tajuna-rock\/#MAYHEM\" rel=\"nofollow noopener\" target=\"_blank\">nuevo disco<\/a>.<\/p>\n<p><a href=\"http:\/\/www.thetruemayhem.com\/\" target=\"_blank\" rel=\"noopener nofollow\"><strong>MAYHEM<\/strong><\/a> editaron el 9 de julio de 2021 a trav\u00e9s de Century Media su \u00faltimo EP \u201cAtavistic Black Disorder \/ Kommando\u201d.<\/p>\n<p>Todos los detalles en esta <a href=\"https:\/\/www.rafabasa.com\/2021\/05\/07\/mayhem-anuncia-atavistic-black-disorder-kommando-ep\/\" target=\"_blank\" rel=\"noopener nofollow\">noticia<\/a> y los adelantos aparecidos en <a href=\"https:\/\/www.rafabasa.com\/2021\/07\/02\/within-temptation-mayhem-mutum\/#MAYHEM\" target=\"_blank\" rel=\"noopener nofollow\">esta<\/a>.<\/p>\n<p>\u00a0<\/p>\n<p>\u00a0<\/p>\n<p><a href=\"https:\/\/www.kataklysm.ca\/\" target=\"_blank\" rel=\"noopener nofollow\"><strong>KATAKLYSM<\/strong><\/a> nos visitar\u00e1n el pr\u00f3ximo 2026 acompa\u00f1ados por VADER y BLOOD RED THRONE. Estas son las fechas:<\/p>\n<ul>\n<li>D\u00eda 27 de febrero \u2013 Sala Mon \u2013 MADRID<\/li>\n<li>D\u00eda 28 de febrero \u2013 Sala T\u00f3tem \u2013 PAMPLONA<\/li>\n<li>D\u00eda 1 de marzo \u2013 Sala Razzmatazz 2 \u2013 BARCELONA<\/li>\n<\/ul>\n<p>La banda estren\u00f3 en mayo un <a href=\"https:\/\/www.rafabasa.com\/2025\/05\/22\/iced-earth-kataklysm-mors-principium-est\/#KATAKLYSM\" rel=\"nofollow noopener\" target=\"_blank\">nuevo single<\/a>.<\/p>\n<p><a href=\"https:\/\/www.kataklysm.ca\/\" target=\"_blank\" rel=\"noopener nofollow\"><strong>KATAKLYSM<\/strong><\/a> editaron el 11 de agosto a trav\u00e9s de Nuclear Blast un nuevo disco titulado \u201cGoliath\u201d.<\/p>\n<p>Todos los detalles en esta <a href=\"https:\/\/www.rafabasa.com\/2023\/05\/19\/nuevo-disco-de-kataklysm-videos-de-jag-panzer-y-crashdiet\/#KATAKLYSM\" target=\"_blank\" rel=\"noopener nofollow\">noticia<\/a> y los v\u00eddeos aparecidos en <a href=\"https:\/\/www.rafabasa.com\/2024\/01\/26\/ronnie-romero-kataklysm-whitechapel\/#KATAKLYSM\" target=\"_blank\" rel=\"noopener nofollow\">esta<\/a>.<\/p>\n<p>\u00a0<\/p>\n<p>Listenable Records reeditar\u00e1 el 28 de noviembre el debut de <strong>CADAVER<\/strong> aparecido en 1990 \u201cHallucinating Anxiety\u201d.<\/p>\n<p>Estar\u00e1 disponible en vinilo tipo m\u00e1rmol color rojo sangre y CD digipak.<\/p>\n<p>A continuaci\u00f3n ten\u00e9is un lyric v\u00eddeo para el tema \u201cErosive Fester\u201d.<\/p>\n<p><strong>CADAVER<\/strong> editaron el 25 de abril a trav\u00e9s de Listenable un nuevo disco titulado \u201cHymns Of Misanthropy\u201d.<\/p>\n<p>Todos los detalles en esta <a href=\"https:\/\/www.rafabasa.com\/2025\/03\/14\/savatage-onslaught-cadaver\/#CADAVER\" target=\"_blank\" rel=\"noopener nofollow\">noticia<\/a> y su \u00faltimo v\u00eddeo en <a href=\"https:\/\/www.rafabasa.com\/2025\/04\/11\/ghost-cadaver-swallow-the-sun\/#CADAVER\" rel=\"nofollow noopener\" target=\"_blank\">esta<\/a>.<\/p>\n<p>\u00a0<\/p>\n<p align=\"center\"><strong>Sigue el\u00a0<a href=\"https:\/\/whatsapp.com\/channel\/0029VaCprxVBA1f555USvT2O\" target=\"_blank\" rel=\"nofollow noopener\">Canal de RAFABASA.COM en WhatsApp<\/a>, donde encontrar\u00e1s todas nuestras novedades al instante<\/strong><\/p>\n<p>\u00a0<\/p>\n<p>\u00a0<\/p>\n<p>\u00a0<\/p>\n","protected":false},"excerpt":{"rendered":"\u00a0 GIRISH AND THE CHRONICLES \u00a0publican una versi\u00f3n del tema \u00abSet Fire To The Rain\u00bb de Adel .&hellip;\n","protected":false},"author":2,"featured_media":179259,"comment_status":"","ping_status":"","sticky":false,"template":"","format":"standard","meta":{"footnotes":""},"categories":[170],"tags":[6247,146,147,25,24,51069,51070,51071,184,185,23],"class_list":{"0":"post-179258","1":"post","2":"type-post","3":"status-publish","4":"format-standard","5":"has-post-thumbnail","7":"category-musica","8":"tag-cadaver","9":"tag-entertainment","10":"tag-entretenimiento","11":"tag-es","12":"tag-espana","13":"tag-girish-and-the-chronicles","14":"tag-kataklysm","15":"tag-mayhem","16":"tag-music","17":"tag-musica","18":"tag-spain"},"share_on_mastodon":{"url":"","error":""},"_links":{"self":[{"href":"https:\/\/www.europesays.com\/es\/wp-json\/wp\/v2\/posts\/179258","targetHints":{"allow":["GET"]}}],"collection":[{"href":"https:\/\/www.europesays.com\/es\/wp-json\/wp\/v2\/posts"}],"about":[{"href":"https:\/\/www.europesays.com\/es\/wp-json\/wp\/v2\/types\/post"}],"author":[{"embeddable":true,"href":"https:\/\/www.europesays.com\/es\/wp-json\/wp\/v2\/users\/2"}],"replies":[{"embeddable":true,"href":"https:\/\/www.europesays.com\/es\/wp-json\/wp\/v2\/comments?post=179258"}],"version-history":[{"count":0,"href":"https:\/\/www.europesays.com\/es\/wp-json\/wp\/v2\/posts\/179258\/revisions"}],"wp:featuredmedia":[{"embeddable":true,"href":"https:\/\/www.europesays.com\/es\/wp-json\/wp\/v2\/media\/179259"}],"wp:attachment":[{"href":"https:\/\/www.europesays.com\/es\/wp-json\/wp\/v2\/media?parent=179258"}],"wp:term":[{"taxonomy":"category","embeddable":true,"href":"https:\/\/www.europesays.com\/es\/wp-json\/wp\/v2\/categories?post=179258"},{"taxonomy":"post_tag","embeddable":true,"href":"https:\/\/www.europesays.com\/es\/wp-json\/wp\/v2\/tags?post=179258"}],"curies":[{"name":"wp","href":"https:\/\/api.w.org\/{rel}","templated":true}]}}