{"id":179266,"date":"2025-10-15T21:14:15","date_gmt":"2025-10-15T21:14:15","guid":{"rendered":"https:\/\/www.europesays.com\/es\/179266\/"},"modified":"2025-10-15T21:14:15","modified_gmt":"2025-10-15T21:14:15","slug":"el-motivo-laboral-que-implica-a-rtve-y-parece-que-causo-la-extrana-eliminacion-de-alejo-sauras-en-masterchef-celebrity","status":"publish","type":"post","link":"https:\/\/www.europesays.com\/es\/179266\/","title":{"rendered":"El motivo laboral que implica a RTVE y parece que caus\u00f3 la extra\u00f1a eliminaci\u00f3n de Alejo Sauras en &#8216;MasterChef Celebrity&#8217;"},"content":{"rendered":"<p class=\"article-text\">\n        Los espectadores de <strong>MasterChef Celebrity 10<\/strong> se llevaron una sorpresa el pasado lunes con la <a href=\"https:\/\/www.eldiario.es\/vertele\/noticias\/masterchef-celebrity-10-asombro-expulsion-mejores-aspirantes-fallo-hoy-iba-ganar_1_12680859.html\" target=\"_blank\" data-mrf-recirculation=\"links-noticia\" class=\"link\" rel=\"nofollow noopener\">expulsi\u00f3nde Alejo Sauras<\/a>. Hasta ese momento, el actor se hab\u00eda erigido en uno de los grandes favoritos a la victoria final, pero en la \u00faltima entrega protagoniz\u00f3 una prueba de eliminaci\u00f3n ca\u00f3tica: cocin\u00f3 hasta el \u00faltimo segundo y no puso pasta en un plato hecho de alb\u00f3ndigas, salsa de tomate y&#8230; pasta. \u201cNo me digas que lo que he quitado todo\u201d, dijo el int\u00e9rprete, con las manos en la cara, al ver que hab\u00eda presentado su creaci\u00f3n sin tallarines a pesar de que estaba convencido de que los hab\u00eda puesto por debajo de las alb\u00f3ndigas. Y s\u00ed, los hab\u00eda puesto en el plat\u00f3, pero los quit\u00f3 apenas un segundo despu\u00e9s para dejarlos en las encimera.\n    <\/p>\n<p>    <a href=\"https:\/\/www.eldiario.es\/vertele\/noticias\/masterchef-celebrity-10-asombro-expulsion-mejores-aspirantes-fallo-hoy-iba-ganar_1_12680859.html\" data-mrf-recirculation=\"saber-mas\" data-dl-event=\"saber-mas\" rel=\"nofollow noopener\" target=\"_blank\"><\/p>\n<p class=\"know-more__title\">&#8216;MasterChef Celebrity 10&#8217; asombr\u00f3 con la expulsi\u00f3n de dos de sus mejores aspirantes: \u00abSin este fallo iba a ganar yo\u00bb<\/p>\n<p>            <img decoding=\"async\" class=\"lazy\" loading=\"lazy\" data-src=\"https:\/\/static.eldiario.es\/clip\/62aa72de-fbfd-4d60-b07e-4a0059eec385_16-9-aspect-ratio_default_0.jpg\" src=\"data:image\/svg+xml,%3Csvg xmlns=\" http:=\"\" viewbox=\"0 0 880 495\" alt=\"'MasterChef Celebrity 10' asombr\u00f3 con la expulsi\u00f3n de dos de sus mejores aspirantes: &quot;Sin este fallo iba a ganar yo&quot;\"\/><\/p>\n<p>                        <\/a><\/p>\n<p class=\"article-text\">\n        Evidentemente, este fat\u00eddico y sorprendente lapsus cost\u00f3 al balear su continuidad en el talent culinario de <strong>La 1<\/strong>, y qui\u00e9n sabe si tambi\u00e9n su triunfo al final del mismo. <strong>\u201cSin el fallo de hoy hubiera ganado yo\u201d<\/strong>, lleg\u00f3 a bromear en su despedida, donde no se mostr\u00f3 especialmente afectado: \u201cEstoy muy bien, he acabado el viaje y ha sido un viaje espectacular\u201d. Ahora, dos d\u00edas despu\u00e9s de la emisi\u00f3n, desde la revista <a href=\"https:\/\/www.lecturas.com\/actualidad\/exclusiva-verdadero-motivo-por-que-alejo-sauras-fue-expulsado-masterchef-celebrity-10_182677\" target=\"_blank\" data-mrf-recirculation=\"links-noticia\" class=\"link\" rel=\"nofollow noopener\">Lecturas<\/a> aseguran que el verdadero motivo por el que Sauras cay\u00f3 eliminado fue por sus compromisos como actor. Concretamente, por el rodaje de la serie <strong>Barrio Esperanza<\/strong>, que pr\u00f3ximamente se emitir\u00e1 en el prime time de La 1.\n    <\/p>\n<p class=\"article-text\">\n        La participaci\u00f3n de Sauras en MasterChef Celebrity 10 se dio a conocer <a href=\"https:\/\/www.eldiario.es\/vertele\/noticias\/masterchef-celebrity-10-primeros-nombres-concursantes-alejo-sauras-rosa-benito-torito-soraya-miguel-torres_1_12251111.html\" target=\"_blank\" data-mrf-recirculation=\"links-noticia\" class=\"link\" rel=\"nofollow noopener\">a finales de abril<\/a>, y solo dos meses despu\u00e9s, a finales de junio, RTVE anunci\u00f3 la puesta en marcha de esta ficci\u00f3n protagonizada por <strong>Mariona Ter\u00e9s<\/strong>, <strong>Mariano Pe\u00f1a<\/strong> y el otrora actor de Estoy vivo y Al salir de clase. Por tanto, es m\u00e1s que probable que las grabaciones de MasterChef Celebrity 10 le coincidieran en el tiempo con las de Barrio Esperanza, que comenzaron en julio, y de ah\u00ed que tuviera que renunciar al programa de cocina para centrarse en la serie de ficci\u00f3n. Eso s\u00ed, el citado medio no aclara si Sauras pact\u00f3 su salida con la productora de MasterChef (Shine Iberia) o si cometi\u00f3 el desliz de la pasta a prop\u00f3sito para ser eliminado.\n    <\/p>\n<p class=\"article-text\">\n        En cualquier caso, lo que es seguro es que el int\u00e9rprete ya ha terminado de rodar Barrio Esperanza, tal y como \u00e9l mismo comunic\u00f3 el pasado 2 de octubre en su perfil de Instagram: \u201c<strong>Qu\u00e9 bonito ha sido rodar esta preciosa serie<\/strong>. Ojal\u00e1 disfrut\u00e9is tanto vi\u00e9ndola como lo hemos hecho rod\u00e1ndola. \u00a1Y ojal\u00e1 sea pronto! Millones de gracias a todo el equipo, t\u00e9cnico y art\u00edstico, ha sido una experiencia inolvidable\u201d.\n    <\/p>\n<blockquote class=\"instagram-media\" data-instgrm-captioned=\"\" data-instgrm-permalink=\"https:\/\/www.instagram.com\/p\/DPUX36MjRI8\/?utm_source=ig_embed&amp;utm_campaign=loading\" data-instgrm-version=\"14\" style=\" background:#FFF; border:0; border-radius:3px; box-shadow:0 0 1px 0 rgba(0,0,0,0.5),0 1px 10px 0 rgba(0,0,0,0.15); margin: 1px; max-width:540px; min-width:326px; padding:0; width:99.375%; width:-webkit-calc(100% - 2px); width:calc(100% - 2px);\"\/>\n<p>    As\u00ed es &#8216;Barrio Esperanza&#8217;, la nueva serie de Alejo Sauras<\/p>\n<p class=\"article-text\">\n        Producida por <strong>RTVE<\/strong> en colaboraci\u00f3n con\u00a0<strong>Globomedia<\/strong>\u00a0(The Mediapro Studio), Barrio Esperanza es una comedia de corte social creada<strong>\u00a0Iv\u00e1n Escobar\u00a0<\/strong>y\u00a0<strong>Antonio S\u00e1nchez Olivas<\/strong>. Ambientada en un colegio p\u00fablico, la serie abordar\u00e1 con humor \u00e1cido y un enfoque accesible para todos los p\u00fablicos temas como la educaci\u00f3n, la convivencia y las segundas oportunidades. Al frente del reparto coral se encuentra\u00a0<strong>Mariona Ter\u00e9s<\/strong>, en una ficci\u00f3n que apuesta por un tono vitalista y de camarader\u00eda, con especial \u00e9nfasis en el\u00a0<strong>valor de la ense\u00f1anza p\u00fablica<\/strong>\u00a0como motor de transformaci\u00f3n social.\n    <\/p>\n<p class=\"article-text\">\n        Esperanza no fue una joven ejemplar y se equivoc\u00f3 en todo: con el novio, con las compa\u00f1\u00edas y con la forma de ganar dinero f\u00e1cil. Un error tras error que finalmente la llev\u00f3 a la c\u00e1rcel. Durante su condena, aprovech\u00f3 el tiempo para estudiar la carrera de magisterio y aprobar la oposici\u00f3n para dar clase en un colegio p\u00fablico. Ahora, como maestra de Primaria, descubrir\u00e1 que lo que aprendi\u00f3 en prisi\u00f3n le ser\u00e1 de m\u00e1s utilidad que los temarios de la oposici\u00f3n.\n    <\/p>\n<p>    <a href=\"https:\/\/www.eldiario.es\/vertele\/audiencias-tv\/la-1-rtve-dispara-audiencias-radiografia-explosivo-auge-programas-diarios_1_12679932.html\" data-mrf-recirculation=\"saber-mas-abajo\" data-dl-event=\"saber-mas-abajo\" rel=\"nofollow noopener\" target=\"_blank\"><\/p>\n<p class=\"know-more__title\">La 1 dispara sus audiencias: radiograf\u00eda del explosivo auge de sus programas diarios en RTVE\n<\/p>\n<p>            <img decoding=\"async\" class=\"lazy\" loading=\"lazy\" data-src=\"https:\/\/static.eldiario.es\/clip\/0b40740a-04a9-489b-a114-ba6d7e0578d3_16-9-aspect-ratio_default_0.jpg\" src=\"data:image\/svg+xml,%3Csvg xmlns=\" http:=\"\" viewbox=\"0 0 880 495\" alt=\"La 1 dispara sus audiencias: radiograf\u00eda del explosivo auge de sus programas diarios en RTVE\"\/><\/p>\n<p>                        <\/a><\/p>\n<p class=\"article-text\">\n        A partir de esta premisa, RTVE define Barrio Esperanza como \u201cla historia de todos esos profesores que nos marcaron la vida y que nunca hemos olvidado del todo\u201d. Adem\u00e1s de Mariona Ter\u00e9s, el resto del reparto principal lo componen <strong>Alejo Sauras<\/strong>,<strong> Mariano Pe\u00f1a<\/strong>,<strong> Juan Vinuesa<\/strong>,<strong> Ana Jara<\/strong>,<strong> Mar\u00eda Isabel D\u00edaz Lago<\/strong>,<strong> Guillermo Campra<\/strong>,<strong> Carlos Librado &#8216;Nene&#8217;<\/strong>,<strong> \u00c1ngel H\u00e9ctor\u00a0<\/strong>y<strong>\u00a0Ruth N\u00fa\u00f1ez<\/strong>, entre otros. <strong>Iv\u00e1n Escobar<\/strong>, <strong>Antonio S\u00e1nchez Olivas<\/strong>, <strong>Laura Fern\u00e1ndez Espeso<\/strong> y <strong>Javier M\u00e9ndez<\/strong> son los productores ejecutivos de esta nueva ficci\u00f3n, <strong>Sandra Gallego<\/strong> e <strong>I\u00f1aki Pe\u00f1afiel<\/strong> son los directores de los\u00a0ocho episodios, basados en el guion de Iv\u00e1n Escobar y Antonio S\u00e1nchez Olivas, escrito junto a <strong>Raquel Haro<\/strong>, <strong>Abraham Sastre<\/strong>, <strong>Marta S\u00e1nchez<\/strong>, <strong>Javier Reguil\u00f3n<\/strong>, <strong>Ra\u00fal D\u00edaz<\/strong> y <strong>Aurora Parrilla<\/strong>.\n    <\/p>\n<p>                                    <script async src=\"\/\/www.instagram.com\/embed.js\"><\/script><\/p>\n","protected":false},"excerpt":{"rendered":"Los espectadores de MasterChef Celebrity 10 se llevaron una sorpresa el pasado lunes con la expulsi\u00f3nde Alejo Sauras.&hellip;\n","protected":false},"author":2,"featured_media":179267,"comment_status":"","ping_status":"","sticky":false,"template":"","format":"standard","meta":{"footnotes":""},"categories":[91],"tags":[50466,36699,8637,146,147,25,24,43820,9416,51074,5135,3088,518,23],"class_list":{"0":"post-179266","1":"post","2":"type-post","3":"status-publish","4":"format-standard","5":"has-post-thumbnail","7":"category-entretenimiento","8":"tag-alejo-sauras","9":"tag-causo","10":"tag-eliminacion","11":"tag-entertainment","12":"tag-entretenimiento","13":"tag-es","14":"tag-espana","15":"tag-extrana","16":"tag-laboral","17":"tag-masterchef-celebrity-10","18":"tag-motivo","19":"tag-parece","20":"tag-rtve","21":"tag-spain"},"share_on_mastodon":{"url":"","error":""},"_links":{"self":[{"href":"https:\/\/www.europesays.com\/es\/wp-json\/wp\/v2\/posts\/179266","targetHints":{"allow":["GET"]}}],"collection":[{"href":"https:\/\/www.europesays.com\/es\/wp-json\/wp\/v2\/posts"}],"about":[{"href":"https:\/\/www.europesays.com\/es\/wp-json\/wp\/v2\/types\/post"}],"author":[{"embeddable":true,"href":"https:\/\/www.europesays.com\/es\/wp-json\/wp\/v2\/users\/2"}],"replies":[{"embeddable":true,"href":"https:\/\/www.europesays.com\/es\/wp-json\/wp\/v2\/comments?post=179266"}],"version-history":[{"count":0,"href":"https:\/\/www.europesays.com\/es\/wp-json\/wp\/v2\/posts\/179266\/revisions"}],"wp:featuredmedia":[{"embeddable":true,"href":"https:\/\/www.europesays.com\/es\/wp-json\/wp\/v2\/media\/179267"}],"wp:attachment":[{"href":"https:\/\/www.europesays.com\/es\/wp-json\/wp\/v2\/media?parent=179266"}],"wp:term":[{"taxonomy":"category","embeddable":true,"href":"https:\/\/www.europesays.com\/es\/wp-json\/wp\/v2\/categories?post=179266"},{"taxonomy":"post_tag","embeddable":true,"href":"https:\/\/www.europesays.com\/es\/wp-json\/wp\/v2\/tags?post=179266"}],"curies":[{"name":"wp","href":"https:\/\/api.w.org\/{rel}","templated":true}]}}