{"id":179276,"date":"2025-10-15T21:20:07","date_gmt":"2025-10-15T21:20:07","guid":{"rendered":"https:\/\/www.europesays.com\/es\/179276\/"},"modified":"2025-10-15T21:20:07","modified_gmt":"2025-10-15T21:20:07","slug":"doble-victoria-para-la-unlam","status":"publish","type":"post","link":"https:\/\/www.europesays.com\/es\/179276\/","title":{"rendered":"doble victoria para la UNLaM"},"content":{"rendered":"<p>Luego del fin de semana pasado, en el que los resultados fueron negativos para la <strong>Universidad Nacional de La Matanza<\/strong> (UNLaM), en esta ocasi\u00f3n consiguieron festejar a la par. Con el objetivo puesto en terminar el <strong>Torneo Clausura<\/strong> de la <strong>FeMeBal<\/strong> entre los mejores ocho, ambas ramas consiguieron volver a la victoria. El s\u00e1bado pasado las damas se impusieron ante Laferrere B en el <strong>Microestadio de Usos M\u00faltiples<\/strong>, mientras que el domingo, los caballeros se impusieron ante la Municipalidad de Tres de Febrero.<\/p>\n<p>En primer lugar, las dirigidas por <strong>Lucas Roggero<\/strong> afrontaron el duelo matancero con la intenci\u00f3n de separarse del pelot\u00f3n de abajo. As\u00ed, sali\u00f3 con mucha intensidad en la primera mitad y, con una gran efectividad en ataque, se fue al descanso ganando 17-14. Para el complemento sinti\u00f3 la merma f\u00edsica y la visita ajust\u00f3 en defensa, aunque no pudo hacer lo mismo en fase ofensiva, por lo que el Verde mantuvo la ventaja para llevarse la victoria por <strong>31-27<\/strong>.<\/p>\n<p><strong>Ludmila Pr\u00edncipe<\/strong>, una de las goleadoras y de las piezas claves del plantel, volvi\u00f3 a sumar minutos considerables y anot\u00f3 ocho tantos. Con 21 puntos, la UNLaM escal\u00f3 hasta la media tabla, en la que se encuentran siete equipos en una diferencia de tres unidades. Este <strong>s\u00e1bado a las 18<\/strong> deber\u00e1 medirse ante <strong>Racing de Villa del Parque<\/strong> en el barrio porte\u00f1o.<\/p>\n<p>Luego, el equipo de <strong>Orlando Paz<\/strong> acab\u00f3 por cortar la mala racha de cinco derrotas consecutivas en el CEDEM de Caseros. Tras el comienzo irregular de semestre, de a poco va encontrando el funcionamiento fluido. Durante los primeros 30 minutos, la escuadra universitaria no pudo desactivar los avances del local y termin\u00f3 16-15 abajo. Sin embargo, para la segunda parte consigui\u00f3 neutralizar a su rival con una gran presi\u00f3n y r\u00e1pidamente tom\u00f3 distancia, para finalizar festejando los tres puntos tras un <strong>36-30<\/strong>.<\/p>\n<p><strong>Mart\u00edn Jald\u00edn<\/strong> sum\u00f3 ocho tantos, superando la l\u00ednea de los 50 en el torneo. Con 19 unidades, lleg\u00f3 al noveno lugar y, a falta de cinco fechas, tiene chances claras de meterse en los Playoffs por el ascenso. La siguiente jornada lo cruzar\u00e1 ante la <strong>Municipalidad de Vicente L\u00f3pez<\/strong> en las instalaciones de la Universidad, el pr\u00f3ximo <strong>domingo a las 16.15<\/strong>.<\/p>\n<p>\t\tContinue Reading<\/p>\n","protected":false},"excerpt":{"rendered":"Luego del fin de semana pasado, en el que los resultados fueron negativos para la Universidad Nacional de&hellip;\n","protected":false},"author":2,"featured_media":179277,"comment_status":"","ping_status":"","sticky":false,"template":"","format":"standard","meta":{"footnotes":""},"categories":[278],"tags":[376,20484,168,25,24,375,23,167,20485],"class_list":{"0":"post-179276","1":"post","2":"type-post","3":"status-publish","4":"format-standard","5":"has-post-thumbnail","7":"category-balonmano","8":"tag-balonmano","9":"tag-deporte-universitario-argentino","10":"tag-deportes","11":"tag-es","12":"tag-espana","13":"tag-handball","14":"tag-spain","15":"tag-sports","16":"tag-universidad-nacional-de-la-matanza"},"share_on_mastodon":{"url":"","error":""},"_links":{"self":[{"href":"https:\/\/www.europesays.com\/es\/wp-json\/wp\/v2\/posts\/179276","targetHints":{"allow":["GET"]}}],"collection":[{"href":"https:\/\/www.europesays.com\/es\/wp-json\/wp\/v2\/posts"}],"about":[{"href":"https:\/\/www.europesays.com\/es\/wp-json\/wp\/v2\/types\/post"}],"author":[{"embeddable":true,"href":"https:\/\/www.europesays.com\/es\/wp-json\/wp\/v2\/users\/2"}],"replies":[{"embeddable":true,"href":"https:\/\/www.europesays.com\/es\/wp-json\/wp\/v2\/comments?post=179276"}],"version-history":[{"count":0,"href":"https:\/\/www.europesays.com\/es\/wp-json\/wp\/v2\/posts\/179276\/revisions"}],"wp:featuredmedia":[{"embeddable":true,"href":"https:\/\/www.europesays.com\/es\/wp-json\/wp\/v2\/media\/179277"}],"wp:attachment":[{"href":"https:\/\/www.europesays.com\/es\/wp-json\/wp\/v2\/media?parent=179276"}],"wp:term":[{"taxonomy":"category","embeddable":true,"href":"https:\/\/www.europesays.com\/es\/wp-json\/wp\/v2\/categories?post=179276"},{"taxonomy":"post_tag","embeddable":true,"href":"https:\/\/www.europesays.com\/es\/wp-json\/wp\/v2\/tags?post=179276"}],"curies":[{"name":"wp","href":"https:\/\/api.w.org\/{rel}","templated":true}]}}