{"id":179278,"date":"2025-10-15T21:21:25","date_gmt":"2025-10-15T21:21:25","guid":{"rendered":"https:\/\/www.europesays.com\/es\/179278\/"},"modified":"2025-10-15T21:21:25","modified_gmt":"2025-10-15T21:21:25","slug":"el-circuito-de-andalucia-ha-sido-un-trampolin-fundamental-en-mi-carrera-sin-el-apenas-se-me-conoceria","status":"publish","type":"post","link":"https:\/\/www.europesays.com\/es\/179278\/","title":{"rendered":"El Circuito de Andaluc\u00eda ha sido un trampol\u00edn fundamental en mi carrera. Sin \u00e9l, apenas se me conocer\u00eda"},"content":{"rendered":"<p><strong>El novillero onubense hace un balance muy positivo de la temporada y confiesa sus ilusiones de cara a la final de la Liga Nacional de Novilladas<\/strong><\/p>\n<p>El <strong>Circuito de Andaluc\u00eda<\/strong> ha marcado un antes y un despu\u00e9s en en la carrera de Carlos Tirado, aport\u00e1ndole experiencias y visibilidad que han sido clave para darse a conocer. \u00abEsta temporada ha sido muy positiva, con numerosas actuaciones en las que he conseguido abrir la puerta grande en casi todos los compromisos\u00bb,<strong>\u00a0<\/strong>lo que convierte el balance en muy satisfactorio.<\/p>\n<p>Con la <strong>final de la Liga Nacional de Novilladas<\/strong> a la vuelta de la esquina, \u00ablo siento\u00a0pr\u00e1cticamente como un sue\u00f1o cumplido. Todo el trabajo y la preparaci\u00f3n que ven\u00eda realizando se ha materializado, y ahora su objetivo es disfrutar del 19 de octubre, permitiendo que el p\u00fablico tambi\u00e9n disfrute de la corrida, con la ilusi\u00f3n a\u00f1adida de poder ganar la final\u00bb El<strong> cartel<\/strong> presenta un gran\u00a0atractivo para el aficionado y es de alto nivel, con una ganader\u00eda de m\u00e1xima categor\u00eda, motivo por el cual \u00abinvito\u00a0a todos los aficionados a asistir y compartir la experiencia\u00bb.<\/p>\n<p>\u00abLa preparaci\u00f3n para la final ha sido intensa\u00bb, comenta tras asegurar que ha combinado la actividad en el campo con la continua <strong>preparaci\u00f3n <\/strong>de cara a las novilladas, lo que refleja la dedicaci\u00f3n y el esfuerzo que exige esta etapa. \u00abEste tipo de cert\u00e1menes funcionan como trampolines para los novilleros, especialmente por la repercusi\u00f3n que nos da la televisi\u00f3n, proporcionando el impulso necesario para avanzar con mi carrera\u00bb.<\/p>\n<p>El <strong>novillero de Ayamonte<\/strong>\u00a0ha sabido compaginar los toros con sus estudios, consciente de la importancia de tener un plan B y de c\u00f3mo esta disciplina aporta concentraci\u00f3n y madurez personal. Su admiraci\u00f3n se extiende a todos los que se enfrentan al toro, pero tiene un referente claro: \u00abel maestro Morante de la Puebla es mi m\u00e1ximo referente\u00bb finaliza.<\/p>\n","protected":false},"excerpt":{"rendered":"El novillero onubense hace un balance muy positivo de la temporada y confiesa sus ilusiones de cara a&hellip;\n","protected":false},"author":2,"featured_media":179279,"comment_status":"","ping_status":"","sticky":false,"template":"","format":"standard","meta":{"footnotes":""},"categories":[277],"tags":[373,168,25,24,23,167,374],"class_list":{"0":"post-179278","1":"post","2":"type-post","3":"status-publish","4":"format-standard","5":"has-post-thumbnail","7":"category-toreo","8":"tag-bullfighting","9":"tag-deportes","10":"tag-es","11":"tag-espana","12":"tag-spain","13":"tag-sports","14":"tag-toreo"},"share_on_mastodon":{"url":"","error":""},"_links":{"self":[{"href":"https:\/\/www.europesays.com\/es\/wp-json\/wp\/v2\/posts\/179278","targetHints":{"allow":["GET"]}}],"collection":[{"href":"https:\/\/www.europesays.com\/es\/wp-json\/wp\/v2\/posts"}],"about":[{"href":"https:\/\/www.europesays.com\/es\/wp-json\/wp\/v2\/types\/post"}],"author":[{"embeddable":true,"href":"https:\/\/www.europesays.com\/es\/wp-json\/wp\/v2\/users\/2"}],"replies":[{"embeddable":true,"href":"https:\/\/www.europesays.com\/es\/wp-json\/wp\/v2\/comments?post=179278"}],"version-history":[{"count":0,"href":"https:\/\/www.europesays.com\/es\/wp-json\/wp\/v2\/posts\/179278\/revisions"}],"wp:featuredmedia":[{"embeddable":true,"href":"https:\/\/www.europesays.com\/es\/wp-json\/wp\/v2\/media\/179279"}],"wp:attachment":[{"href":"https:\/\/www.europesays.com\/es\/wp-json\/wp\/v2\/media?parent=179278"}],"wp:term":[{"taxonomy":"category","embeddable":true,"href":"https:\/\/www.europesays.com\/es\/wp-json\/wp\/v2\/categories?post=179278"},{"taxonomy":"post_tag","embeddable":true,"href":"https:\/\/www.europesays.com\/es\/wp-json\/wp\/v2\/tags?post=179278"}],"curies":[{"name":"wp","href":"https:\/\/api.w.org\/{rel}","templated":true}]}}