{"id":179284,"date":"2025-10-15T21:25:12","date_gmt":"2025-10-15T21:25:12","guid":{"rendered":"https:\/\/www.europesays.com\/es\/179284\/"},"modified":"2025-10-15T21:25:12","modified_gmt":"2025-10-15T21:25:12","slug":"el-ciclista-enric-mas-pasa-por-quirofano-por-unas-formaciones-varicosas-en-su-pierna-izquierda","status":"publish","type":"post","link":"https:\/\/www.europesays.com\/es\/179284\/","title":{"rendered":"El ciclista Enric Mas pasa por quir\u00f3fano por unas \u00abformaciones varicosas\u00bb en su pierna izquierda"},"content":{"rendered":"<p class=\"c-paragraph\">El ciclista espa\u00f1ol<b> Enric Mas (Movistar Team<\/b>) fue operado este lunes de unas \u00abformaciones varicosas presentes en su pierna izquierda\u00bb, que le fueron detectadas el pasado mes de agosto y que se convirtieron en una \u00abtromboflebitis de posible origen post-traum\u00e1tico\u00bb, despu\u00e9s de su retirada en la etapa 18 del Tour de Francia y que terminaron con su temporada 2025.<\/p>\n<p class=\"c-paragraph\">\u00abEnric Mas fue intervenido satisfactoriamente en el d\u00eda de ayer de las formaciones varicosas presentes en su pierna izquierda. <b>La operaci\u00f3n se desarroll\u00f3 seg\u00fan lo previsto y sin incidencias<\/b>\u00ab, anunci\u00f3 este martes el Movistar Team en una publicaci\u00f3n en la red social &#8216;X&#8217;.<\/p>\n<p class=\"c-paragraph\">El pasado 5 de agosto ya se hizo p\u00fablico que el balear no podr\u00eda volver a competir en 2025 debido a una \u00abtromboflebitis en la pierna izquierda, de posible origen post-traum\u00e1tico\u00bb que le oblig\u00f3 a poner fin de forma prematura a su recorrido en el Tour de Francia. En ese momento, el diagn\u00f3stico se bas\u00f3 en \u00abel reposo y la ausencia de actividad f\u00edsica intensa\u00bb.<\/p>\n<p class=\"c-paragraph\">Tras la intervenci\u00f3n llevada a cabo este lunes, el ciclista de Art\u00e1 \u00abacudir\u00e1 a las revisiones m\u00e9dicas correspondientes\u00bb en los pr\u00f3ximos d\u00edas. En caso de tener una evoluci\u00f3n favorable, <b>Mas \u00abiniciar\u00e1 su preparaci\u00f3n invernal en las pr\u00f3ximas semanas\u00bb,<\/b> seg\u00fan explic\u00f3 el equipo, que tambi\u00e9n agradeci\u00f3 \u00abel inter\u00e9s y las muestras de apoyo recibidas\u00bb.<\/p>\n","protected":false},"excerpt":{"rendered":"El ciclista espa\u00f1ol Enric Mas (Movistar Team) fue operado este lunes de unas \u00abformaciones varicosas presentes en su&hellip;\n","protected":false},"author":2,"featured_media":179285,"comment_status":"","ping_status":"","sticky":false,"template":"","format":"standard","meta":{"footnotes":""},"categories":[273],"tags":[313,1757,312,168,4021,25,24,1179,3954,5043,23,167],"class_list":{"0":"post-179284","1":"post","2":"type-post","3":"status-publish","4":"format-standard","5":"has-post-thumbnail","7":"category-ciclismo","8":"tag-ciclismo","9":"tag-ciclista","10":"tag-cycling","11":"tag-deportes","12":"tag-enric","13":"tag-es","14":"tag-espana","15":"tag-mas","16":"tag-pasa","17":"tag-por","18":"tag-spain","19":"tag-sports"},"share_on_mastodon":{"url":"","error":""},"_links":{"self":[{"href":"https:\/\/www.europesays.com\/es\/wp-json\/wp\/v2\/posts\/179284","targetHints":{"allow":["GET"]}}],"collection":[{"href":"https:\/\/www.europesays.com\/es\/wp-json\/wp\/v2\/posts"}],"about":[{"href":"https:\/\/www.europesays.com\/es\/wp-json\/wp\/v2\/types\/post"}],"author":[{"embeddable":true,"href":"https:\/\/www.europesays.com\/es\/wp-json\/wp\/v2\/users\/2"}],"replies":[{"embeddable":true,"href":"https:\/\/www.europesays.com\/es\/wp-json\/wp\/v2\/comments?post=179284"}],"version-history":[{"count":0,"href":"https:\/\/www.europesays.com\/es\/wp-json\/wp\/v2\/posts\/179284\/revisions"}],"wp:featuredmedia":[{"embeddable":true,"href":"https:\/\/www.europesays.com\/es\/wp-json\/wp\/v2\/media\/179285"}],"wp:attachment":[{"href":"https:\/\/www.europesays.com\/es\/wp-json\/wp\/v2\/media?parent=179284"}],"wp:term":[{"taxonomy":"category","embeddable":true,"href":"https:\/\/www.europesays.com\/es\/wp-json\/wp\/v2\/categories?post=179284"},{"taxonomy":"post_tag","embeddable":true,"href":"https:\/\/www.europesays.com\/es\/wp-json\/wp\/v2\/tags?post=179284"}],"curies":[{"name":"wp","href":"https:\/\/api.w.org\/{rel}","templated":true}]}}