{"id":179287,"date":"2025-10-15T21:27:16","date_gmt":"2025-10-15T21:27:16","guid":{"rendered":"https:\/\/www.europesays.com\/es\/179287\/"},"modified":"2025-10-15T21:27:16","modified_gmt":"2025-10-15T21:27:16","slug":"la-opinion-de-zeljko-obradovic-sobre-el-proyecto-de-nba-europa","status":"publish","type":"post","link":"https:\/\/www.europesays.com\/es\/179287\/","title":{"rendered":"La opini\u00f3n de Zeljko Obradovic sobre el proyecto de NBA Europa"},"content":{"rendered":"<p><strong>Zeljko Obradovic\u00a0<\/strong>ha pasado por los micr\u00f3fonos de <a href=\"https:\/\/www.marca.com\/radio\/2025\/10\/15\/obradovic-apaga-sueno-nba-europa-me-gusta.html\" rel=\"nofollow noopener\" target=\"_blank\">Radio MARCA<\/a> en la previa del Real Madrid \u2013 Partizan Belgrado que se va a disputar en la Euroliga. Una entrevista en la que Zeljko ha hablado, entre otros temas, sobre el proyecto de NBA Europa del que recientemente la Euroliga <a href=\"https:\/\/www.gigantes.com\/euroliga\/comunicado-euroliga-fiba-nba-octubre\/\" rel=\"nofollow noopener\" target=\"_blank\">emiti\u00f3 un comunicado<\/a> tras reunirse con la propia NBA y FIBA.<\/p>\n<p>Estas fueron sus palabras:<\/p>\n<p>\u00abNo me gusta nada (el proyecto de NBA Europa) porque creo que nosotros tenemos aqu\u00ed una gran competici\u00f3n y deber\u00edamos seguir creyendo en este proyecto y que fuese cada a\u00f1o mejor. Creo que el futuro del baloncesto en Europa est\u00e1 en la Euroliga.<\/p>\n<p>Es la mejor competici\u00f3n que hay desde la NBA, eso es lo que quiere ver la gente. La calidad en la gente creo que hay en todos los equipos y como es normal todos aspiran a estar entre los 8 mejores. F\u00edjate qu\u00e9 dif\u00edcil es la competici\u00f3n.<\/p>\n<p>Hace 5 a\u00f1os cuando regres\u00e9 al Partizan ten\u00eda claro que deb\u00edamos intentar todo para estar siempre en la Euroliga. Tenemos este contrato de 3 a\u00f1os con ellos y estoy muy contento por toda la gente que trabaja conmigo en el club y por nuestra afici\u00f3n que es la mejor de Europa porque son m\u00e1s de 20.000 personas y tenemos siempre el pabell\u00f3n lleno. Hemos hecho un equipo que creo que puede luchar hasta el final. \u00bfHasta d\u00f3nde podemos llegar? Esa es la pregunta que nos hacemos siempre.<\/p>\n<p style=\"text-align: right;\">Foto:<\/p>\n<p><img decoding=\"async\" src=\"https:\/\/www.europesays.com\/es\/wp-content\/uploads\/2025\/10\/1760563633_707_mtracking.gif\" alt=\"Etiquetas de Mautic\" style=\"display:none;\"\/><\/p>\n<p><a href=\"https:\/\/www.gigantes.com\/tienda\/hemeroteca\/guia-nba-2025-26-no-1-561-octubre-2025\/\" rel=\"nofollow noopener\" target=\"_blank\"><img loading=\"lazy\" decoding=\"async\" class=\"aligncenter wp-image-761455 size-large\" src=\"https:\/\/www.europesays.com\/es\/wp-content\/uploads\/2025\/10\/INSTAGRAM-2-1024x1024.jpg.webp.webp\" alt=\"Gu\u00eda NBA\" width=\"680\" height=\"680\"  \/><\/a><\/p>\n<p>\t\t\t\t\t<img loading=\"lazy\" decoding=\"async\" src=\"https:\/\/www.europesays.com\/es\/wp-content\/uploads\/2025\/10\/mano.png\" width=\"60\" height=\"60\" alt=\"Deliza hacia abajo\"\/>Sigue deslizando hacia abajo para ver m\u00e1s contenidos<\/p>\n","protected":false},"excerpt":{"rendered":"Zeljko Obradovic\u00a0ha pasado por los micr\u00f3fonos de Radio MARCA en la previa del Real Madrid \u2013 Partizan Belgrado&hellip;\n","protected":false},"author":2,"featured_media":179288,"comment_status":"","ping_status":"","sticky":false,"template":"","format":"standard","meta":{"footnotes":""},"categories":[269],"tags":[299,298,168,25,24,9744,23,167,51075],"class_list":{"0":"post-179287","1":"post","2":"type-post","3":"status-publish","4":"format-standard","5":"has-post-thumbnail","7":"category-baloncesto","8":"tag-baloncesto","9":"tag-basketball","10":"tag-deportes","11":"tag-es","12":"tag-espana","13":"tag-nba-europa","14":"tag-spain","15":"tag-sports","16":"tag-zeljko-obradovic"},"share_on_mastodon":{"url":"","error":""},"_links":{"self":[{"href":"https:\/\/www.europesays.com\/es\/wp-json\/wp\/v2\/posts\/179287","targetHints":{"allow":["GET"]}}],"collection":[{"href":"https:\/\/www.europesays.com\/es\/wp-json\/wp\/v2\/posts"}],"about":[{"href":"https:\/\/www.europesays.com\/es\/wp-json\/wp\/v2\/types\/post"}],"author":[{"embeddable":true,"href":"https:\/\/www.europesays.com\/es\/wp-json\/wp\/v2\/users\/2"}],"replies":[{"embeddable":true,"href":"https:\/\/www.europesays.com\/es\/wp-json\/wp\/v2\/comments?post=179287"}],"version-history":[{"count":0,"href":"https:\/\/www.europesays.com\/es\/wp-json\/wp\/v2\/posts\/179287\/revisions"}],"wp:featuredmedia":[{"embeddable":true,"href":"https:\/\/www.europesays.com\/es\/wp-json\/wp\/v2\/media\/179288"}],"wp:attachment":[{"href":"https:\/\/www.europesays.com\/es\/wp-json\/wp\/v2\/media?parent=179287"}],"wp:term":[{"taxonomy":"category","embeddable":true,"href":"https:\/\/www.europesays.com\/es\/wp-json\/wp\/v2\/categories?post=179287"},{"taxonomy":"post_tag","embeddable":true,"href":"https:\/\/www.europesays.com\/es\/wp-json\/wp\/v2\/tags?post=179287"}],"curies":[{"name":"wp","href":"https:\/\/api.w.org\/{rel}","templated":true}]}}