{"id":179291,"date":"2025-10-15T21:29:09","date_gmt":"2025-10-15T21:29:09","guid":{"rendered":"https:\/\/www.europesays.com\/es\/179291\/"},"modified":"2025-10-15T21:29:09","modified_gmt":"2025-10-15T21:29:09","slug":"el-video-de-su-llegada-a-villanubla","status":"publish","type":"post","link":"https:\/\/www.europesays.com\/es\/179291\/","title":{"rendered":"el video de su llegada a Villanubla"},"content":{"rendered":"<p class=\"paragraph\">Con cierta premura, incluso antes de lo previsto, pero <b>Antonio Banderas ya est\u00e1 en Valladolid a tres d\u00edas de que se celebre la <a href=\"https:\/\/www.diariodevalladolid.es\/valladolid\/250718\/272760\/lujosa-bodega-ribera-hija-antonio-banderas-melanie-griffith-valladolid.html\" target=\"_blank\" rel=\"nofollow noopener\">boda de su hija Stella del Carmen<\/a><\/b>. As\u00ed se puede vislumbrar en un video conseguido por este peri\u00f3dico en el que se ve al actor a la salida del aeropuerto de Villanubla en disposici\u00f3n de coger un transfer privado, tal vez para poner direcci\u00f3n a Sard\u00f3n de Duero para vislumbrar los preparativos de la ceremonia en la<b><a href=\"https:\/\/www.diariodevalladolid.es\/valladolid\/250925\/275238\/majestuosa-bodega-ribera-duero-prepara-boda-hija-banderas-fecha-e-invitados.html\" target=\"_blank\" rel=\"nofollow noopener\"> bodega de Abad\u00eda Retuerta<\/a><\/b>.<\/p>\n<p class=\"paragraph\">Ni rastro de fans ni paparazzi, el actor malague\u00f1o desembarc\u00f3 en un jet privado en la provincia vallisoletana a las 13.15 horas de este mi\u00e9rcoles, con un atuendo escaso de inc\u00f3gnita con el que se lo pod\u00eda reconocer a varios metros de distancia. Y, adem\u00e1s, seg\u00fan las im\u00e1genes se puede apreciar que viajaba<b> en solitario<\/b>, sin la compa\u00f1\u00eda de su exmujer <b>Melanie Griffith<\/b> o de su hija, quien se dar\u00e1 el \u00abs\u00ed, quiero\u00bb con\u00a0<b>Alex Gruszynski <\/b>este s\u00e1bado en la Milla de Oro de la Ribera del Duero.<\/p>\n<p>            <a href=\"#\" title=\"\"><\/p>\n<p>                    <img loading=\"lazy\" decoding=\"async\" data-index=\"\" width=\"140\" height=\"140\" alt=\"Imagen del Hotel Abad\u00eda Retuerta LeDomaine en Sard\u00f3n del Duero (Valladolid)\" data-full=\"[object Object]\" data-original=\"[object Object]\" src=\"https:\/\/imagenes.diariodevalladolid.es\/files\/related_image\/files\/fp\/uploads\/2024\/04\/29\/662fdc36dfa5e.r_d.549-712.jpeg\" data-full-src=\"https:\/\/www.europesays.com\/es\/wp-content\/uploads\/2025\/10\/662fdc36dfa5e.jpeg\"\/><\/p>\n<p>            <\/a><\/p>\n<p class=\"paragraph\">De esta forma, Antonio Banderas supone el primer invitado de gran escala que llega a Valladolid para vivir el que ser\u00e1 el evento del a\u00f1o\u00a0con mayor repercusi\u00f3n mundial y del que, adem\u00e1s, contar\u00e1 con un rol importante al ser el<b> padrino del futuro enlace matrimonial<\/b>. Tal vez de ese relevante cometido nazca su premura de haber viajado tres d\u00edas antes de la boda hasta la provincia vallisoletana, para el que sea un d\u00eda de orgullo en su vida personal salga redondo.\u00a0<\/p>\n<p class=\"paragraph\">Y es que a la estrella de Hollywood todo lo que le ha salido de la boca desde que anunci\u00f3 el casamiento son buenas palabras, incluso cuando se trata de Valladolid y no de M\u00e1laga el sitio que acoger\u00e1 el evento. A pesar de ello, el actor <b>se mostr\u00f3 \u00abmuy orgulloso\u00bb de que su hija, \u00abmuy andaluza, muy de M\u00e1laga\u00bb, se case en Espa\u00f1a<\/b>.\u00a0<a href=\"https:\/\/www.diariodevalladolid.es\/valladolid\/251004\/275526\/hija-banderas-habla-boda-hollywoodiense-valladolid-feliz-nervios-logicos.html\" target=\"_blank\" rel=\"nofollow noopener\">\u00abEs su manera de recolectar de sus ra\u00edces y de compartir su tierra con su futuro marido\u00bb<\/a>, afirm\u00f3 en declaraciones a la revista \u00a1HOLA!.<\/p>\n","protected":false},"excerpt":{"rendered":"Con cierta premura, incluso antes de lo previsto, pero Antonio Banderas ya est\u00e1 en Valladolid a tres d\u00edas&hellip;\n","protected":false},"author":2,"featured_media":179292,"comment_status":"","ping_status":"","sticky":false,"template":"","format":"standard","meta":{"footnotes":""},"categories":[174],"tags":[3083,255,146,147,25,24,256,23,1607],"class_list":{"0":"post-179291","1":"post","2":"type-post","3":"status-publish","4":"format-standard","5":"has-post-thumbnail","7":"category-famosos","8":"tag-antonio-banderas","9":"tag-celebrities","10":"tag-entertainment","11":"tag-entretenimiento","12":"tag-es","13":"tag-espana","14":"tag-famosos","15":"tag-spain","16":"tag-valladolid"},"share_on_mastodon":{"url":"","error":""},"_links":{"self":[{"href":"https:\/\/www.europesays.com\/es\/wp-json\/wp\/v2\/posts\/179291","targetHints":{"allow":["GET"]}}],"collection":[{"href":"https:\/\/www.europesays.com\/es\/wp-json\/wp\/v2\/posts"}],"about":[{"href":"https:\/\/www.europesays.com\/es\/wp-json\/wp\/v2\/types\/post"}],"author":[{"embeddable":true,"href":"https:\/\/www.europesays.com\/es\/wp-json\/wp\/v2\/users\/2"}],"replies":[{"embeddable":true,"href":"https:\/\/www.europesays.com\/es\/wp-json\/wp\/v2\/comments?post=179291"}],"version-history":[{"count":0,"href":"https:\/\/www.europesays.com\/es\/wp-json\/wp\/v2\/posts\/179291\/revisions"}],"wp:featuredmedia":[{"embeddable":true,"href":"https:\/\/www.europesays.com\/es\/wp-json\/wp\/v2\/media\/179292"}],"wp:attachment":[{"href":"https:\/\/www.europesays.com\/es\/wp-json\/wp\/v2\/media?parent=179291"}],"wp:term":[{"taxonomy":"category","embeddable":true,"href":"https:\/\/www.europesays.com\/es\/wp-json\/wp\/v2\/categories?post=179291"},{"taxonomy":"post_tag","embeddable":true,"href":"https:\/\/www.europesays.com\/es\/wp-json\/wp\/v2\/tags?post=179291"}],"curies":[{"name":"wp","href":"https:\/\/api.w.org\/{rel}","templated":true}]}}