{"id":17930,"date":"2025-08-01T06:36:08","date_gmt":"2025-08-01T06:36:08","guid":{"rendered":"https:\/\/www.europesays.com\/es\/17930\/"},"modified":"2025-08-01T06:36:08","modified_gmt":"2025-08-01T06:36:08","slug":"liga-arc-1-cinco-regatas-para-amarrar-el-play-off","status":"publish","type":"post","link":"https:\/\/www.europesays.com\/es\/17930\/","title":{"rendered":"Liga ARC-1 | Cinco regatas para amarrar el \u2018play-off\u2019"},"content":{"rendered":"<p>\n        <a href=\"https:\/\/www.deia.eus\/tags\/arkote\/\" title=\"Arkote\" class=\"link copy\" rel=\"nofollow noopener\" target=\"_blank\">Arkote<\/a><strong> afronta el rush final de la liga muy bien situado en la clasificaci\u00f3<\/strong>n, segundo<strong> a siete puntos de Santurtzi y seis por delante de Zarautz, su gran rival en la lucha por lograr una de las dos plazas que otorgan la posibilidad de disputar el play-off de ascenso a la <\/strong><a href=\"https:\/\/www.deia.eus\/tags\/eusko-label-liga\/\" title=\"Eusko Label Liga\" class=\"link copy\" rel=\"nofollow noopener\" target=\"_blank\"><strong>Eusko Label Liga<\/strong><\/a><strong> a final de temporada<\/strong>. Las dolorosas experiencias vividas en las tres \u00faltimas temporadas en las que la Plentzitarra se qued\u00f3 a las puertas de remar en las regatas de promoci\u00f3n les hacen afrontar con las orejas tiesas las cinco \u00faltimas regatas de la liga ARC-1. <strong>Jon Intxaurtieta, remero y marca de babor de la trainera de Plentzia, apuesta por las opciones de su equipo y conf\u00eda en dar otro salto de calidad en el sprint final de la temporada.<\/strong>\n<\/p>\n<p class=\"article-body__text \">\n        <strong>La trainera de Plentzia sum\u00f3 doce puntos de oro en la \u00faltima jornada de liga tras imponerse en la bandera de Santurtzi. \u201cEstamos yendo de menos a m\u00e1s durante la temporada y la consecuci\u00f3n de la segunda bandera de la temporada corrobora esa trayectoria ascendente<\/strong>\u201d, asegura el remero plentzitarra. La Plentzitarra supo aprovechar las bondades que presentaba su calle para imponerse a sus rivales<strong>. \u201cEn la anterior regata en la R\u00eda nos toc\u00f3 remar por la calle tres con la marea bajando y terminamos s\u00e9ptimos perdiendo seis puntos con Santurtzi y cinco con Zarautz. El domingo el sorteo nos depar\u00f3 una calle m\u00e1s favorable y la tratamos de aprovechar al m\u00e1ximo para revertir aquel resultado negativo. Hemos hecho justicia<\/strong>\u201d, se congratula.\n<\/p>\n<p class=\"article-body__text \">\n        Disputadas las diez primeras jornadas de la liga ARC-1, <strong>Arkote se sit\u00faa segundo en la clasificaci\u00f3n general, a siete puntos de Santurtzi y seis por delante de Zarautz. <\/strong>El objetivo primordial de la escuadra que dirige Gorka Etxeberria pasa por finalizar la liga en puestos de play-off. \u201cGanar la liga ser\u00eda muy bonito pero el premio es el mismo para el primero que para el segundo. Ahora mismo nuestro objetivo es consolidarnos en la zona de play-off.<strong> Todav\u00eda quedan campos peligrosos y queremos seguir dando pasos para, en principio, afianzar el segundo puesto\u201d, afirma Intxaurtieta.<\/strong>\n<\/p>\n<p>  <strong>Colch\u00f3n de seis puntos <\/strong><\/p>\n<p class=\"article-body__text \">\n        <strong>La trainera de Plentzia dispone de un colch\u00f3n de seis puntos sobre el tercer clasificado, Zarautz<\/strong>, pero todav\u00eda restan por disputar cinco regatas que podr\u00edan alterar de manera importante la configuraci\u00f3n de la clasificaci\u00f3n. <strong>\u201cAntes de empezar la temporada todos habr\u00edamos firmado estar a estas alturas de temporada con una renta de seis puntos sobre el tercero. No obstante, con lo sucedido las tres \u00faltimas campa\u00f1as, la experiencia nos dice que no podemos confiarnos\u201d, apunta el remero plentzitar<\/strong>ra. \u201cEstamos con muchas ganas \u2013a\u00f1ade\u2013 y en principio vamos a salir a ganar banderas, y a intentar seguir mejorando y mirar hacia arriba. Creo que es la mejor manera de distanciarnos del tercero, porque si est\u00e1s siempre mirando hacia atr\u00e1s, al final pueden pasar cosas\u201d, advierte.\n<\/p>\n<p class=\"article-body__text \">\n        <strong>Los dos primeros puestos de la liga ARC-1 que dan acceso a disputar el play-off de ascenso a la <\/strong><a href=\"\" title=\"Eusko Label Liga\" class=\"link copy\"><strong>Eusko Label Liga<\/strong><\/a><strong> son cosa de tres clubes: Santurtzi, Arkote y Zarautz. <\/strong>Tras la descalificaci\u00f3n de Zumaia por abordaje sobre Astillero en la regata de Santurtzi, el cuarto clasificado, Lapurdi, se sit\u00faa a 22 puntos del segundo puesto. <strong>\u201cA d\u00eda de hoy Santurtzi est\u00e1 un puntito por encima en puntos y en victorias. Todo apunta a que Zarautz y nosotros nos jugaremos la segunda plaza del play-off\u201d.<\/strong>\n<\/p>\n<p class=\"article-body__text \">\n        Restan por disputarse cinco pruebas hasta la conclusi\u00f3n de la liga ARC-1 el pr\u00f3ximo 23 de agosto en Bilbao. Tres de ellas, Hondarribia, Castro y Zarautz, se disputar\u00e1n en mar y dos de ellas en aguas tranquilas, en Camargo y Bilbao. \u201cT<strong>odas las regatas son complicadas. En Hondarribia, el a\u00f1o pasado, sin ir m\u00e1s lejos, est\u00e1bamos en posiciones de play-off y ese d\u00eda se torci\u00f3 todo lo que se pod\u00eda torcer, no acertamos en nada y perdimos muchos puntos. Vamos con las orejas tiesas, ojo avizor. Tenemos ganas de seguir haci\u00e9ndolo bien y asegurar ese play-off del que hemos estado tan cerca las \u00faltimas temporadas\u201d, asevera Jon Intxaurtieta.<\/strong>\n<\/p>\n<p class=\"article-body__text \">\n        A principios de a\u00f1o, el nivel mostrado por Arkote en las regatas de pretemporada no auguraba nada positivo.<strong> \u201cNuestro entrenador nos advirti\u00f3 que nuestra preparaci\u00f3n durante el invierno iba a ser un poco diferente, por diversas circunstancias, y que no nos alarm\u00e1ramos por los resultados en las regatas de pretemporada. Todo el equipo ha confiado en lo que nos dijo, hemos entrenado a tope confiando en \u00e9l y los resultados est\u00e1n empezando a llegar ahora<\/strong>\u201d, se congratula el remero de Arkote. <strong>\u201cNo nos conformamos. Creo que todav\u00eda tenemos un poquito de margen para dar otro saltito y pelear por todo lo que podamos\u201d, sentencia el marca de babor de la trainera de Plentzia. <\/strong><\/p>\n","protected":false},"excerpt":{"rendered":"Arkote afronta el rush final de la liga muy bien situado en la clasificaci\u00f3n, segundo a siete puntos&hellip;\n","protected":false},"author":2,"featured_media":17931,"comment_status":"","ping_status":"","sticky":false,"template":"","format":"standard","meta":{"footnotes":""},"categories":[269],"tags":[11393,299,298,5810,168,25,24,11396,11397,1044,11395,11394,11392,23,167],"class_list":{"0":"post-17930","1":"post","2":"type-post","3":"status-publish","4":"format-standard","5":"has-post-thumbnail","7":"category-baloncesto","8":"tag-amarrar","9":"tag-baloncesto","10":"tag-basketball","11":"tag-cinco","12":"tag-deportes","13":"tag-es","14":"tag-espana","15":"tag-eusko","16":"tag-label","17":"tag-liga","18":"tag-off","19":"tag-play","20":"tag-regatas","21":"tag-spain","22":"tag-sports"},"share_on_mastodon":{"url":"","error":""},"_links":{"self":[{"href":"https:\/\/www.europesays.com\/es\/wp-json\/wp\/v2\/posts\/17930","targetHints":{"allow":["GET"]}}],"collection":[{"href":"https:\/\/www.europesays.com\/es\/wp-json\/wp\/v2\/posts"}],"about":[{"href":"https:\/\/www.europesays.com\/es\/wp-json\/wp\/v2\/types\/post"}],"author":[{"embeddable":true,"href":"https:\/\/www.europesays.com\/es\/wp-json\/wp\/v2\/users\/2"}],"replies":[{"embeddable":true,"href":"https:\/\/www.europesays.com\/es\/wp-json\/wp\/v2\/comments?post=17930"}],"version-history":[{"count":0,"href":"https:\/\/www.europesays.com\/es\/wp-json\/wp\/v2\/posts\/17930\/revisions"}],"wp:featuredmedia":[{"embeddable":true,"href":"https:\/\/www.europesays.com\/es\/wp-json\/wp\/v2\/media\/17931"}],"wp:attachment":[{"href":"https:\/\/www.europesays.com\/es\/wp-json\/wp\/v2\/media?parent=17930"}],"wp:term":[{"taxonomy":"category","embeddable":true,"href":"https:\/\/www.europesays.com\/es\/wp-json\/wp\/v2\/categories?post=17930"},{"taxonomy":"post_tag","embeddable":true,"href":"https:\/\/www.europesays.com\/es\/wp-json\/wp\/v2\/tags?post=17930"}],"curies":[{"name":"wp","href":"https:\/\/api.w.org\/{rel}","templated":true}]}}