{"id":179312,"date":"2025-10-15T21:41:14","date_gmt":"2025-10-15T21:41:14","guid":{"rendered":"https:\/\/www.europesays.com\/es\/179312\/"},"modified":"2025-10-15T21:41:14","modified_gmt":"2025-10-15T21:41:14","slug":"el-gobierno-modificara-la-subida-de-cuotas-de-los-autonomos-tras-la-oleada-de-criticas","status":"publish","type":"post","link":"https:\/\/www.europesays.com\/es\/179312\/","title":{"rendered":"El Gobierno modificar\u00e1 la subida de cuotas de los aut\u00f3nomos tras la oleada de cr\u00edticas"},"content":{"rendered":"<p>El Gobierno recula en su <a href=\"https:\/\/www.diariovasco.com\/economia\/trabajo\/gobierno-propone-subida-cuotas-autonomos-200-euros-20251013154418-ntrc.html\" target=\"_blank\" data-voc-vtm-id=\"in-text-traffic\" title=\"propuesta de subida de las cuotas\" rel=\"nofollow noopener\">propuesta de subida de las cuotas<\/a> de la Seguridad Social de los aut\u00f3nomos para 2026. \u00abPido tranquilidad y sosiego\u00bb,  &#8230; afirm\u00f3 esta ma\u00f1ana Elma Saiz, ministra de Inclusi\u00f3n, Seguridad Social y Migraciones, en el Congreso de los Diputados. \u00abTodas las reformas que est\u00e1n encima de la mesa del di\u00e1logo social requieren de una reflexi\u00f3n y de escuchar, y eso es lo que estamos haciendo desde el Ministerio\u00bb, a\u00f1adi\u00f3.<\/p>\n<p class=\"v-p\">De momento, las palabras que han escuchado han sido \u00absablazo\u00bb, \u00aberror\u00bb, \u00abno merecen vivir estrangulados\u00bb y \u00abno daremos ni un solo voto\u00bb. Estas han sido las declaraciones de la Asociaci\u00f3n de Trabajadores Aut\u00f3nomos (ATA) y de diferentes formaciones pol\u00edticas, desde la oposici\u00f3n hasta los socios de investidura y <a href=\"https:\/\/www.diariovasco.com\/economia\/trabajo\/psoe-queda-solo-propuesta-subir-cuota-autonomos-20251014163257-ntrc.html\" target=\"_blank\" data-voc-vtm-id=\"in-text-traffic\" title=\"compa\u00f1eros del Consejo de Ministros\" rel=\"nofollow noopener\">compa\u00f1eros del Consejo de Ministros<\/a>.<\/p>\n<p class=\"v-p\">As\u00ed, dos d\u00edas despu\u00e9s de presentar la reforma que eleva los pagos mensuales de los trabajadores por cuenta propia entre 11 y 206 euros, en funci\u00f3n de cu\u00e1l sea su nivel de ingresos, Saiz paraliza los cambios. \u00abVamos a dejar tiempo y vamos a analizar\u00bb, expres\u00f3 la ministra desde la tribuna de la C\u00e1mara Baja. La titular del ramo defendi\u00f3 que la propuesta es la que \u00abya se acord\u00f3 y se vot\u00f3\u00bb y pidi\u00f3 a la oposici\u00f3n \u00abmenos hipocres\u00eda, porque ellos fueron los primeros que lo votaron\u00bb.<\/p>\n<p class=\"v-p\">En 2022, el Gobierno estableci\u00f3 un sistema de cotizaciones por tramos para que, poco a poco, los aut\u00f3nomos vayan acercando lo que pagan en sus cuotas a sus ingresos reales. Con estas medidas \u2014aseguran sus promotores\u2014 se reforzar\u00eda el sistema de pensiones y, al mismo tiempo, los aut\u00f3nomos tendr\u00edan derecho a prestaciones m\u00e1s elevadas, aunque a costa de un mayor esfuerzo fiscal del que hacen actualmente. \u00abSe ratific\u00f3 en una ley, que por cierto sali\u00f3 gracias a los votos a favor del PP\u00bb, recalcan fuentes del departamento de Saiz.<\/p>\n<p class=\"v-p\">Esta reforma se centr\u00f3 en el sistema de cotizaci\u00f3n que introdujo un nuevo m\u00e9todo para cotizar seg\u00fan los ingresos reales, divididos en quince tramos, con un per\u00edodo de transici\u00f3n hasta este a\u00f1o. Adem\u00e1s, se produjeron incrementos en las bases m\u00e1ximas y m\u00ednimas de cotizaci\u00f3n y se revisaron los l\u00edmites de edad para elegir la base de cotizaci\u00f3n.<\/p>\n<p class=\"v-p\">En su intervenci\u00f3n, Saiz record\u00f3 que antes de esta reforma el 85% de los aut\u00f3nomos cotizaban por la base m\u00ednima, un factor que luego \u00abarrojaba una importante desprotecci\u00f3n social\u00bb que se traduc\u00eda, por ejemplo, en pensiones 650 euros m\u00e1s bajas de media en comparaci\u00f3n con un asalariado, advierten desde su departamento. \u00abEso se corrige cotizando por lo que se cobra exactamente, como hace el resto de los trabajadores de este pa\u00eds. Es una reivindicaci\u00f3n hist\u00f3rica del colectivo de aut\u00f3nomos\u00bb, apostill\u00f3 la ministra.<\/p>\n<p class=\"v-p\">Adem\u00e1s, Saiz insisti\u00f3 en que, m\u00e1s all\u00e1 de la subida de cuotas, se han planteado otras medidas que refuerzan las prestaciones de los aut\u00f3nomos, como la prestaci\u00f3n por cese de actividad, popularmente conocida como \u00abel paro de los aut\u00f3nomos\u00bb, una ayuda que las organizaciones sectoriales denuncian que no llega de forma suficiente al colectivo.<\/p>\n<p class=\"v-p\">La propuesta de Seguridad Social, se\u00f1alan sus promotores, se trata de \u00abun reconocimiento m\u00e1s r\u00e1pido y homog\u00e9neo, evitando diferencias entre mutuas, para facilitar el acceso a la prestaci\u00f3n\u00bb. Sin embargo, para los representantes de los aut\u00f3nomos \u00abnada cambia\u00bb \u2014en palabras del presidente de ATA\u2014 y supondr\u00eda que se deniegue esta prestaci\u00f3n en un 40% o 50%, frente al 60% actual. La medida no content\u00f3 a los representantes en la mesa de di\u00e1logo social. Lorenzo Amor, presidente de ATA, la calific\u00f3 de \u00abbluf\u00bb. M\u00e1s receptivo, no obstante, se mostr\u00f3 Eduardo Abad, presidente de UPTA, quien ve \u00abmodificaciones sustanciales\u00bb, aunque indic\u00f3 que su organizaci\u00f3n enviar\u00e1 esta misma semana su propuesta para mejorar el documento proporcionado por el Ministerio para su posterior debate.<\/p>\n","protected":false},"excerpt":{"rendered":"El Gobierno recula en su propuesta de subida de las cuotas de la Seguridad Social de los aut\u00f3nomos&hellip;\n","protected":false},"author":2,"featured_media":179313,"comment_status":"","ping_status":"","sticky":false,"template":"","format":"standard","meta":{"footnotes":""},"categories":[8],"tags":[44159,17,18,6621,50312,25,24,13,14,582,11,19,20,51079,9,10,15,16,25362,23,12083,12,575,21,22],"class_list":{"0":"post-179312","1":"post","2":"type-post","3":"status-publish","4":"format-standard","5":"has-post-thumbnail","7":"category-espana","8":"tag-autonomos","9":"tag-breaking-news","10":"tag-breakingnews","11":"tag-criticas","12":"tag-cuotas","13":"tag-es","14":"tag-espana","15":"tag-featured-news","16":"tag-featurednews","17":"tag-gobierno","18":"tag-headlines","19":"tag-latest-news","20":"tag-latestnews","21":"tag-modificara","22":"tag-news","23":"tag-noticias","24":"tag-noticias-destacadas","25":"tag-noticiasdestacadas","26":"tag-oleada","27":"tag-spain","28":"tag-subida","29":"tag-titulares","30":"tag-tras","31":"tag-ultimas-noticias","32":"tag-ultimasnoticias"},"share_on_mastodon":{"url":"","error":""},"_links":{"self":[{"href":"https:\/\/www.europesays.com\/es\/wp-json\/wp\/v2\/posts\/179312","targetHints":{"allow":["GET"]}}],"collection":[{"href":"https:\/\/www.europesays.com\/es\/wp-json\/wp\/v2\/posts"}],"about":[{"href":"https:\/\/www.europesays.com\/es\/wp-json\/wp\/v2\/types\/post"}],"author":[{"embeddable":true,"href":"https:\/\/www.europesays.com\/es\/wp-json\/wp\/v2\/users\/2"}],"replies":[{"embeddable":true,"href":"https:\/\/www.europesays.com\/es\/wp-json\/wp\/v2\/comments?post=179312"}],"version-history":[{"count":0,"href":"https:\/\/www.europesays.com\/es\/wp-json\/wp\/v2\/posts\/179312\/revisions"}],"wp:featuredmedia":[{"embeddable":true,"href":"https:\/\/www.europesays.com\/es\/wp-json\/wp\/v2\/media\/179313"}],"wp:attachment":[{"href":"https:\/\/www.europesays.com\/es\/wp-json\/wp\/v2\/media?parent=179312"}],"wp:term":[{"taxonomy":"category","embeddable":true,"href":"https:\/\/www.europesays.com\/es\/wp-json\/wp\/v2\/categories?post=179312"},{"taxonomy":"post_tag","embeddable":true,"href":"https:\/\/www.europesays.com\/es\/wp-json\/wp\/v2\/tags?post=179312"}],"curies":[{"name":"wp","href":"https:\/\/api.w.org\/{rel}","templated":true}]}}