{"id":179318,"date":"2025-10-15T21:44:08","date_gmt":"2025-10-15T21:44:08","guid":{"rendered":"https:\/\/www.europesays.com\/es\/179318\/"},"modified":"2025-10-15T21:44:08","modified_gmt":"2025-10-15T21:44:08","slug":"morante-de-la-puebla-david-de-miranda-y-buenasuerte-el-toro-de-oro-de-garcigrande-son-premiados-por-la-pena-cultural-taurina-salmantina","status":"publish","type":"post","link":"https:\/\/www.europesays.com\/es\/179318\/","title":{"rendered":"Morante de la Puebla, David de Miranda y \u2018Buenasuerte\u2019, el Toro de Oro de Garcigrande, son premiados por la Pe\u00f1a Cultural Taurina Salmantina"},"content":{"rendered":"<p class=\"paragraph-atom &#10;        A-500-300-700-N A-550-300-700-N--md  \">El diestro sevillano <strong>Morante de la Puebla<\/strong>, que hace cuatro d\u00edas anunci\u00f3 por sorpresa su <a href=\"https:\/\/www.salamanca24horas.com\/toros\/morante-puebla-corta-coleta-ventas-dia-de-la-hispanidad-12-octubre_1_2881108.html\" rel=\"nofollow noopener\" target=\"_blank\">retirada de los ruedos despu\u00e9s de cortarse el mismo la coleta en la plaza de toros de Las Ventas<\/a> tras su actuaci\u00f3n en la corrida por el D\u00eda de la Hispanidad, ha sido elegido en la noche de este mi\u00e9rcoles para ser reconocido durante la Gala Cultural Taurina, organizado por la Federaci\u00f3n de Pe\u00f1as Taurinas Helm\u00e1ntica y en colaboraci\u00f3n del Ayuntamiento de Salamanca, con el trofeo al<strong> \u2018Mejor quite art\u00edstico\u2019<\/strong>. El motivo de su elecci\u00f3n fue el quite del<strong> &#8216;Galleo del b\u00fa&#8217; <\/strong>realizado en la tarde del 21 de septiembre, un quite muy en desuso en el toreo moderno que practicaba con habitualidad Joselito El Gallo, y que el diestro sevillano desempolv\u00f3, siendo reconocido, en agradecimiento, por ello. <\/p>\n<p class=\"paragraph-atom &#10;        A-500-300-700-N A-550-300-700-N--md  \">Junto a \u00e9l se han elegido a otros dos premiados m\u00e1s, el diestro de Huelva, <strong>David de Miranda <\/strong>como el <strong>\u2018Matador de toros revelaci\u00f3n de la temporada\u2019<\/strong>, para quien tambi\u00e9n se propuso al matador de toros salmantino Ismael Mart\u00edn. El toro <strong>\u2018Buenasuerte\u2019<\/strong> de Garcigrande, tambi\u00e9n Toro de Oro 2025, fue elegido por unanimidad como el \u2018<strong>Toro m\u00e1s bravo<\/strong> de la Feria Virgen de la Vega 2025\u2019.<\/p>\n<p class=\"paragraph-atom &#10;        A-500-300-700-N A-550-300-700-N--md  \">Los tres trofeos forman parte de los premios concedidos por la<strong> Pe\u00f1a Cultura Taurina Salmantina<\/strong>, que en esta ocasi\u00f3n han sido deliberados por los siguientes miembros del jurado: Bernardino Basas (presidente de la Pe\u00f1a Taurina Salmantina), Jos\u00e9 Enrique N\u00fa\u00f1ez (secretario), Luciano S\u00e1nchez (ex presidente de la Federaci\u00f3n de Pe\u00f1as Taurinas), Natalia Recio, Eva Rodr\u00edguez Espioja, Francisco Ca\u00f1amero, Javier Hern\u00e1ndez, Toni S\u00e1nchez y Ver\u00f3nica Tapia.<\/p>\n<p class=\"paragraph-atom &#10;        A-500-300-700-N A-550-300-700-N--md  \">Los galardones ser\u00e1n entregados durante el pr\u00f3ximo mes de noviembre.<\/p>\n","protected":false},"excerpt":{"rendered":"El diestro sevillano Morante de la Puebla, que hace cuatro d\u00edas anunci\u00f3 por sorpresa su retirada de los&hellip;\n","protected":false},"author":2,"featured_media":179319,"comment_status":"","ping_status":"","sticky":false,"template":"","format":"standard","meta":{"footnotes":""},"categories":[277],"tags":[39074,373,2429,168,25,24,9126,780,781,23,167,374],"class_list":{"0":"post-179318","1":"post","2":"type-post","3":"status-publish","4":"format-standard","5":"has-post-thumbnail","7":"category-toreo","8":"tag-buenasuerte","9":"tag-bullfighting","10":"tag-david","11":"tag-deportes","12":"tag-es","13":"tag-espana","14":"tag-miranda","15":"tag-morante","16":"tag-puebla","17":"tag-spain","18":"tag-sports","19":"tag-toreo"},"share_on_mastodon":{"url":"","error":""},"_links":{"self":[{"href":"https:\/\/www.europesays.com\/es\/wp-json\/wp\/v2\/posts\/179318","targetHints":{"allow":["GET"]}}],"collection":[{"href":"https:\/\/www.europesays.com\/es\/wp-json\/wp\/v2\/posts"}],"about":[{"href":"https:\/\/www.europesays.com\/es\/wp-json\/wp\/v2\/types\/post"}],"author":[{"embeddable":true,"href":"https:\/\/www.europesays.com\/es\/wp-json\/wp\/v2\/users\/2"}],"replies":[{"embeddable":true,"href":"https:\/\/www.europesays.com\/es\/wp-json\/wp\/v2\/comments?post=179318"}],"version-history":[{"count":0,"href":"https:\/\/www.europesays.com\/es\/wp-json\/wp\/v2\/posts\/179318\/revisions"}],"wp:featuredmedia":[{"embeddable":true,"href":"https:\/\/www.europesays.com\/es\/wp-json\/wp\/v2\/media\/179319"}],"wp:attachment":[{"href":"https:\/\/www.europesays.com\/es\/wp-json\/wp\/v2\/media?parent=179318"}],"wp:term":[{"taxonomy":"category","embeddable":true,"href":"https:\/\/www.europesays.com\/es\/wp-json\/wp\/v2\/categories?post=179318"},{"taxonomy":"post_tag","embeddable":true,"href":"https:\/\/www.europesays.com\/es\/wp-json\/wp\/v2\/tags?post=179318"}],"curies":[{"name":"wp","href":"https:\/\/api.w.org\/{rel}","templated":true}]}}