{"id":179324,"date":"2025-10-15T21:50:09","date_gmt":"2025-10-15T21:50:09","guid":{"rendered":"https:\/\/www.europesays.com\/es\/179324\/"},"modified":"2025-10-15T21:50:09","modified_gmt":"2025-10-15T21:50:09","slug":"lesion-muscular-de-forrest-sin-jugar-en-la-segunda-parte","status":"publish","type":"post","link":"https:\/\/www.europesays.com\/es\/179324\/","title":{"rendered":"Lesi\u00f3n muscular de Forrest, sin jugar en la segunda parte"},"content":{"rendered":"<p><a class=\"v-mdl-ath__fig-a\" href=\"https:\/\/www.elcorreo.com\/autor\/ivan-benito-4702.html\" title=\"Iv\u00e1n Benito\" rel=\"nofollow noopener\" target=\"_blank\"><br \/>\n<img decoding=\"async\" class=\"v-mdl-ath__img\" src=\"https:\/\/www.europesays.com\/es\/wp-content\/uploads\/2025\/09\/1759052531_106_autor-4702-foto-1.jpeg\" alt=\"Iv\u00e1n Benito\"\/><br \/>\n<\/a><\/p>\n<p class=\"v-mdl-ath__p v-mdl-ath__p--6\">\nMi\u00e9rcoles, 15 de octubre 2025, 22:22<\/p>\n<p>| Actualizado 22:39h.<\/p>\n<p class=\"v-p\">El Baskonia vuelve a tener integrantes en la enfermer\u00eda en la peor semana posible, con tres partidos en cinco d\u00edas. Rodions Kurucs volvi\u00f3 a ella en el choque ante el Real Madrid y Trent Forrest se ha sumado este mi\u00e9rcoles en Par\u00eds. El base estadounidense ha ca\u00eddo lesionado en la \u00faltima acci\u00f3n de la primera parte. El timonel peleaba por el rebote tras un triple errado por Sedekerskis y notaba un tir\u00f3n en la parte de atr\u00e1s del muslo de la pierna izquierda.<\/p>\n<p class=\"v-p\">Forrest se qued\u00f3 dolorido en el suelo y, pese a que pudo irse al vestuario por su propio pie, necesit\u00f3 la ayuda de los fisios del club. \u00abPerdemos a Forrest para la segunda parte\u00bb, confirmaba Galbiati en los micr\u00f3fonos de la Euroliga antes del inicio del tercer cuarto. El director de juego, junto a Cabarrot, la gran referencia azulgrana en este inicio de curso, con un papel estelar ante el Real Madrid, se qued\u00f3 sin minutos en la segunda parte. Con el ch\u00e1ndal puesto a la espera de las pruebas que se le realicen este jueves de vuelta a Vitoria.<\/p>\n<p class=\"v-p\">Adem\u00e1s, Howard tampoco jug\u00f3, entre las molestias en un dedo de la mano y su mal concurso en la primera mitad (0 de 5 en triples) y Kurucs se qued\u00f3 ayer en Vitoria para tratar sus molestias en la planta del pie. El club descart\u00f3 una lesi\u00f3n de gravedad en una zona que le oblig\u00f3 a perderse el Eurobasket, la pretemporada y los tres primeros partidos de la temporada. Ausente tambi\u00e9n ante los parisinos, no es segura su presencia ante el viernes ante el Partizan. El domingo, los de Galbiati visitan Granada.<\/p>\n<p>Reporta un error<\/p>\n","protected":false},"excerpt":{"rendered":"Mi\u00e9rcoles, 15 de octubre 2025, 22:22 | Actualizado 22:39h. El Baskonia vuelve a tener integrantes en la enfermer\u00eda&hellip;\n","protected":false},"author":2,"featured_media":179325,"comment_status":"","ping_status":"","sticky":false,"template":"","format":"standard","meta":{"footnotes":""},"categories":[269],"tags":[299,298,168,25,24,26983,7532,8252,14988,863,3745,23,167],"class_list":{"0":"post-179324","1":"post","2":"type-post","3":"status-publish","4":"format-standard","5":"has-post-thumbnail","7":"category-baloncesto","8":"tag-baloncesto","9":"tag-basketball","10":"tag-deportes","11":"tag-es","12":"tag-espana","13":"tag-forrest","14":"tag-jugar","15":"tag-lesion","16":"tag-muscular","17":"tag-parte","18":"tag-segunda","19":"tag-spain","20":"tag-sports"},"share_on_mastodon":{"url":"","error":""},"_links":{"self":[{"href":"https:\/\/www.europesays.com\/es\/wp-json\/wp\/v2\/posts\/179324","targetHints":{"allow":["GET"]}}],"collection":[{"href":"https:\/\/www.europesays.com\/es\/wp-json\/wp\/v2\/posts"}],"about":[{"href":"https:\/\/www.europesays.com\/es\/wp-json\/wp\/v2\/types\/post"}],"author":[{"embeddable":true,"href":"https:\/\/www.europesays.com\/es\/wp-json\/wp\/v2\/users\/2"}],"replies":[{"embeddable":true,"href":"https:\/\/www.europesays.com\/es\/wp-json\/wp\/v2\/comments?post=179324"}],"version-history":[{"count":0,"href":"https:\/\/www.europesays.com\/es\/wp-json\/wp\/v2\/posts\/179324\/revisions"}],"wp:featuredmedia":[{"embeddable":true,"href":"https:\/\/www.europesays.com\/es\/wp-json\/wp\/v2\/media\/179325"}],"wp:attachment":[{"href":"https:\/\/www.europesays.com\/es\/wp-json\/wp\/v2\/media?parent=179324"}],"wp:term":[{"taxonomy":"category","embeddable":true,"href":"https:\/\/www.europesays.com\/es\/wp-json\/wp\/v2\/categories?post=179324"},{"taxonomy":"post_tag","embeddable":true,"href":"https:\/\/www.europesays.com\/es\/wp-json\/wp\/v2\/tags?post=179324"}],"curies":[{"name":"wp","href":"https:\/\/api.w.org\/{rel}","templated":true}]}}